{"id":608063,"date":"2025-04-07T00:52:59","date_gmt":"2025-04-07T04:52:59","guid":{"rendered":"https:\/\/diariodominicano.com\/?p=608063"},"modified":"2025-04-07T00:53:02","modified_gmt":"2025-04-07T04:53:02","slug":"chile-celebra-80-anos-del-premio-nobel-a-gabriela-mistral-foto","status":"publish","type":"post","link":"https:\/\/diariodominicano.com\/?p=608063","title":{"rendered":"Chile celebra 80 a\u00f1os del Premio Nobel a Gabriela Mistral (+Foto)"},"content":{"rendered":"\n<p>Santiago de Chile, 7 abr (Prensa Latina) Los chilenos comenzar\u00e1n hoy las actividades para conmemorar los 80 a\u00f1os de la entrega del Premio Nobel de Literatura a la poetisa Gabriela Mistral, con jornadas dedicadas a recordar su legado como escritora y pedagoga.<\/p>\n\n\n\n<ul class=\"wp-block-list\">\n<li><a href=\"https:\/\/www.prensa-latina.cu\/2025\/04\/07\/\"><time>abril 7, 2025 | 00:08<\/time><\/a><\/li>\n<\/ul>\n\n\n\n<ul class=\"wp-block-list\">\n<li><a href=\"https:\/\/www.prensa-latina.cu\/2025\/04\/07\/chile-celebra-80-anos-del-premio-nobel-a-gabriela-mistral\/#\"><\/a><\/li>\n\n\n\n<li><a href=\"https:\/\/www.prensa-latina.cu\/2025\/04\/07\/chile-celebra-80-anos-del-premio-nobel-a-gabriela-mistral\/#\"><\/a><\/li>\n\n\n\n<li><a href=\"https:\/\/www.prensa-latina.cu\/2025\/04\/07\/chile-celebra-80-anos-del-premio-nobel-a-gabriela-mistral\/#\"><\/a><\/li>\n\n\n\n<li><a href=\"https:\/\/www.prensa-latina.cu\/2025\/04\/07\/chile-celebra-80-anos-del-premio-nobel-a-gabriela-mistral\/#\"><\/a><\/li>\n<\/ul>\n\n\n\n<p>Las celebraciones se inician este lunes, al cumplirse 136 a\u00f1os de su natalicio, y tambi\u00e9n tienen como objetivo destacar su lucha por la equidad de g\u00e9nero y los derechos humanos, sin dejar de lado su \u00e1mbito m\u00e1s humano, pol\u00edtico y personal, se\u00f1al\u00f3 el Ministerio de las Culturas.<\/p>\n\n\n\n<p>Lucila de Mar\u00eda Godoy Alcayaga, nombre con el que fue bautizada, naci\u00f3 el 7 de abril de 1889 en Vicu\u00f1a, ciudad situada en el Valle del Elqui, de la regi\u00f3n norte\u00f1a de Coquimbo.<\/p>\n\n\n\n<p>Por eso, la plaza Gabriela Mistral en esa comuna ser\u00e1 el epicentro de las celebraciones con un acto donde se espera la presencia de la ministra Carolina Arredondo.<\/p>\n\n\n\n<figure class=\"wp-block-image\"><img decoding=\"async\" src=\"https:\/\/www.prensa-latina.cu\/wp-content\/uploads\/2025\/04\/Gabriela-Mistral-7-abril.jpg\" alt=\"\" class=\"wp-image-1548257\"\/><\/figure>\n\n\n\n<p>Tambi\u00e9n se desarrollar\u00e1 el seminario \u201cLa Patria Chiquita en la Obra Mistraliana\u201d y una exposici\u00f3n titulada \u201cPo\u00e9tica Visual: Las Letras de Mistral en el Arte\u201d.<\/p>\n\n\n\n<p>En Atacama se celebrar\u00e1n las Rondas de Gabriela que buscan promover en los m\u00e1s peque\u00f1os el gusto por la lectura, y tambi\u00e9n tendr\u00e1n lugar el lanzamiento del concurso Colibr\u00ed, la exhibici\u00f3n de pel\u00edculas, seminarios, presentaciones de libros, lecturas de poes\u00edas y talleres de escritura.<\/p>\n\n\n\n<p>Gabriela siempre tuvo un amor especial hacia los ni\u00f1os y escribi\u00f3 muchos poemas para ellos, algunos de los cuales fueron musicalizados, como \u201cEn donde tejemos la ronda\u201d y \u201cDame la mano y danzaremos\u201d.<\/p>\n\n\n\n<p>Ella trabaj\u00f3 como maestra en distintas escuelas de Traigu\u00e9n, Punta Arenas, Antofagasta y Temuco, y en 1922 viaj\u00f3 a M\u00e9xico invitada por el ministro de Educaci\u00f3n, Jos\u00e9 Vasconcelos, para colaborar en la reforma de la ense\u00f1anza y en la creaci\u00f3n de bibliotecas populares en ese pa\u00eds.<\/p>\n\n\n\n<p>Sus progresos en la docencia corrieron de manera paralela a su producci\u00f3n po\u00e9tica y cuando ten\u00eda 25 a\u00f1os gan\u00f3 los Juegos Florales de Santiago con los Sonetos de la Muerte.<\/p>\n\n\n\n<p>En 1922 public\u00f3 en Nueva York el libro Desolaci\u00f3n; en 1924 vio la luz en M\u00e9xico el t\u00edtulo Lecturas para Mujeres y en Espa\u00f1a la primera versi\u00f3n de Ternura, y 14 a\u00f1os m\u00e1s tarde se edit\u00f3 en Buenos Aires la obra Tala, dedicada a los ni\u00f1os espa\u00f1oles v\u00edctimas de la guerra civil.<\/p>\n\n\n\n<p>Otras de sus obras famosas son Motivos de San Francisco, Poema de Chile, Poema a las Madres y Lagar.<\/p>\n\n\n\n<p>A finales de la d\u00e9cada de 1930, c\u00edrculos literarios de diversos pa\u00edses comenzaron a promoverla para el Nobel de Literatura, galard\u00f3n que obtuvo en 1945. Seis a\u00f1os despu\u00e9s se le otorg\u00f3 en Chile el Premio Nacional de Literatura.<\/p>\n\n\n\n<p>Los actos se extender\u00e1n hasta el 10 de diciembre, fecha en que la Academia Sueca le concedi\u00f3 la distinci\u00f3n en reconocimiento a \u201csu obra l\u00edrica que, inspirada en poderosas emociones, ha convertido su nombre en un s\u00edmbolo de las aspiraciones idealistas de todo el mundo latinoamericano\u201d.<\/p>\n\n\n\n<p>npg\/car<\/p>\n","protected":false},"excerpt":{"rendered":"<p>Santiago de Chile, 7 abr (Prensa Latina) Los chilenos comenzar\u00e1n hoy las actividades para conmemorar los 80 a\u00f1os de la entrega del Premio Nobel de Literatura a la poetisa Gabriela Mistral, con jornadas dedicadas a recordar su legado como escritora y pedagoga. Las celebraciones se inician este lunes, al cumplirse 136 a\u00f1os de su natalicio, [&hellip;]<\/p>\n","protected":false},"author":2,"featured_media":608064,"comment_status":"closed","ping_status":"closed","sticky":false,"template":"","format":"standard","meta":{"footnotes":""},"categories":[21,26],"tags":[],"class_list":["post-608063","post","type-post","status-publish","format-standard","has-post-thumbnail","hentry","category-cultura","category-efemerides"],"_links":{"self":[{"href":"https:\/\/diariodominicano.com\/index.php?rest_route=\/wp\/v2\/posts\/608063","targetHints":{"allow":["GET"]}}],"collection":[{"href":"https:\/\/diariodominicano.com\/index.php?rest_route=\/wp\/v2\/posts"}],"about":[{"href":"https:\/\/diariodominicano.com\/index.php?rest_route=\/wp\/v2\/types\/post"}],"author":[{"embeddable":true,"href":"https:\/\/diariodominicano.com\/index.php?rest_route=\/wp\/v2\/users\/2"}],"replies":[{"embeddable":true,"href":"https:\/\/diariodominicano.com\/index.php?rest_route=%2Fwp%2Fv2%2Fcomments&post=608063"}],"version-history":[{"count":1,"href":"https:\/\/diariodominicano.com\/index.php?rest_route=\/wp\/v2\/posts\/608063\/revisions"}],"predecessor-version":[{"id":608065,"href":"https:\/\/diariodominicano.com\/index.php?rest_route=\/wp\/v2\/posts\/608063\/revisions\/608065"}],"wp:featuredmedia":[{"embeddable":true,"href":"https:\/\/diariodominicano.com\/index.php?rest_route=\/wp\/v2\/media\/608064"}],"wp:attachment":[{"href":"https:\/\/diariodominicano.com\/index.php?rest_route=%2Fwp%2Fv2%2Fmedia&parent=608063"}],"wp:term":[{"taxonomy":"category","embeddable":true,"href":"https:\/\/diariodominicano.com\/index.php?rest_route=%2Fwp%2Fv2%2Fcategories&post=608063"},{"taxonomy":"post_tag","embeddable":true,"href":"https:\/\/diariodominicano.com\/index.php?rest_route=%2Fwp%2Fv2%2Ftags&post=608063"}],"curies":[{"name":"wp","href":"https:\/\/api.w.org\/{rel}","templated":true}]}}