{"id":607996,"date":"2025-04-07T02:27:39","date_gmt":"2025-04-07T06:27:39","guid":{"rendered":"https:\/\/diariodominicano.com\/?p=607996"},"modified":"2025-04-07T02:27:41","modified_gmt":"2025-04-07T06:27:41","slug":"ismael-reyes-sobre-aranceles-el-momento-exige-proteger-con-madurez-institucional-el-esfuerzo-de-dominicanos-que-exportan-producen-y-emprenden","status":"publish","type":"post","link":"https:\/\/diariodominicano.com\/?p=607996","title":{"rendered":"Ismael Reyes sobre aranceles \u201cEl momento exige proteger con madurez institucional el esfuerzo de dominicanos que exportan, producen y emprenden\u201d"},"content":{"rendered":"\n<p>El presidente del Partido Dem\u00f3crata Institucional (PDI) y diputado al Parlamento Centroamericano, Ismael Reyes, se pronunci\u00f3 este domingo sobre la imposici\u00f3n de nuevos aranceles por parte del gobierno de Estados Unidos a productos dominicanos, afirmando que \u201cla respuesta del pa\u00eds debe ser firme, estrat\u00e9gica y sin improvisaciones\u201d.<\/p>\n\n\n\n<p>\u201cEl momento exige madurez institucional. Se trata de pensar mejor, actuar mejor y proteger con inteligencia el esfuerzo de miles de dominicanos que exportan, producen y emprenden todos los d\u00edas\u201d, expres\u00f3 Reyes.<\/p>\n\n\n\n<figure class=\"wp-block-image\"><img decoding=\"async\" src=\"https:\/\/diariodominicano.com\/wp-content\/uploads\/2025\/04\/Ismael-Reyes-sobre-aranceles-El-momento-exige-proteger-con-madurez-institucional-el-esfuerzo-de-dominicanos-que-exportan-producen-y-emprenden-2-1024x726.jpeg\" alt=\"\"\/><\/figure>\n\n\n\n<p>El l\u00edder del PDI record\u00f3 que la Rep\u00fablica Dominicana es firmante del DR-CAFTA, y que cualquier medida unilateral que afecte el comercio debe ser evaluada con rigurosidad diplom\u00e1tica y legal. \u201cHemos estado cerca del poder y tambi\u00e9n en la oposici\u00f3n. Esa experiencia nos permite saber que la defensa de nuestra econom\u00eda comienza por respetarnos como pa\u00eds y por apostar al talento y la capacidad de nuestra gente\u201d, agreg\u00f3.<\/p>\n\n\n\n<p>Reyes consider\u00f3 que los nuevos aranceles deben motivar una pol\u00edtica comercial m\u00e1s audaz y menos dependiente. \u201cEste pa\u00eds tiene con qu\u00e9 tenemos zonas francas con talento, agroindustria con calidad, y empresarios con visi\u00f3n. Lo que falta no es capacidad, es direcci\u00f3n. Y eso es precisamente lo que el PDI propone\u201d.<\/p>\n\n\n\n<p>Asimismo, llam\u00f3 a diversificar los mercados internacionales y a fortalecer el mercado interno con pol\u00edticas que premien el trabajo, la productividad y la innovaci\u00f3n. \u201cNo venimos a prometer milagros, venimos a aprovechar nuestras fortalezas. Soberan\u00eda tambi\u00e9n es saber negociar, planificar y construir con m\u00e9todo\u201d.<\/p>\n\n\n\n<p>El presidente del PDI concluy\u00f3 con una convocatoria abierta a los sectores productivos, acad\u00e9micos y empresariales para construir juntos una pol\u00edtica econ\u00f3mica que est\u00e9 a la altura del pa\u00eds que merecemos.<\/p>\n\n\n\n<p>Carmen Estevez estevezc119@gmail.com<\/p>\n","protected":false},"excerpt":{"rendered":"<p>El presidente del Partido Dem\u00f3crata Institucional (PDI) y diputado al Parlamento Centroamericano, Ismael Reyes, se pronunci\u00f3 este domingo sobre la imposici\u00f3n de nuevos aranceles por parte del gobierno de Estados Unidos a productos dominicanos, afirmando que \u201cla respuesta del pa\u00eds debe ser firme, estrat\u00e9gica y sin improvisaciones\u201d. \u201cEl momento exige madurez institucional. Se trata de [&hellip;]<\/p>\n","protected":false},"author":7,"featured_media":608128,"comment_status":"closed","ping_status":"closed","sticky":false,"template":"","format":"standard","meta":{"footnotes":""},"categories":[18],"tags":[2199],"class_list":["post-607996","post","type-post","status-publish","format-standard","has-post-thumbnail","hentry","category-economia","tag-ismael-reyes"],"_links":{"self":[{"href":"https:\/\/diariodominicano.com\/index.php?rest_route=\/wp\/v2\/posts\/607996","targetHints":{"allow":["GET"]}}],"collection":[{"href":"https:\/\/diariodominicano.com\/index.php?rest_route=\/wp\/v2\/posts"}],"about":[{"href":"https:\/\/diariodominicano.com\/index.php?rest_route=\/wp\/v2\/types\/post"}],"author":[{"embeddable":true,"href":"https:\/\/diariodominicano.com\/index.php?rest_route=\/wp\/v2\/users\/7"}],"replies":[{"embeddable":true,"href":"https:\/\/diariodominicano.com\/index.php?rest_route=%2Fwp%2Fv2%2Fcomments&post=607996"}],"version-history":[{"count":1,"href":"https:\/\/diariodominicano.com\/index.php?rest_route=\/wp\/v2\/posts\/607996\/revisions"}],"predecessor-version":[{"id":608130,"href":"https:\/\/diariodominicano.com\/index.php?rest_route=\/wp\/v2\/posts\/607996\/revisions\/608130"}],"wp:featuredmedia":[{"embeddable":true,"href":"https:\/\/diariodominicano.com\/index.php?rest_route=\/wp\/v2\/media\/608128"}],"wp:attachment":[{"href":"https:\/\/diariodominicano.com\/index.php?rest_route=%2Fwp%2Fv2%2Fmedia&parent=607996"}],"wp:term":[{"taxonomy":"category","embeddable":true,"href":"https:\/\/diariodominicano.com\/index.php?rest_route=%2Fwp%2Fv2%2Fcategories&post=607996"},{"taxonomy":"post_tag","embeddable":true,"href":"https:\/\/diariodominicano.com\/index.php?rest_route=%2Fwp%2Fv2%2Ftags&post=607996"}],"curies":[{"name":"wp","href":"https:\/\/api.w.org\/{rel}","templated":true}]}}