{"id":607939,"date":"2025-04-06T00:49:22","date_gmt":"2025-04-06T04:49:22","guid":{"rendered":"https:\/\/diariodominicano.com\/?p=607939"},"modified":"2025-04-06T01:28:45","modified_gmt":"2025-04-06T05:28:45","slug":"violencia-haiti-exacerba-discurso-ultranacionalistas","status":"publish","type":"post","link":"https:\/\/diariodominicano.com\/?p=607939","title":{"rendered":"Violencia Hait\u00ed exacerba discurso ultranacionalistas"},"content":{"rendered":"\n<p>Por Rafael M\u00e9ndez <\/p>\n\n\n\n<p>La violencia y el deterioro institucional en Hait\u00ed se han convertido en un factor decisivo que repercute en la sociedad dominicana, generando un ambiente de tensi\u00f3n y polarizaci\u00f3n. En un contexto donde la historia y la memoria colectiva est\u00e1n marcadas por episodios oscuros, las im\u00e1genes de caos y desesperaci\u00f3n al otro lado de la frontera reavivan viejos temores y alimentan discursos excluyentes que, lejos de ofrecer soluciones, profundizan la divisi\u00f3n social.<\/p>\n\n\n\n<p>Ante esta coyuntura, la Rep\u00fablica Dominicana se enfrenta a una encrucijada: por un lado, el riesgo de caer en narrativas simplistas y peligrosas, y por el otro, la oportunidad de transformar el debate p\u00fablico hacia un enfoque m\u00e1s humano y solidario. Es en este escenario donde los discursos ultranacionalistas, amplificados por las redes y algunos actores pol\u00edticos, se presentan como una respuesta emocional que recuerda, sin quererlo, episodios como la Masacre de 1937, poniendo en tela de juicio la capacidad del pa\u00eds para aprender de su pasado.<\/p>\n\n\n\n<p>El legado hist\u00f3rico del ultranacionalismo.<\/p>\n\n\n\n<p>La historia dominicana est\u00e1 marcada por episodios en los que el ultranacionalismo se manifest\u00f3 de forma violenta y excluyente. Durante la dictadura de Trujillo, se instaur\u00f3 una pol\u00edtica de odio que culmin\u00f3 en la Masacre del Perejil, donde la diferencia \u00e9tnica se utiliz\u00f3 para justificar actos atroces en contra de los haitianos. Este episodio no solo dej\u00f3 una herida profunda en la memoria colectiva, sino que tambi\u00e9n estableci\u00f3 un precedente sobre c\u00f3mo se pueden manipular las identidades nacionales para legitimar la violencia.<\/p>\n\n\n\n<p>Con el paso de los a\u00f1os, y en per\u00edodos posteriores como el gobierno de Joaqu\u00edn Balaguer, las pol\u00edticas de control migratorio y los discursos excluyentes se mantuvieron latentes. Aunque los m\u00e9todos y la ret\u00f3rica han cambiado, la sombra de un pasado de intolerancia contin\u00faa influyendo en el presente. La utilizaci\u00f3n de episodios hist\u00f3ricos para justificar el rechazo a los inmigrantes se reconfigura en discursos que, en el contexto actual, encuentran en la crisis haitiana un nuevo impulso para su difusi\u00f3n.<\/p>\n\n\n\n<p>El impacto de la era digital en la propagaci\u00f3n de discursos<\/p>\n\n\n\n<p>Las nuevas tecnolog\u00edas y las redes sociales han transformado la manera en que se difunden las ideas y se configuran las opiniones p\u00fablicas. En el caso del discurso ultranacionalista, las plataformas digitales han permitido que mensajes de odio y exclusi\u00f3n se propaguen con mayor rapidez y alcance, desafiando los mecanismos tradicionales de control y verificaci\u00f3n informativa.<\/p>\n\n\n\n<p>Esta nueva din\u00e1mica digital no solo intensifica la polarizaci\u00f3n, sino que tambi\u00e9n facilita la normalizaci\u00f3n de actitudes que hist\u00f3ricamente han tenido consecuencias devastadoras. Al presentarse en formatos accesibles y virales, estas narrativas simplificadas transforman la complejidad de la crisis en argumentos emocionales, desprovistos de an\u00e1lisis profundo, que refuerzan estereotipos y alimentan la desconfianza hacia el otro.<\/p>\n\n\n\n<p>Desaf\u00edos contempor\u00e1neos y la b\u00fasqueda de soluciones inclusivas<\/p>\n\n\n\n<p>La situaci\u00f3n actual exige una reflexi\u00f3n profunda sobre las ra\u00edces del rechazo y la hostilidad que se han observado en la sociedad dominicana. Es fundamental reconocer que, si bien la migraci\u00f3n requiere regulaciones que garanticen la seguridad y el orden, estas no deben transformar el debate en un terreno f\u00e9rtil para el discurso de odio. La crisis en Hait\u00ed demanda respuestas coordinadas y humanitarias, que consideren tanto la dignidad de los migrantes como la seguridad y estabilidad de la comunidad local.<\/p>\n\n\n\n<p>Frente a este escenario, es imperativo que los actores pol\u00edticos y sociales impulsen un debate basado en el an\u00e1lisis riguroso de los hechos y la b\u00fasqueda de soluciones multilaterales. La inclusi\u00f3n y la solidaridad deben ser los pilares sobre los cuales se construya una pol\u00edtica migratoria que reconozca la diversidad como una fortaleza y no como un riesgo. Solo mediante el di\u00e1logo y la cooperaci\u00f3n se podr\u00e1n evitar las tragedias del pasado y construir un futuro de paz y convivencia.<\/p>\n\n\n\n<p>Hacia una identidad nacional renovada<\/p>\n\n\n\n<p>El reto para la Rep\u00fablica Dominicana es trascender las viejas narrativas y construir una identidad nacional que integre la diversidad como elemento enriquecedor. Este proceso implica reconocer la complejidad de la crisis haitiana y sus m\u00faltiples dimensiones, evitando reduccionismos que conduzcan a la exclusi\u00f3n. La historia, con todos sus episodios dolorosos, puede servir como una lecci\u00f3n para fomentar una convivencia basada en el respeto mutuo y la solidaridad.<\/p>\n\n\n\n<p>En este sentido, es necesario promover iniciativas y pol\u00edticas p\u00fablicas que incentiven la integraci\u00f3n, la educaci\u00f3n intercultural y el di\u00e1logo entre comunidades. La transformaci\u00f3n del discurso p\u00fablico pasa por la construcci\u00f3n de espacios en los que se aborden los temores y prejuicios de forma constructiva, reconociendo que la seguridad y el desarrollo social se fortalecen en sociedades inclusivas y pluralistas.<\/p>\n\n\n\n<p>Hoy, la sociedad dominicana enfrenta una encrucijada decisiva: ceder a la tentaci\u00f3n de repetir errores del pasado o construir una comunidad donde la diversidad se vea como fortaleza, no como amenaza.<\/p>\n\n\n\n<p><strong>Ohelmis Sanchez<\/strong>\u00a0&lt;ohelmiselfarodelsurde@gmail.com> <\/p>\n","protected":false},"excerpt":{"rendered":"<p>Por Rafael M\u00e9ndez La violencia y el deterioro institucional en Hait\u00ed se han convertido en un factor decisivo que repercute en la sociedad dominicana, generando un ambiente de tensi\u00f3n y polarizaci\u00f3n. En un contexto donde la historia y la memoria colectiva est\u00e1n marcadas por episodios oscuros, las im\u00e1genes de caos y desesperaci\u00f3n al otro lado [&hellip;]<\/p>\n","protected":false},"author":7,"featured_media":607953,"comment_status":"closed","ping_status":"closed","sticky":false,"template":"","format":"standard","meta":{"footnotes":""},"categories":[16],"tags":[178],"class_list":["post-607939","post","type-post","status-publish","format-standard","has-post-thumbnail","hentry","category-opiniones","tag-rafael-mendez"],"_links":{"self":[{"href":"https:\/\/diariodominicano.com\/index.php?rest_route=\/wp\/v2\/posts\/607939","targetHints":{"allow":["GET"]}}],"collection":[{"href":"https:\/\/diariodominicano.com\/index.php?rest_route=\/wp\/v2\/posts"}],"about":[{"href":"https:\/\/diariodominicano.com\/index.php?rest_route=\/wp\/v2\/types\/post"}],"author":[{"embeddable":true,"href":"https:\/\/diariodominicano.com\/index.php?rest_route=\/wp\/v2\/users\/7"}],"replies":[{"embeddable":true,"href":"https:\/\/diariodominicano.com\/index.php?rest_route=%2Fwp%2Fv2%2Fcomments&post=607939"}],"version-history":[{"count":1,"href":"https:\/\/diariodominicano.com\/index.php?rest_route=\/wp\/v2\/posts\/607939\/revisions"}],"predecessor-version":[{"id":607946,"href":"https:\/\/diariodominicano.com\/index.php?rest_route=\/wp\/v2\/posts\/607939\/revisions\/607946"}],"wp:featuredmedia":[{"embeddable":true,"href":"https:\/\/diariodominicano.com\/index.php?rest_route=\/wp\/v2\/media\/607953"}],"wp:attachment":[{"href":"https:\/\/diariodominicano.com\/index.php?rest_route=%2Fwp%2Fv2%2Fmedia&parent=607939"}],"wp:term":[{"taxonomy":"category","embeddable":true,"href":"https:\/\/diariodominicano.com\/index.php?rest_route=%2Fwp%2Fv2%2Fcategories&post=607939"},{"taxonomy":"post_tag","embeddable":true,"href":"https:\/\/diariodominicano.com\/index.php?rest_route=%2Fwp%2Fv2%2Ftags&post=607939"}],"curies":[{"name":"wp","href":"https:\/\/api.w.org\/{rel}","templated":true}]}}