{"id":607617,"date":"2025-04-04T01:21:07","date_gmt":"2025-04-04T05:21:07","guid":{"rendered":"https:\/\/diariodominicano.com\/?p=607617"},"modified":"2025-04-04T01:21:12","modified_gmt":"2025-04-04T05:21:12","slug":"angola-conmemora-la-paz-y-medio-siglo-de-independencia","status":"publish","type":"post","link":"https:\/\/diariodominicano.com\/?p=607617","title":{"rendered":"Angola conmemora la paz y medio siglo de independencia"},"content":{"rendered":"\n<p>Luanda, 4 abr (Prensa Latina) Angola conmemora hoy el D\u00eda de la Paz y la Reconciliaci\u00f3n Nacional, una celebraci\u00f3n que este a\u00f1o rinde homenaje tambi\u00e9n a los 50 a\u00f1os de su independencia.<\/p>\n\n\n\n<ul class=\"wp-block-list\">\n<li><a href=\"https:\/\/www.prensa-latina.cu\/2025\/04\/04\/\"><time>abril 4, 2025 | 01:11<\/time><\/a><\/li>\n<\/ul>\n\n\n\n<ul class=\"wp-block-list\">\n<li><a href=\"https:\/\/www.prensa-latina.cu\/2025\/04\/04\/angola-conmemora-la-paz-y-medio-siglo-de-independencia\/#\"><\/a><\/li>\n\n\n\n<li><a href=\"https:\/\/www.prensa-latina.cu\/2025\/04\/04\/angola-conmemora-la-paz-y-medio-siglo-de-independencia\/#\"><\/a><\/li>\n\n\n\n<li><a href=\"https:\/\/www.prensa-latina.cu\/2025\/04\/04\/angola-conmemora-la-paz-y-medio-siglo-de-independencia\/#\"><\/a><\/li>\n\n\n\n<li><a href=\"https:\/\/www.prensa-latina.cu\/2025\/04\/04\/angola-conmemora-la-paz-y-medio-siglo-de-independencia\/#\"><\/a><\/li>\n<\/ul>\n\n\n\n<p>El 4 de abril del 2002 se firm\u00f3 el Memorando de Entendimiento que puso fin a la guerra civil que vivi\u00f3 el pa\u00eds por m\u00e1s de un cuarto de siglo, de ah\u00ed que la fecha sea de especial significaci\u00f3n para los angole\u00f1os.<\/p>\n\n\n\n<p>El acto central por la efem\u00e9ride tendr\u00e1 lugar en la provincia de Moxico Leste, surgida de la nueva divisi\u00f3n pol\u00edtico administrativa, y estar\u00e1 presidido por la vicepresidenta de la Rep\u00fablica, Esperan\u00e7a da Costa.<\/p>\n\n\n\n<p>Bajo el lema \u201cAngola 50 a\u00f1os: Preservar y valorar los logros alcanzados, construir un futuro mejor\u201d se realizar\u00e1 la conmemoraci\u00f3n en el municipio de Luau, adem\u00e1s de actividades en todo el territorio nacional y en las misiones diplom\u00e1ticas y consulares angole\u00f1as.<\/p>\n\n\n\n<p>En esta ocasi\u00f3n ser\u00e1n entregadas las primeras medallas conmemorativas por el medio siglo de independencia, concedidas a m\u00e1s de 240 ciudadanos angole\u00f1os, algunos post mortem, por su contribuci\u00f3n a la liberaci\u00f3n del colonialismo y a la conquista de la paz y el desarrollo del pa\u00eds.<\/p>\n\n\n\n<p>Angola vivi\u00f3 una guerra civil desde 1975 hasta el 2002, una confrontaci\u00f3n que dej\u00f3 profundas huellas en la naci\u00f3n, empe\u00f1ada en el proceso de rescate de la memoria hist\u00f3rica, y la preservaci\u00f3n de la paz y unidad nacional.<\/p>\n\n\n\n<p>El 4 de abril de 2002, la c\u00fapula militar de las Fuerzas Armadas Angole\u00f1as y las antiguas FALA, brazo armado de la Uni\u00f3n Nacional para la Independencia Total de Angola, rubricaron el Memorando de Entendimiento de Luena, complementario de los Acuerdos de Lusaka, para poner fin a esos a\u00f1os de guerra.<\/p>\n\n\n\n<p>npg\/kmg<\/p>\n\n\n\n<ul class=\"wp-block-list\">\n<li>#<a href=\"https:\/\/www.prensa-latina.cu\/etiqueta\/angola\/\">angola<\/a>\u00a0#<a href=\"https:\/\/www.prensa-latina.cu\/etiqueta\/aniversario-de-independencia\/\">aniversario de independencia<\/a><\/li>\n<\/ul>\n","protected":false},"excerpt":{"rendered":"<p>Luanda, 4 abr (Prensa Latina) Angola conmemora hoy el D\u00eda de la Paz y la Reconciliaci\u00f3n Nacional, una celebraci\u00f3n que este a\u00f1o rinde homenaje tambi\u00e9n a los 50 a\u00f1os de su independencia. El 4 de abril del 2002 se firm\u00f3 el Memorando de Entendimiento que puso fin a la guerra civil que vivi\u00f3 el pa\u00eds [&hellip;]<\/p>\n","protected":false},"author":2,"featured_media":0,"comment_status":"closed","ping_status":"closed","sticky":false,"template":"","format":"standard","meta":{"footnotes":""},"categories":[26,23],"tags":[],"class_list":["post-607617","post","type-post","status-publish","format-standard","hentry","category-efemerides","category-internacional"],"_links":{"self":[{"href":"https:\/\/diariodominicano.com\/index.php?rest_route=\/wp\/v2\/posts\/607617","targetHints":{"allow":["GET"]}}],"collection":[{"href":"https:\/\/diariodominicano.com\/index.php?rest_route=\/wp\/v2\/posts"}],"about":[{"href":"https:\/\/diariodominicano.com\/index.php?rest_route=\/wp\/v2\/types\/post"}],"author":[{"embeddable":true,"href":"https:\/\/diariodominicano.com\/index.php?rest_route=\/wp\/v2\/users\/2"}],"replies":[{"embeddable":true,"href":"https:\/\/diariodominicano.com\/index.php?rest_route=%2Fwp%2Fv2%2Fcomments&post=607617"}],"version-history":[{"count":1,"href":"https:\/\/diariodominicano.com\/index.php?rest_route=\/wp\/v2\/posts\/607617\/revisions"}],"predecessor-version":[{"id":607618,"href":"https:\/\/diariodominicano.com\/index.php?rest_route=\/wp\/v2\/posts\/607617\/revisions\/607618"}],"wp:attachment":[{"href":"https:\/\/diariodominicano.com\/index.php?rest_route=%2Fwp%2Fv2%2Fmedia&parent=607617"}],"wp:term":[{"taxonomy":"category","embeddable":true,"href":"https:\/\/diariodominicano.com\/index.php?rest_route=%2Fwp%2Fv2%2Fcategories&post=607617"},{"taxonomy":"post_tag","embeddable":true,"href":"https:\/\/diariodominicano.com\/index.php?rest_route=%2Fwp%2Fv2%2Ftags&post=607617"}],"curies":[{"name":"wp","href":"https:\/\/api.w.org\/{rel}","templated":true}]}}