{"id":607614,"date":"2025-04-04T01:19:14","date_gmt":"2025-04-04T05:19:14","guid":{"rendered":"https:\/\/diariodominicano.com\/?p=607614"},"modified":"2025-04-04T01:19:21","modified_gmt":"2025-04-04T05:19:21","slug":"vicepresidente-ruso-rinde-homenaje-en-cuba-a-fidel-castro","status":"publish","type":"post","link":"https:\/\/diariodominicano.com\/?p=607614","title":{"rendered":"Vicepresidente ruso rinde homenaje en Cuba a Fidel Castro"},"content":{"rendered":"\n<p>Santiago de Cuba, 3 abr (Prensa Latina) El vicepresidente del Gobierno de la Federaci\u00f3n de Rusia, Dmitry Nikolaevich Chernyshenko, rindi\u00f3 homenaje hoy al l\u00edder hist\u00f3rico de la Revoluci\u00f3n cubana, Fidel Castro, ante el monolito que atesora sus cenizas, en el cementerio patrimonial Santa Ifigenia.<\/p>\n\n\n\n<ul class=\"wp-block-list\">\n<li><a href=\"https:\/\/www.prensa-latina.cu\/2025\/04\/03\/\"><time>abril 3, 2025 | 13:20<\/time><\/a><\/li>\n<\/ul>\n\n\n\n<ul class=\"wp-block-list\">\n<li><a href=\"https:\/\/www.prensa-latina.cu\/2025\/04\/03\/vicepresidente-ruso-rinde-homenaje-en-cuba-a-fidel-castro\/#\"><\/a><\/li>\n\n\n\n<li><a href=\"https:\/\/www.prensa-latina.cu\/2025\/04\/03\/vicepresidente-ruso-rinde-homenaje-en-cuba-a-fidel-castro\/#\"><\/a><\/li>\n\n\n\n<li><a href=\"https:\/\/www.prensa-latina.cu\/2025\/04\/03\/vicepresidente-ruso-rinde-homenaje-en-cuba-a-fidel-castro\/#\"><\/a><\/li>\n\n\n\n<li><a href=\"https:\/\/www.prensa-latina.cu\/2025\/04\/03\/vicepresidente-ruso-rinde-homenaje-en-cuba-a-fidel-castro\/#\"><\/a><\/li>\n<\/ul>\n\n\n\n<p><a href=\"https:\/\/www.prensa-latina.cu\/2025\/04\/03\/vicepresidente-del-gobierno-de-rusia-realiza-visita-oficial-a-cuba\/\">Vicepresidente del Gobierno de Rusia realiza visita oficial a Cuba<\/a><\/p>\n\n\n\n<p>El dirigente ruso calific\u00f3 de muy simb\u00f3lico comenzar su visita oficial en el camposanto, por el encargo del presidente Vlad\u00edmir Putin, a la vez que afirm\u00f3 que su pa\u00eds siempre estar\u00e1 al lado de Cuba y le asistir\u00e1 en la defensa leg\u00edtima de su soberan\u00eda.<\/p>\n\n\n\n<p>Chernyshenko mencion\u00f3 que ambas naciones celebrar\u00e1n varias fechas importantes este a\u00f1o como: el octog\u00e9simo aniversario de la victoria en la Gran Guerra Patria, el 65 del restablecimiento de las relaciones entre Rusia y Cuba, y el 510 de la fundaci\u00f3n de la villa de Santiago de Cuba.<\/p>\n\n\n\n<p>Seg\u00fan report\u00f3 la Agencia Cubana de Noticias, el vicepresidente expres\u00f3 sentirse honrado por \u201cestar aqu\u00ed y rendir homenaje a los pr\u00f3ceres cubanos que dieron su vida por la soberan\u00eda y la felicidad de las generaciones venideras\u201d.<\/p>\n\n\n\n<p>Destac\u00f3 la importancia de recordar a los pr\u00f3ceres cubanos y formar a los j\u00f3venes con respeto y admiraci\u00f3n, \u201cpara que guarden memoria de todo lo que estas personas hicieron por el pa\u00eds\u201d.<\/p>\n\n\n\n<p>El alto funcionario coloc\u00f3 tambi\u00e9n ofrendas florales en la tumba del H\u00e9roe Nacional de Cuba, Jos\u00e9 Mart\u00ed, y en las de Mariana Grajales y Carlos Manuel de C\u00e9spedes, Madre y Padre de la Patria, respectivamente.<\/p>\n\n\n\n<p>Durante su estancia en La Habana, Chernishenko copresidir\u00e1 la XXII Sesi\u00f3n de la Comisi\u00f3n Intergubernamental Ruso-Cubana para la Colaboraci\u00f3n Econ\u00f3mico-Comercial y Cient\u00edfico-T\u00e9cnica.<\/p>\n\n\n\n<p>mem\/mks<\/p>\n\n\n\n<ul class=\"wp-block-list\">\n<li>#<a href=\"https:\/\/www.prensa-latina.cu\/etiqueta\/cuba\/\">cuba<\/a>\u00a0#<a href=\"https:\/\/www.prensa-latina.cu\/etiqueta\/rusia\/\">Rusia<\/a><\/li>\n<\/ul>\n","protected":false},"excerpt":{"rendered":"<p>Santiago de Cuba, 3 abr (Prensa Latina) El vicepresidente del Gobierno de la Federaci\u00f3n de Rusia, Dmitry Nikolaevich Chernyshenko, rindi\u00f3 homenaje hoy al l\u00edder hist\u00f3rico de la Revoluci\u00f3n cubana, Fidel Castro, ante el monolito que atesora sus cenizas, en el cementerio patrimonial Santa Ifigenia. Vicepresidente del Gobierno de Rusia realiza visita oficial a Cuba El [&hellip;]<\/p>\n","protected":false},"author":2,"featured_media":607615,"comment_status":"closed","ping_status":"closed","sticky":false,"template":"","format":"standard","meta":{"footnotes":""},"categories":[36,26,23],"tags":[],"class_list":["post-607614","post","type-post","status-publish","format-standard","has-post-thumbnail","hentry","category-hombresmujeresycosas","category-efemerides","category-internacional"],"_links":{"self":[{"href":"https:\/\/diariodominicano.com\/index.php?rest_route=\/wp\/v2\/posts\/607614","targetHints":{"allow":["GET"]}}],"collection":[{"href":"https:\/\/diariodominicano.com\/index.php?rest_route=\/wp\/v2\/posts"}],"about":[{"href":"https:\/\/diariodominicano.com\/index.php?rest_route=\/wp\/v2\/types\/post"}],"author":[{"embeddable":true,"href":"https:\/\/diariodominicano.com\/index.php?rest_route=\/wp\/v2\/users\/2"}],"replies":[{"embeddable":true,"href":"https:\/\/diariodominicano.com\/index.php?rest_route=%2Fwp%2Fv2%2Fcomments&post=607614"}],"version-history":[{"count":1,"href":"https:\/\/diariodominicano.com\/index.php?rest_route=\/wp\/v2\/posts\/607614\/revisions"}],"predecessor-version":[{"id":607616,"href":"https:\/\/diariodominicano.com\/index.php?rest_route=\/wp\/v2\/posts\/607614\/revisions\/607616"}],"wp:featuredmedia":[{"embeddable":true,"href":"https:\/\/diariodominicano.com\/index.php?rest_route=\/wp\/v2\/media\/607615"}],"wp:attachment":[{"href":"https:\/\/diariodominicano.com\/index.php?rest_route=%2Fwp%2Fv2%2Fmedia&parent=607614"}],"wp:term":[{"taxonomy":"category","embeddable":true,"href":"https:\/\/diariodominicano.com\/index.php?rest_route=%2Fwp%2Fv2%2Fcategories&post=607614"},{"taxonomy":"post_tag","embeddable":true,"href":"https:\/\/diariodominicano.com\/index.php?rest_route=%2Fwp%2Fv2%2Ftags&post=607614"}],"curies":[{"name":"wp","href":"https:\/\/api.w.org\/{rel}","templated":true}]}}