{"id":607469,"date":"2025-04-03T16:44:25","date_gmt":"2025-04-03T20:44:25","guid":{"rendered":"https:\/\/diariodominicano.com\/?p=607469"},"modified":"2025-04-03T16:44:27","modified_gmt":"2025-04-03T20:44:27","slug":"cepm-y-superate-firman-acuerdo-para-implementar-el-subsidio-bonoluz","status":"publish","type":"post","link":"https:\/\/diariodominicano.com\/?p=607469","title":{"rendered":"CEPM y Sup\u00e9rate firman acuerdo para implementar el subsidio Bonoluz"},"content":{"rendered":"\n<p><em>La alianza permitir\u00e1 que m\u00e1s de mil familias en situaci\u00f3n de vulnerabilidad en la zona este reciban un apoyo econ\u00f3mico del Gobierno para complementar el pago de su servicio el\u00e9ctrico.<\/em><\/p>\n\n\n\n<p><strong>B\u00e1varo, 2 de abril de 2025<\/strong>&nbsp;En su compromiso con el bienestar social y la inclusi\u00f3n, el Consorcio Energ\u00e9tico Punta Cana \u2013 Macao (CEPM) y el programa gubernamental Sup\u00e9rate firmaron un acuerdo de colaboraci\u00f3n para implementar el subsidio Bonoluz en la zona de concesi\u00f3n de la empresa, con el objetivo de brindar un apoyo econ\u00f3mico a familias en situaci\u00f3n de vulnerabilidad para el pago de su servicio el\u00e9ctrico.<\/p>\n\n\n\n<p>Se estima que m\u00e1s de 1,000 familias ser\u00e1n beneficiadas a trav\u00e9s de esta iniciativa, permiti\u00e9ndoles complementar sus recursos para el pago del servicio de energ\u00eda el\u00e9ctrica. Este apoyo econ\u00f3mico se aplicar\u00e1 tanto para clientes pospago como prepago de CEPM, beneficiarios del programa Sup\u00e9rate, de comunidades de escasos recursos de su zona de concesi\u00f3n.<\/p>\n\n\n\n<figure class=\"wp-block-image\"><img decoding=\"async\" src=\"https:\/\/diariodominicano.com\/wp-content\/uploads\/2025\/04\/La-alianza-permitira-que-mas-de-mil-familias-en-situacion-de-vulnerabilidad-en-la-zona--1024x682.jpeg\" alt=\"\"\/><\/figure>\n\n\n\n<p>Bonoluz es un aporte econ\u00f3mico destinado a hogares elegibles con el prop\u00f3sito de complementar sus recursos para el pago del servicio de energ\u00eda el\u00e9ctrica. Este beneficio busca garantizar que las familias m\u00e1s vulnerables puedan cubrir un suministro m\u00ednimo indispensable de energ\u00eda el\u00e9ctrica para mejorar su calidad de vida.<\/p>\n\n\n\n<p>A trav\u00e9s de esta alianza, CEPM recibir\u00e1 en sus oficinas las tarjetas de subsidio del programa Sup\u00e9rate para aplicar los pagos en las facturas de los hogares beneficiarios, asegurando que puedan continuar accediendo a un servicio el\u00e9ctrico estable y confiable. Por su parte, Sup\u00e9rate se encargar\u00e1 de identificar y acreditar a los hogares elegibles.<\/p>\n\n\n\n<p>Para pertenecer al programa Sup\u00e9rate, las familias deben aplicar a una evaluaci\u00f3n del Sistema \u00danico de Beneficiarios (Siuben) desde alguno de los Puntos Solidarios m\u00e1s pr\u00f3ximos en su comunidad.<\/p>\n\n\n\n<p>\u201cEn CEPM estamos convencidos de que el acceso a la energ\u00eda es un motor de desarrollo y mecanismo de transformaci\u00f3n social, clave para contribuir a cerrar brechas sociales. Este acuerdo nos permite seguir contribuyendo a la mejora de la calidad de vida de las familias m\u00e1s vulnerables, asegurando que puedan contar con un servicio el\u00e9ctrico continuo y de calidad\u201d, expres\u00f3 Roberto Herrera, director ejecutivo de CEPM.<\/p>\n\n\n\n<p>Adem\u00e1s, CEPM informa que pr\u00f3ximamente estar\u00e1n disponibles los puntos de pago en sus oficinas comerciales, y una vez est\u00e9n operativos, se estar\u00e1 comunicando oportunamente a los beneficiarios.<\/p>\n\n\n\n<p>Esta alianza refuerza el prop\u00f3sito de ambas instituciones de seguir impulsando programas de alto impacto social que promuevan la equidad y el acceso a servicios esenciales en la Rep\u00fablica Dominicana.<\/p>\n\n\n\n<p>#CEPM #Sup\u00e9rate #Subsidio #Bonoluz<\/p>\n\n\n\n<p><strong>L\u00eda \u00c1lvarez L\u00f3pez <a href=\"mailto:lia@mediaticos.com.do\">lia@mediaticos.com.do<\/a> &nbsp;<\/strong><\/p>\n\n\n\n<p><\/p>\n\n\n\n<p><\/p>\n","protected":false},"excerpt":{"rendered":"<p>La alianza permitir\u00e1 que m\u00e1s de mil familias en situaci\u00f3n de vulnerabilidad en la zona este reciban un apoyo econ\u00f3mico del Gobierno para complementar el pago de su servicio el\u00e9ctrico. B\u00e1varo, 2 de abril de 2025&nbsp;En su compromiso con el bienestar social y la inclusi\u00f3n, el Consorcio Energ\u00e9tico Punta Cana \u2013 Macao (CEPM) y el [&hellip;]<\/p>\n","protected":false},"author":7,"featured_media":607480,"comment_status":"closed","ping_status":"closed","sticky":false,"template":"","format":"standard","meta":{"footnotes":""},"categories":[36],"tags":[2162,2161,2163,388],"class_list":["post-607469","post","type-post","status-publish","format-standard","has-post-thumbnail","hentry","category-hombresmujeresycosas","tag-bonoluz","tag-cepm","tag-subsidio","tag-superate"],"_links":{"self":[{"href":"https:\/\/diariodominicano.com\/index.php?rest_route=\/wp\/v2\/posts\/607469","targetHints":{"allow":["GET"]}}],"collection":[{"href":"https:\/\/diariodominicano.com\/index.php?rest_route=\/wp\/v2\/posts"}],"about":[{"href":"https:\/\/diariodominicano.com\/index.php?rest_route=\/wp\/v2\/types\/post"}],"author":[{"embeddable":true,"href":"https:\/\/diariodominicano.com\/index.php?rest_route=\/wp\/v2\/users\/7"}],"replies":[{"embeddable":true,"href":"https:\/\/diariodominicano.com\/index.php?rest_route=%2Fwp%2Fv2%2Fcomments&post=607469"}],"version-history":[{"count":1,"href":"https:\/\/diariodominicano.com\/index.php?rest_route=\/wp\/v2\/posts\/607469\/revisions"}],"predecessor-version":[{"id":607481,"href":"https:\/\/diariodominicano.com\/index.php?rest_route=\/wp\/v2\/posts\/607469\/revisions\/607481"}],"wp:featuredmedia":[{"embeddable":true,"href":"https:\/\/diariodominicano.com\/index.php?rest_route=\/wp\/v2\/media\/607480"}],"wp:attachment":[{"href":"https:\/\/diariodominicano.com\/index.php?rest_route=%2Fwp%2Fv2%2Fmedia&parent=607469"}],"wp:term":[{"taxonomy":"category","embeddable":true,"href":"https:\/\/diariodominicano.com\/index.php?rest_route=%2Fwp%2Fv2%2Fcategories&post=607469"},{"taxonomy":"post_tag","embeddable":true,"href":"https:\/\/diariodominicano.com\/index.php?rest_route=%2Fwp%2Fv2%2Ftags&post=607469"}],"curies":[{"name":"wp","href":"https:\/\/api.w.org\/{rel}","templated":true}]}}