{"id":607283,"date":"2025-04-02T14:43:59","date_gmt":"2025-04-02T18:43:59","guid":{"rendered":"https:\/\/diariodominicano.com\/?p=607283"},"modified":"2025-04-03T03:32:03","modified_gmt":"2025-04-03T07:32:03","slug":"equipos-de-ctc-y-del-programa-14-24-refuerzan-su-alianza-para-seguir-impulsando-programas-en-favor-de-la-juventud","status":"publish","type":"post","link":"https:\/\/diariodominicano.com\/?p=607283","title":{"rendered":"Equipos de CTC y del Programa 14-24 refuerzan su alianza para seguir impulsando programas en favor de la juventud"},"content":{"rendered":"\n<p><strong>Santo Domingo. &#8211;<\/strong>&nbsp;Con el prop\u00f3sito de seguir fortaleciendo la educaci\u00f3n y la formaci\u00f3n de los j\u00f3venes en situaci\u00f3n de vulnerabilidad, los equipos de trabajo de los Centros Tecnol\u00f3gicos Comunitarios (CTC) y del Programa Oportunidad 14-24 sostuvieron un encuentro estrat\u00e9gico en la sede central de los CTC.<\/p>\n\n\n\n<p>La reuni\u00f3n estuvo encabezada por Isidro Torres, director general de los CTC, y Alex Mord\u00e1n, director ejecutivo del Programa Oportunidad 14-24, quienes junto a sus respectivos equipos t\u00e9cnicos revisaron los avances de los programas conjuntos y establecieron nuevas estrategias para ampliar su impacto en las comunidades.<\/p>\n\n\n\n<p>Durante el encuentro, se destac\u00f3 el trabajo colaborativo que ambas instituciones han venido desarrollando a trav\u00e9s de iniciativas formativas dirigidas a j\u00f3venes de escasos recursos. Entre los programas impulsados se encuentran cursos t\u00e9cnicos en \u00e1reas como tecnolog\u00eda, emprendimiento, inform\u00e1tica y habilidades blandas, que buscan preparar a los beneficiarios para la inserci\u00f3n laboral o el desarrollo de proyectos propios.<\/p>\n\n\n\n<p>Asimismo, se resalt\u00f3 el impacto de las jornadas de orientaci\u00f3n vocacional y emprendimiento, que han permitido que cientos de j\u00f3venes descubran sus talentos y puedan canalizar sus esfuerzos en \u00e1reas productivas. Tambi\u00e9n, se valor\u00f3 el \u00e9xito del acompa\u00f1amiento psicosocial ofrecido a los participantes, que ha sido clave para fortalecer su desarrollo integral y motivaci\u00f3n personal.<\/p>\n\n\n\n<p>Isidro Torres enfatiz\u00f3 el compromiso de los CTC en continuar proporcionando espacios educativos con tecnolog\u00eda de vanguardia, que sirvan como plataforma para la capacitaci\u00f3n y crecimiento de la juventud.<\/p>\n\n\n\n<p>El director de los CTC ponder\u00f3 la importancia del programa Oportunidad 14-24, al tiempo que explic\u00f3 es intervenci\u00f3n integral para j\u00f3venes en condici\u00f3n de vulnerabilidad y de alto riesgo entre 14 y 24 a\u00f1os, que promete eliminar barreras de acceso a la educaci\u00f3n y a la formaci\u00f3n en habilidades ocupacionales para mejorar su condici\u00f3n de vida, proveer oportunidades de empleos dignos y posibilidades de recreaci\u00f3n y cultura en el nivel comunitario que favorezca su compromiso social.<\/p>\n\n\n\n<p>A\u00f1adi\u00f3 que la mayor\u00eda de las comunidades donde operan lo hacen en los Centros Tecnol\u00f3gicos Comunitarios, donde los j\u00f3venes pueden robustecer sus conocimientos y potencializar sus habilidades tecnol\u00f3gicas, contribuyendo as\u00ed a que se conviertan en integrantes importantes de la comunidad en que viven. &nbsp;<\/p>\n\n\n\n<p>De su lado Alex Mord\u00e1n subray\u00f3 la importancia de la sinergia entre ambas entidades, se\u00f1alando que la unificaci\u00f3n de esfuerzos ha sido clave para transformar la vida de miles de j\u00f3venes que antes se encontraban en situaciones de riesgo y exclusi\u00f3n social.<\/p>\n\n\n\n<p>Mord\u00e1n sostuvo que este programa disminuye el \u00edndice de delincuencia juvenil, debido a que colaboradores de la instituci\u00f3n desarrollan jornadas para identificar aquellos que cumplan con el perfil. Se les visita en sus hogares y se recopilan los datos requeridos para ser integrados.<\/p>\n\n\n\n<p>Ambas instituciones con este encuentro buscan regularizar las relaciones internas entre los colaboradores de ambos programas, establecer roles y responsabilidades a lo interno de los centros, al tiempo de fortalecer las relaciones interinstitucionales. Uno de los puntos b\u00e1sicos es el restablecimiento de una mesa de trabajo para dar el seguimiento a las situaciones surgidas en el desarrollo de los procesos formativos y las actividades diarias.<\/p>\n\n\n\n<h3 class=\"wp-block-heading\">CTC Comunicaciones&nbsp;<a href=\"mailto:ctcrdcomunicaciones@gmail.com\">ctcrdcomunicaciones@gmail.com<\/a><\/h3>\n","protected":false},"excerpt":{"rendered":"<p>Santo Domingo. &#8211;&nbsp;Con el prop\u00f3sito de seguir fortaleciendo la educaci\u00f3n y la formaci\u00f3n de los j\u00f3venes en situaci\u00f3n de vulnerabilidad, los equipos de trabajo de los Centros Tecnol\u00f3gicos Comunitarios (CTC) y del Programa Oportunidad 14-24 sostuvieron un encuentro estrat\u00e9gico en la sede central de los CTC. La reuni\u00f3n estuvo encabezada por Isidro Torres, director general [&hellip;]<\/p>\n","protected":false},"author":7,"featured_media":607327,"comment_status":"closed","ping_status":"closed","sticky":false,"template":"","format":"standard","meta":{"footnotes":""},"categories":[36],"tags":[2157],"class_list":["post-607283","post","type-post","status-publish","format-standard","has-post-thumbnail","hentry","category-hombresmujeresycosas","tag-centros-tecnologicos-comunitarios-ctc"],"_links":{"self":[{"href":"https:\/\/diariodominicano.com\/index.php?rest_route=\/wp\/v2\/posts\/607283","targetHints":{"allow":["GET"]}}],"collection":[{"href":"https:\/\/diariodominicano.com\/index.php?rest_route=\/wp\/v2\/posts"}],"about":[{"href":"https:\/\/diariodominicano.com\/index.php?rest_route=\/wp\/v2\/types\/post"}],"author":[{"embeddable":true,"href":"https:\/\/diariodominicano.com\/index.php?rest_route=\/wp\/v2\/users\/7"}],"replies":[{"embeddable":true,"href":"https:\/\/diariodominicano.com\/index.php?rest_route=%2Fwp%2Fv2%2Fcomments&post=607283"}],"version-history":[{"count":1,"href":"https:\/\/diariodominicano.com\/index.php?rest_route=\/wp\/v2\/posts\/607283\/revisions"}],"predecessor-version":[{"id":607328,"href":"https:\/\/diariodominicano.com\/index.php?rest_route=\/wp\/v2\/posts\/607283\/revisions\/607328"}],"wp:featuredmedia":[{"embeddable":true,"href":"https:\/\/diariodominicano.com\/index.php?rest_route=\/wp\/v2\/media\/607327"}],"wp:attachment":[{"href":"https:\/\/diariodominicano.com\/index.php?rest_route=%2Fwp%2Fv2%2Fmedia&parent=607283"}],"wp:term":[{"taxonomy":"category","embeddable":true,"href":"https:\/\/diariodominicano.com\/index.php?rest_route=%2Fwp%2Fv2%2Fcategories&post=607283"},{"taxonomy":"post_tag","embeddable":true,"href":"https:\/\/diariodominicano.com\/index.php?rest_route=%2Fwp%2Fv2%2Ftags&post=607283"}],"curies":[{"name":"wp","href":"https:\/\/api.w.org\/{rel}","templated":true}]}}