{"id":607184,"date":"2025-04-01T19:19:20","date_gmt":"2025-04-01T23:19:20","guid":{"rendered":"https:\/\/diariodominicano.com\/?p=607184"},"modified":"2025-04-01T19:19:27","modified_gmt":"2025-04-01T23:19:27","slug":"programa-de-psicomotricidad-de-inefi-crece-con-la-integracion-de-10-nuevas-salas","status":"publish","type":"post","link":"https:\/\/diariodominicano.com\/?p=607184","title":{"rendered":"Programa de psicomotricidad de INEFI crece con la integraci\u00f3n de 10 nuevas salas"},"content":{"rendered":"\n<p>SANTO DOMINGO.- El Instituto Nacional de Educaci\u00f3n F\u00edsica (INEFI), con el respaldo del Ministerio de Educaci\u00f3n (MINERD), ampliar\u00e1 su innovador proyecto de salas de psicomotricidad con la habilitaci\u00f3n de 10 nuevas instalaciones dirigidas a los alumnos de nivel inicial.<\/p>\n\n\n\n<p>As\u00ed lo anunci\u00f3 el director ejecutivo del INEFI, Alberto Rodr\u00edguez, quien destac\u00f3 la importancia del programa en el fortalecimiento del desarrollo f\u00edsico y motor de los ni\u00f1os.<\/p>\n\n\n\n<p>\u00abLa implementaci\u00f3n de estas salas de psicomotricidad representa un paso significativo en la educaci\u00f3n f\u00edsica del pa\u00eds, asegurando que los ni\u00f1os de nivel inicial reciban la atenci\u00f3n necesaria para su desarrollo motor y cognitivo\u00bb, expres\u00f3 Rodr\u00edguez.<\/p>\n\n\n\n<figure class=\"wp-block-image size-large\"><img loading=\"lazy\" decoding=\"async\" width=\"1024\" height=\"576\" src=\"https:\/\/diariodominicano.com\/wp-content\/uploads\/2025\/04\/Aspecto-de-la-sala-de-psicomotricidad-de-la-Escuela-Profesora-Yluminada-Mejia-1024x576.jpg\" alt=\"\" class=\"wp-image-607203\" srcset=\"https:\/\/diariodominicano.com\/wp-content\/uploads\/2025\/04\/Aspecto-de-la-sala-de-psicomotricidad-de-la-Escuela-Profesora-Yluminada-Mejia-1024x576.jpg 1024w, https:\/\/diariodominicano.com\/wp-content\/uploads\/2025\/04\/Aspecto-de-la-sala-de-psicomotricidad-de-la-Escuela-Profesora-Yluminada-Mejia-300x169.jpg 300w, https:\/\/diariodominicano.com\/wp-content\/uploads\/2025\/04\/Aspecto-de-la-sala-de-psicomotricidad-de-la-Escuela-Profesora-Yluminada-Mejia-768x432.jpg 768w, https:\/\/diariodominicano.com\/wp-content\/uploads\/2025\/04\/Aspecto-de-la-sala-de-psicomotricidad-de-la-Escuela-Profesora-Yluminada-Mejia-816x459.jpg 816w, https:\/\/diariodominicano.com\/wp-content\/uploads\/2025\/04\/Aspecto-de-la-sala-de-psicomotricidad-de-la-Escuela-Profesora-Yluminada-Mejia.jpg 1280w\" sizes=\"auto, (max-width: 1024px) 100vw, 1024px\" \/><figcaption class=\"wp-element-caption\">Aspecto de la sala de psicomotricidad de la Escuela Profesora Yluminada Mej\u00eda. <\/figcaption><\/figure>\n\n\n\n<p>El proyecto, que actualmente cuenta con dos salas en funcionamiento, una en Cristo Rey y otra en San Crist\u00f3bal, tambi\u00e9n incluir\u00e1 la capacitaci\u00f3n de m\u00e1s de 300 personas a trav\u00e9s de un diplomado en psicomotricidad que se realizar\u00e1 en mayo pr\u00f3ximo. Esta formaci\u00f3n permitir\u00e1 la preparaci\u00f3n de los primeros psicomotricistas del pa\u00eds, quienes egresar\u00e1n con las competencias pedag\u00f3gicas necesarias para desempe\u00f1arse en estas salas especializadas.<\/p>\n\n\n\n<p>El programa de psicomotricidad fue ideado por los profesores Jacobo Moquete Guzm\u00e1n y Richard Almaguer L\u00f3pez, y su primera sala fue inaugurada en septiembre de 2024 en la Escuela Profesora Yluminada Mej\u00eda, en el sector Cristo Rey.<\/p>\n\n\n\n<p>Moquete destac\u00f3 que la implementaci\u00f3n de estas salas responde a una deuda hist\u00f3rica con el sistema educativo p\u00fablico, donde el desarrollo f\u00edsico y motor de los estudiantes de nivel inicial no era considerado parte fundamental de su formaci\u00f3n.<\/p>\n\n\n\n<p>Asimismo, se\u00f1al\u00f3 que, en el \u00e1rea de educaci\u00f3n f\u00edsica, los docentes solo reciben formaci\u00f3n para los niveles de primaria y secundaria, dejando al margen la especializaci\u00f3n en nivel inicial (ni\u00f1os de tres a cinco a\u00f1os), pese a que esta etapa es crucial para el desarrollo motor y cognitivo de los infantes.<\/p>\n\n\n\n<p>El proyecto se desarrolla con el financiamiento del Instituto Nacional de Educaci\u00f3n F\u00edsica (INEFI) y cuenta con el respaldo log\u00edstico del Ministerio de Educaci\u00f3n (MINERD).<\/p>\n\n\n\n<p>PRENSA INEFI <a href=\"mailto:prensainefi@gmail.com\">prensainefi@gmail.com<\/a><\/p>\n","protected":false},"excerpt":{"rendered":"<p>SANTO DOMINGO.- El Instituto Nacional de Educaci\u00f3n F\u00edsica (INEFI), con el respaldo del Ministerio de Educaci\u00f3n (MINERD), ampliar\u00e1 su innovador proyecto de salas de psicomotricidad con la habilitaci\u00f3n de 10 nuevas instalaciones dirigidas a los alumnos de nivel inicial. As\u00ed lo anunci\u00f3 el director ejecutivo del INEFI, Alberto Rodr\u00edguez, quien destac\u00f3 la importancia del programa [&hellip;]<\/p>\n","protected":false},"author":7,"featured_media":607206,"comment_status":"closed","ping_status":"closed","sticky":false,"template":"","format":"standard","meta":{"footnotes":""},"categories":[17],"tags":[491],"class_list":["post-607184","post","type-post","status-publish","format-standard","has-post-thumbnail","hentry","category-deportes","tag-inefi"],"_links":{"self":[{"href":"https:\/\/diariodominicano.com\/index.php?rest_route=\/wp\/v2\/posts\/607184","targetHints":{"allow":["GET"]}}],"collection":[{"href":"https:\/\/diariodominicano.com\/index.php?rest_route=\/wp\/v2\/posts"}],"about":[{"href":"https:\/\/diariodominicano.com\/index.php?rest_route=\/wp\/v2\/types\/post"}],"author":[{"embeddable":true,"href":"https:\/\/diariodominicano.com\/index.php?rest_route=\/wp\/v2\/users\/7"}],"replies":[{"embeddable":true,"href":"https:\/\/diariodominicano.com\/index.php?rest_route=%2Fwp%2Fv2%2Fcomments&post=607184"}],"version-history":[{"count":1,"href":"https:\/\/diariodominicano.com\/index.php?rest_route=\/wp\/v2\/posts\/607184\/revisions"}],"predecessor-version":[{"id":607207,"href":"https:\/\/diariodominicano.com\/index.php?rest_route=\/wp\/v2\/posts\/607184\/revisions\/607207"}],"wp:featuredmedia":[{"embeddable":true,"href":"https:\/\/diariodominicano.com\/index.php?rest_route=\/wp\/v2\/media\/607206"}],"wp:attachment":[{"href":"https:\/\/diariodominicano.com\/index.php?rest_route=%2Fwp%2Fv2%2Fmedia&parent=607184"}],"wp:term":[{"taxonomy":"category","embeddable":true,"href":"https:\/\/diariodominicano.com\/index.php?rest_route=%2Fwp%2Fv2%2Fcategories&post=607184"},{"taxonomy":"post_tag","embeddable":true,"href":"https:\/\/diariodominicano.com\/index.php?rest_route=%2Fwp%2Fv2%2Ftags&post=607184"}],"curies":[{"name":"wp","href":"https:\/\/api.w.org\/{rel}","templated":true}]}}