{"id":607123,"date":"2025-04-01T15:16:58","date_gmt":"2025-04-01T19:16:58","guid":{"rendered":"https:\/\/diariodominicano.com\/?p=607123"},"modified":"2025-04-01T15:18:33","modified_gmt":"2025-04-01T19:18:33","slug":"estudiantes-de-liceo-isidro-antonio-estevez-en-blanco-arriba-reciben-con-entusiasmo-talleres-moviles-del-infotep","status":"publish","type":"post","link":"https:\/\/diariodominicano.com\/?p=607123","title":{"rendered":"Estudiantes de Liceo Isidro Antonio Est\u00e9vez en Blanco Arriba reciben con entusiasmo talleres m\u00f3viles del INFOTEP"},"content":{"rendered":"\n<p><em>Estudiantes y profesores expresaron que ahora est\u00e1n m\u00e1s c\u00f3modos y con menos preocupaciones, destacando la r\u00e1pida respuesta del INFOTEP<\/em> <\/p>\n\n\n\n<p><strong>Blanco Arriba, Hermanas Mirabal<\/strong>. \u2013 En un emotivo acto de apertura, autoridades del Instituto Nacional de Formaci\u00f3n T\u00e9cnico Profesional (INFOTEP), el Ministerio de Educaci\u00f3n, la Asociaci\u00f3n Dominicana de Profesores, el Ayuntamiento y la Asociaci\u00f3n de Padres, Madres y Amigos de la Escuela, dieron inicio a la docencia en las dos aulas m\u00f3viles para los estudiantes del Liceo Isidro Antonio Est\u00e9vez, ofreci\u00e9ndoles un ambiente m\u00e1s adecuado y c\u00f3modo, para su aprendizaje.<\/p>\n\n\n\n<figure class=\"wp-block-gallery has-nested-images columns-default is-cropped wp-block-gallery-1 is-layout-flex wp-block-gallery-is-layout-flex\">\n<figure class=\"wp-block-image size-large\"><img loading=\"lazy\" decoding=\"async\" width=\"794\" height=\"447\" data-id=\"607147\" src=\"https:\/\/diariodominicano.com\/wp-content\/uploads\/2025\/04\/Estudiantes-de-Liceo-Isidro-Antonio-Estevez-en-Blanco-Arriba-reciben-con-entusiasmo-talleres-moviles-del-INFOTEP.jpg\" alt=\"\" class=\"wp-image-607147\" srcset=\"https:\/\/diariodominicano.com\/wp-content\/uploads\/2025\/04\/Estudiantes-de-Liceo-Isidro-Antonio-Estevez-en-Blanco-Arriba-reciben-con-entusiasmo-talleres-moviles-del-INFOTEP.jpg 794w, https:\/\/diariodominicano.com\/wp-content\/uploads\/2025\/04\/Estudiantes-de-Liceo-Isidro-Antonio-Estevez-en-Blanco-Arriba-reciben-con-entusiasmo-talleres-moviles-del-INFOTEP-300x169.jpg 300w, https:\/\/diariodominicano.com\/wp-content\/uploads\/2025\/04\/Estudiantes-de-Liceo-Isidro-Antonio-Estevez-en-Blanco-Arriba-reciben-con-entusiasmo-talleres-moviles-del-INFOTEP-768x432.jpg 768w\" sizes=\"auto, (max-width: 794px) 100vw, 794px\" \/><figcaption class=\"wp-element-caption\">Estudiantes de Liceo Isidro Antonio Est\u00e9vez en Blanco Arriba reciben con entusiasmo talleres m\u00f3viles del INFOTEP <\/figcaption><\/figure>\n<\/figure>\n\n\n\n<p>Las aulas m\u00f3viles fueron recibidas con entusiasmo y optimismo, por unos 45 estudiantes del Distrito Municipal Blanco Arriba de Tenares provincia Hermanas Mirabal, quienes empezaron a recibir clases en los dos talleres m\u00f3viles enviados por el Instituto Nacional de Formaci\u00f3n T\u00e9cnico Profesional (INFOTEP).<\/p>\n\n\n\n<figure class=\"wp-block-gallery has-nested-images columns-default is-cropped wp-block-gallery-2 is-layout-flex wp-block-gallery-is-layout-flex\">\n<figure class=\"wp-block-image size-large\"><img loading=\"lazy\" decoding=\"async\" width=\"1024\" height=\"682\" data-id=\"607143\" src=\"https:\/\/diariodominicano.com\/wp-content\/uploads\/2025\/04\/Estudiantes-de-Liceo-Isidro-Antonio-Estevez-en-Blanco-Arriba-reciben-docencia-en-Talleres-Moviles-del-INFOTEP-1024x682.jpg\" alt=\"\" class=\"wp-image-607143\" srcset=\"https:\/\/diariodominicano.com\/wp-content\/uploads\/2025\/04\/Estudiantes-de-Liceo-Isidro-Antonio-Estevez-en-Blanco-Arriba-reciben-docencia-en-Talleres-Moviles-del-INFOTEP-1024x682.jpg 1024w, https:\/\/diariodominicano.com\/wp-content\/uploads\/2025\/04\/Estudiantes-de-Liceo-Isidro-Antonio-Estevez-en-Blanco-Arriba-reciben-docencia-en-Talleres-Moviles-del-INFOTEP-300x200.jpg 300w, https:\/\/diariodominicano.com\/wp-content\/uploads\/2025\/04\/Estudiantes-de-Liceo-Isidro-Antonio-Estevez-en-Blanco-Arriba-reciben-docencia-en-Talleres-Moviles-del-INFOTEP-768x512.jpg 768w, https:\/\/diariodominicano.com\/wp-content\/uploads\/2025\/04\/Estudiantes-de-Liceo-Isidro-Antonio-Estevez-en-Blanco-Arriba-reciben-docencia-en-Talleres-Moviles-del-INFOTEP-816x544.jpg 816w, https:\/\/diariodominicano.com\/wp-content\/uploads\/2025\/04\/Estudiantes-de-Liceo-Isidro-Antonio-Estevez-en-Blanco-Arriba-reciben-docencia-en-Talleres-Moviles-del-INFOTEP.jpg 1040w\" sizes=\"auto, (max-width: 1024px) 100vw, 1024px\" \/><figcaption class=\"wp-element-caption\">Estudiantes de Liceo Isidro Antonio Est\u00e9vez en Blanco Arriba reciben docencia en Talleres M\u00f3v iles del INFOTEP<\/figcaption><\/figure>\n<\/figure>\n\n\n\n<p>Los alumnos entre 13 a 18 a\u00f1os, agradecieron al director de INFOTEP, Rafael Santos Bad\u00eda, la r\u00e1pida respuesta y disposici\u00f3n, se\u00f1alando que anteriormente era muy dif\u00edcil mantener la concentraci\u00f3n en la funeraria, que durante unos cuatro meses serv\u00eda de escuela.<\/p>\n\n\n\n<p>\u201cAqu\u00ed estamos mucho mejor, porque todo est\u00e1 limpio, no escuchamos los ruidos del exterior y los estudiantes de otras sesiones no pueden interrumpirnos\u201d, comentaron algunos estudiantes entrevistados.<\/p>\n\n\n\n<p><strong>Maestros de Blanco Arriba destacan entrega de talleres m\u00f3viles<\/strong><\/p>\n\n\n\n<p>\u201cLos estudiantes est\u00e1n m\u00e1s c\u00f3modos y tienen un espacio propio, aunque sea temporalmente, gracias al Ministerio de Educaci\u00f3n e INFOTEP. Ya no habr\u00e1 interferencia de ruidos que era el principal inconveniente. Eso perjudicaba el aprendizaje de los estudiantes con dos secciones pr\u00e1cticamente juntas\u201d, expres\u00f3 la psic\u00f3loga escolar del centro Roselis Rodr\u00edguez Disla.<\/p>\n\n\n\n<p>Dijo que las aulas m\u00f3viles est\u00e1n muy c\u00f3modas, tienen sus abanicos, l\u00e1mparas, butacas, escritorios, y todo lo b\u00e1sicamente necesario para impartir el pan de la ense\u00f1anza, refiriendo que todos han resultado beneficiados con la iniciativa de las autoridades.<\/p>\n\n\n\n<p><strong>INFOTEP da respuesta inmediata a situaci\u00f3n de estudiantes recib\u00edan docencia en funeraria<\/strong><\/p>\n\n\n\n<p>De acuerdo con el director de la Regional Cibao Sur del INFOTEP, Fernelys Beriguete, la semana pasada fueron enterados de la situaci\u00f3n de los estudiantes, dando una respuesta inmediata por instrucci\u00f3n de Rafael Santos Bad\u00eda.<\/p>\n\n\n\n<p>\u201cSolicitaron dos unidades m\u00f3viles para unos 45 estudiantes que recib\u00edan docencia en precarias condiciones en la funeraria y centro comunal. Esa solicitud fue el pasado viernes y ya el s\u00e1bado contaban con sus aulas m\u00f3viles en colaboraci\u00f3n con el Ministerio de Educaci\u00f3n\u201d, apunt\u00f3 Beriguete.<\/p>\n\n\n\n<p>En ese orden, los profesores Starlyn Lao Flete y Laury Parra, manifestaron que es mucha la diferencia del espacio donde daban clases a los alumnos, se\u00f1alando que las aulas m\u00f3viles representan un significativo avance en el bienestar de los estudiantes, el profesorado y todo el personal de la escuela.<\/p>\n\n\n\n<p>\u201cNuestra situaci\u00f3n era un poquito ca\u00f3tica, pero este nuevo espacio del INFOTEP representa un alivio para todos nosotros, ya que el ambiente es mucho m\u00e1s tranquilo, el cual tiene buena ventilaci\u00f3n y se evitan los ruidos exteriores\u201d, sostuvieron.<\/p>\n\n\n\n<p>Dijeron que anteriormente no pod\u00edan agitar las horas de docencia, se\u00f1alando que mantienen la confianza de que con estos nuevos espacios temporales puedan cumplir su misi\u00f3n de ense\u00f1ar claramente.<\/p>\n\n\n\n<p>Los estudiantes estar\u00e1n recibiendo docencia en las aulas m\u00f3viles, mientras terminan la construcci\u00f3n de dos centros de la comunidad.<\/p>\n\n\n\n<p><strong>Talleres m\u00f3viles del INFOTEP<\/strong><\/p>\n\n\n\n<p>Los talleres m\u00f3viles permiten brindar el servicio de formaci\u00f3n profesional en comunidades remotas donde INFOTEP no tiene infraestructura ni cuenta con centros operativos del sistema (COS), lo que ha generado un gran impacto econ\u00f3mico para las personas que reciben la formaci\u00f3n, ya que, seg\u00fan las competencias adquiridas, pueden insertarse en el mercado laboral o iniciar su propia actividad econ\u00f3mica en la mayor\u00eda de los casos.<\/p>\n\n\n\n<p><strong>Prensa INFOTEP<\/strong>&nbsp;<a href=\"mailto:<prensainfotep@infotep.gob.do>\u00ab><u>&lt;prensainfotep@infotep.gob.do&gt;<\/u><\/a>&nbsp;<\/p>\n","protected":false},"excerpt":{"rendered":"<p>Estudiantes y profesores expresaron que ahora est\u00e1n m\u00e1s c\u00f3modos y con menos preocupaciones, destacando la r\u00e1pida respuesta del INFOTEP Blanco Arriba, Hermanas Mirabal. \u2013 En un emotivo acto de apertura, autoridades del Instituto Nacional de Formaci\u00f3n T\u00e9cnico Profesional (INFOTEP), el Ministerio de Educaci\u00f3n, la Asociaci\u00f3n Dominicana de Profesores, el Ayuntamiento y la Asociaci\u00f3n de Padres, [&hellip;]<\/p>\n","protected":false},"author":7,"featured_media":607142,"comment_status":"closed","ping_status":"closed","sticky":false,"template":"","format":"standard","meta":{"footnotes":""},"categories":[17],"tags":[94],"class_list":["post-607123","post","type-post","status-publish","format-standard","has-post-thumbnail","hentry","category-deportes","tag-infotep"],"_links":{"self":[{"href":"https:\/\/diariodominicano.com\/index.php?rest_route=\/wp\/v2\/posts\/607123","targetHints":{"allow":["GET"]}}],"collection":[{"href":"https:\/\/diariodominicano.com\/index.php?rest_route=\/wp\/v2\/posts"}],"about":[{"href":"https:\/\/diariodominicano.com\/index.php?rest_route=\/wp\/v2\/types\/post"}],"author":[{"embeddable":true,"href":"https:\/\/diariodominicano.com\/index.php?rest_route=\/wp\/v2\/users\/7"}],"replies":[{"embeddable":true,"href":"https:\/\/diariodominicano.com\/index.php?rest_route=%2Fwp%2Fv2%2Fcomments&post=607123"}],"version-history":[{"count":2,"href":"https:\/\/diariodominicano.com\/index.php?rest_route=\/wp\/v2\/posts\/607123\/revisions"}],"predecessor-version":[{"id":607150,"href":"https:\/\/diariodominicano.com\/index.php?rest_route=\/wp\/v2\/posts\/607123\/revisions\/607150"}],"wp:featuredmedia":[{"embeddable":true,"href":"https:\/\/diariodominicano.com\/index.php?rest_route=\/wp\/v2\/media\/607142"}],"wp:attachment":[{"href":"https:\/\/diariodominicano.com\/index.php?rest_route=%2Fwp%2Fv2%2Fmedia&parent=607123"}],"wp:term":[{"taxonomy":"category","embeddable":true,"href":"https:\/\/diariodominicano.com\/index.php?rest_route=%2Fwp%2Fv2%2Fcategories&post=607123"},{"taxonomy":"post_tag","embeddable":true,"href":"https:\/\/diariodominicano.com\/index.php?rest_route=%2Fwp%2Fv2%2Ftags&post=607123"}],"curies":[{"name":"wp","href":"https:\/\/api.w.org\/{rel}","templated":true}]}}