{"id":606869,"date":"2025-03-31T17:53:02","date_gmt":"2025-03-31T21:53:02","guid":{"rendered":"https:\/\/diariodominicano.com\/?p=606869"},"modified":"2025-04-01T02:58:48","modified_gmt":"2025-04-01T06:58:48","slug":"mp-logra-condena-de-20-anos-de-prision-en-contra-de-un-hombre-que-le-quito-la-vida-a-otro-en-sdn","status":"publish","type":"post","link":"https:\/\/diariodominicano.com\/?p=606869","title":{"rendered":"Condenan a 20 a\u00f1os de prisi\u00f3n a  un hombre que mat\u00f3 a otro en SDN"},"content":{"rendered":"\n<p><strong>SANTO DOMINGO ESTE (Rep\u00fablica Dominicana). \u2013<\/strong>&nbsp;La Fiscal\u00eda de Santo Domingo Este y Norte logr\u00f3 que un tribunal de esta jurisdicci\u00f3n condene a 20 a\u00f1os de prisi\u00f3n a un hombre que, para atracar a otro, de varios disparos le quit\u00f3 la vida, en un hecho ocurrido en el a\u00f1o 2023, en El Hig\u00fcero, pr\u00f3ximo a la avenida Jacobo Majluta, en el sector Jaragua de Santo Domingo Norte.<\/p>\n\n\n\n<p>La condena le fue impuesta a Andry Ramailin Santana Cuevas, al\u00edas Rambo o El Flaco, por el Primer Tribunal Colegiado, que preside la magistrada Elizabeth Esperanza Rodr\u00edguez Espinal e integran los jueces Flor E. Batista Polo y Jos\u00e9 Leonel Asencio Quezada, por los hechos cometidos en contra del hoy occiso Rub\u00e9n Dar\u00edo Villa D\u00edaz.<\/p>\n\n\n\n<p>El expediente instrumentado por el fiscal investigador Franklyn N. Batista, revela que en fecha 05 de diciembre de 2023, alrededor de las 8:10 de la noche, mientras la v\u00edctima se transportaba en un cami\u00f3n de la Cervecer\u00eda Nacional Dominicana, en la avenida Presidente Antonio Guzm\u00e1n, del Hig\u00fcero, pr\u00f3ximo a la avenida Jacobo Majluta, sector Jaragua, en Santo Domingo Norte,&nbsp; fue interceptado por el hoy procesado, acompa\u00f1ado de otros desconocidos, quienes&nbsp; le ultimaron para sustraer sus pertenencias que con \u00e9l cargaba.<\/p>\n\n\n\n<p>El Ministerio P\u00fablico, representado por los fiscales litigantes Evelyn Pe\u00f1a y Alexis Casado, mostr\u00f3 al tribunal suficientes elementos probatorios que demuestran la responsabilidad penal del hoy condenado, en torno a los art\u00edculos 295, 304,2, 379, 381, 382 y 385 del C\u00f3digo Penal Dominicano, sobre homicidio, as\u00ed como tambi\u00e9n la violaci\u00f3n a los art\u00edculos 66 y 67 de la Ley 631-16, sobre el control de armas y municiones relacionados.<\/p>\n\n\n\n<p>La condena deber\u00e1 ser cumplida por el procesado en el Centro de Correcci\u00f3n y Rehabilitaci\u00f3n Najayo Hombres.<\/p>\n\n\n\n<p><strong>Direcci\u00f3n General de Comunicaci\u00f3n, Prensa, y RRPP<\/strong><strong><\/strong><\/p>\n\n\n\n<p>Ministerio P\u00fablico.&nbsp;R.D.<\/p>\n","protected":false},"excerpt":{"rendered":"<p>SANTO DOMINGO ESTE (Rep\u00fablica Dominicana). \u2013&nbsp;La Fiscal\u00eda de Santo Domingo Este y Norte logr\u00f3 que un tribunal de esta jurisdicci\u00f3n condene a 20 a\u00f1os de prisi\u00f3n a un hombre que, para atracar a otro, de varios disparos le quit\u00f3 la vida, en un hecho ocurrido en el a\u00f1o 2023, en El Hig\u00fcero, pr\u00f3ximo a la [&hellip;]<\/p>\n","protected":false},"author":7,"featured_media":349127,"comment_status":"closed","ping_status":"closed","sticky":false,"template":"","format":"standard","meta":{"footnotes":""},"categories":[24,29],"tags":[171],"class_list":["post-606869","post","type-post","status-publish","format-standard","has-post-thumbnail","hentry","category-justicia-y-derecho","category-policiasucesos","tag-ministerio-publico"],"_links":{"self":[{"href":"https:\/\/diariodominicano.com\/index.php?rest_route=\/wp\/v2\/posts\/606869","targetHints":{"allow":["GET"]}}],"collection":[{"href":"https:\/\/diariodominicano.com\/index.php?rest_route=\/wp\/v2\/posts"}],"about":[{"href":"https:\/\/diariodominicano.com\/index.php?rest_route=\/wp\/v2\/types\/post"}],"author":[{"embeddable":true,"href":"https:\/\/diariodominicano.com\/index.php?rest_route=\/wp\/v2\/users\/7"}],"replies":[{"embeddable":true,"href":"https:\/\/diariodominicano.com\/index.php?rest_route=%2Fwp%2Fv2%2Fcomments&post=606869"}],"version-history":[{"count":2,"href":"https:\/\/diariodominicano.com\/index.php?rest_route=\/wp\/v2\/posts\/606869\/revisions"}],"predecessor-version":[{"id":606986,"href":"https:\/\/diariodominicano.com\/index.php?rest_route=\/wp\/v2\/posts\/606869\/revisions\/606986"}],"wp:featuredmedia":[{"embeddable":true,"href":"https:\/\/diariodominicano.com\/index.php?rest_route=\/wp\/v2\/media\/349127"}],"wp:attachment":[{"href":"https:\/\/diariodominicano.com\/index.php?rest_route=%2Fwp%2Fv2%2Fmedia&parent=606869"}],"wp:term":[{"taxonomy":"category","embeddable":true,"href":"https:\/\/diariodominicano.com\/index.php?rest_route=%2Fwp%2Fv2%2Fcategories&post=606869"},{"taxonomy":"post_tag","embeddable":true,"href":"https:\/\/diariodominicano.com\/index.php?rest_route=%2Fwp%2Fv2%2Ftags&post=606869"}],"curies":[{"name":"wp","href":"https:\/\/api.w.org\/{rel}","templated":true}]}}