{"id":606823,"date":"2025-03-31T20:23:31","date_gmt":"2025-04-01T00:23:31","guid":{"rendered":"https:\/\/diariodominicano.com\/?p=606823"},"modified":"2025-03-31T21:50:06","modified_gmt":"2025-04-01T01:50:06","slug":"orlando-martinez-en-el-recuerdo-de-onorio-montas-su-gran-amigo","status":"publish","type":"post","link":"https:\/\/diariodominicano.com\/?p=606823","title":{"rendered":"Orlando Mart\u00ednez en el recuerdo de Onorio Mont\u00e1s, su gran amigo"},"content":{"rendered":"\n<p>Onorio record\u00f3 haberse encontrado a Neit Nivar Seijas, entonces jefe de la Polic\u00eda, a quien describi\u00f3 como un personaje \u201cpeculiar, con una voz aguardentosa\u201d<\/p>\n\n\n\n<p>Yeil\u00edn Pe\u00f1a<br>Uno de los amigos m\u00e1s cercanos de Orlando Mart\u00ednez lo fue Onorio Mont\u00e1s, fot\u00f3grafo de la revista Ahora, quien comparti\u00f3 con \u00e9l innumerables momentos y an\u00e9cdotas que demuestran su car\u00e1cter y pasi\u00f3n por el periodismo.<\/p>\n\n\n\n<p>A pesar de no considerarse un fot\u00f3grafo experimentado en ese entonces, la relaci\u00f3n se estrech\u00f3 cuando Onorio sugiri\u00f3 cambios en el dise\u00f1o de la portada de la revista, lo que llev\u00f3 a una reuni\u00f3n con Rafael Molina Morillo y a una colaboraci\u00f3n m\u00e1s cercana con Orlando.<\/p>\n\n\n\n<p>Onorio comparti\u00f3 al List\u00ednDiario que Orlando y \u00e9l ten\u00edan una programaci\u00f3n semanal, que inclu\u00eda visitas a librer\u00edas los s\u00e1bados en busca de novedades para una peque\u00f1a columna de recomendaciones literarias en la revista.<\/p>\n\n\n\n<p>Onorio record\u00f3 haberse encontrado a Neit Nivar Seijas, entonces jefe de la Polic\u00eda, a quien describi\u00f3 como un personaje \u201cpeculiar, con una voz aguardentosa\u201d.<\/p>\n\n\n\n<p>Durante el encuentro, Neit Nivar le pregunt\u00f3 a Onorio si Orlando aceptar\u00eda reunirse con \u00e9l, algo que sorprendi\u00f3 a Onorio, ya que el jefe de la Polic\u00eda ten\u00eda muchas formas de contactar a Orlando directamente.<\/p>\n\n\n\n<p>Onorio sent\u00eda que Nivar Seijas ten\u00eda una imagen distorsionada del periodista, como si lo considerara un alguien peligroso.<\/p>\n\n\n\n<p>Onorio, conociendo a Orlando, le asegur\u00f3 a Nivar Seijas que aceptar\u00eda la reuni\u00f3n.<\/p>\n\n\n\n<p>El jefe policial, entonces, le entreg\u00f3 un n\u00famero de tel\u00e9fono escrito en un papel.<\/p>\n\n\n\n<p>Finalmente, la reuni\u00f3n entre Orlando y Neit Nivar se llev\u00f3 a cabo.<\/p>\n\n\n\n<p>Tiempo despu\u00e9s, Orlando le mostr\u00f3 a Onorio un peque\u00f1o rev\u00f3lver de ca\u00f1\u00f3n corto, niquelado, guardado en una caja. \u201cMira lo que me regal\u00f3 Neit Nivar\u201d, as\u00ed lo cont\u00f3 Onorio.<\/p>\n\n\n\n<p>Este rev\u00f3lver ser\u00eda el arma con la que Orlando intentar\u00eda defenderse el d\u00eda en que fue atacado. Sin embargo, no tuvo oportunidad de utilizarla.<\/p>\n\n\n\n<p>visitas<br>Cont\u00f3 que, en una de esas visitas, se encontraron con el jefe de la Polic\u00eda de la \u00e9poca, Jos\u00e9 Ernesto Cruz Brea, a quien se se\u00f1al\u00f3 en ese momento como posible sospechoso en el asesinato de Orlando, posteriormente fue descartado.<\/p>\n\n\n\n<p>Sus tardes sol\u00edan finalizar en un ic\u00f3nico caf\u00e9 en el malec\u00f3n, donde discut\u00edan sobre pol\u00edtica, arte y sociedad. Y de vez en cuando, se dirig\u00edan a los carros chocones.<\/p>\n\n\n\n<p>Montas record\u00f3 con nostalgia y admiraci\u00f3n la figura de Orlando, un hombre militante que nunca dej\u00f3 de cuestionar las injusticias de su tiempo. Aunque Onorio no militaba en ning\u00fan partido, su v\u00ednculo con Orlando se bas\u00f3 en el respeto y la admiraci\u00f3n mutua.<\/p>\n\n\n\n<p>Con el tiempo, han quedado pocos amigos que puedan dar testimonio de qui\u00e9n era Orlando, y Onorio es uno de los pocos que a\u00fan pueden hablar de su vida con detalle y emoci\u00f3n.<\/p>\n\n\n\n<p>\u201cYo lo conoc\u00ed a plenitud\u201d, afirm\u00f3 Onorio, recordando con orgullo la amistad que compartieron y la lucha de Orlando por una sociedad m\u00e1s justa.<\/p>\n\n\n\n<p>Onorio fue muy cercano a la familia de Orlando. Tanto, que la madre de Orlando, Adriana Howley, le dio una copia de la llave del pante\u00f3n para que \u201cno lo dejara solo\u201d.<\/p>\n\n\n\n<p>Onorio cont\u00f3 al List\u00edn Diario que frecuentaban un sal\u00f3n llamado Los Divinos, el cual siempre estaba lleno de \u201creinas de belleza\u201d.<\/p>\n\n\n\n<p>Para Onorio, su amigo \u201cera una persona enamorada de la vida y enamorada de las mujeres\u201d.<\/p>\n\n\n\n<p>Como fot\u00f3grafo, realizaba intercambios con el sal\u00f3n: tomaba fotograf\u00edas de las modelos para su publicaci\u00f3n y, a su vez, promov\u00eda el sal\u00f3n en la revista Ahora.<\/p>\n\n\n\n<p>Listin Diario<\/p>\n","protected":false},"excerpt":{"rendered":"<p>Onorio record\u00f3 haberse encontrado a Neit Nivar Seijas, entonces jefe de la Polic\u00eda, a quien describi\u00f3 como un personaje \u201cpeculiar, con una voz aguardentosa\u201d Yeil\u00edn Pe\u00f1aUno de los amigos m\u00e1s cercanos de Orlando Mart\u00ednez lo fue Onorio Mont\u00e1s, fot\u00f3grafo de la revista Ahora, quien comparti\u00f3 con \u00e9l innumerables momentos y an\u00e9cdotas que demuestran su car\u00e1cter [&hellip;]<\/p>\n","protected":false},"author":7,"featured_media":283159,"comment_status":"closed","ping_status":"closed","sticky":false,"template":"","format":"standard","meta":{"footnotes":""},"categories":[21],"tags":[1354],"class_list":["post-606823","post","type-post","status-publish","format-standard","has-post-thumbnail","hentry","category-cultura","tag-onorio-montas"],"_links":{"self":[{"href":"https:\/\/diariodominicano.com\/index.php?rest_route=\/wp\/v2\/posts\/606823","targetHints":{"allow":["GET"]}}],"collection":[{"href":"https:\/\/diariodominicano.com\/index.php?rest_route=\/wp\/v2\/posts"}],"about":[{"href":"https:\/\/diariodominicano.com\/index.php?rest_route=\/wp\/v2\/types\/post"}],"author":[{"embeddable":true,"href":"https:\/\/diariodominicano.com\/index.php?rest_route=\/wp\/v2\/users\/7"}],"replies":[{"embeddable":true,"href":"https:\/\/diariodominicano.com\/index.php?rest_route=%2Fwp%2Fv2%2Fcomments&post=606823"}],"version-history":[{"count":1,"href":"https:\/\/diariodominicano.com\/index.php?rest_route=\/wp\/v2\/posts\/606823\/revisions"}],"predecessor-version":[{"id":606884,"href":"https:\/\/diariodominicano.com\/index.php?rest_route=\/wp\/v2\/posts\/606823\/revisions\/606884"}],"wp:featuredmedia":[{"embeddable":true,"href":"https:\/\/diariodominicano.com\/index.php?rest_route=\/wp\/v2\/media\/283159"}],"wp:attachment":[{"href":"https:\/\/diariodominicano.com\/index.php?rest_route=%2Fwp%2Fv2%2Fmedia&parent=606823"}],"wp:term":[{"taxonomy":"category","embeddable":true,"href":"https:\/\/diariodominicano.com\/index.php?rest_route=%2Fwp%2Fv2%2Fcategories&post=606823"},{"taxonomy":"post_tag","embeddable":true,"href":"https:\/\/diariodominicano.com\/index.php?rest_route=%2Fwp%2Fv2%2Ftags&post=606823"}],"curies":[{"name":"wp","href":"https:\/\/api.w.org\/{rel}","templated":true}]}}