{"id":606585,"date":"2025-03-30T21:47:45","date_gmt":"2025-03-31T01:47:45","guid":{"rendered":"https:\/\/diariodominicano.com\/?p=606585"},"modified":"2025-03-30T22:51:30","modified_gmt":"2025-03-31T02:51:30","slug":"autoridades-y-liderazgo-acuerdan-dar-respuestas-efectivas-a-necesidades-sde","status":"publish","type":"post","link":"https:\/\/diariodominicano.com\/?p=606585","title":{"rendered":"Autoridades  acuerdan dar respuestas efectivas a necesidades SDE"},"content":{"rendered":"\n<ul class=\"wp-block-list\">\n<li>Rafael Santos Bad\u00eda y Dio Astacio destacan avances y compromisos del gobierno<\/li>\n<\/ul>\n\n\n\n<p>Santo Domingo Este, RD. &#8211; El Gobierno de la Rep\u00fablica Dominicana llev\u00f3 a cabo el  s\u00e1bado una nueva jornada del programa \u00abEl Gobierno en las Provincias\u00bb, una iniciativa que busca fortalecer el v\u00ednculo entre las autoridades y la ciudadan\u00eda, a los fines de conocer las necesidades locales y agilizar respuestas.<\/p>\n\n\n\n<figure class=\"wp-block-gallery has-nested-images columns-default is-cropped wp-block-gallery-1 is-layout-flex wp-block-gallery-is-layout-flex\">\n<figure class=\"wp-block-image size-large\"><img loading=\"lazy\" decoding=\"async\" width=\"1024\" height=\"576\" data-id=\"606597\" src=\"https:\/\/diariodominicano.com\/wp-content\/uploads\/2025\/03\/Gobierno-en-las-Provincias-Autoridades-y-liderazgo-acuerdan-dar-respuestas-efectivas-a-necesidadesSDE-1024x576.jpg\" alt=\"\" class=\"wp-image-606597\" srcset=\"https:\/\/diariodominicano.com\/wp-content\/uploads\/2025\/03\/Gobierno-en-las-Provincias-Autoridades-y-liderazgo-acuerdan-dar-respuestas-efectivas-a-necesidadesSDE-1024x576.jpg 1024w, https:\/\/diariodominicano.com\/wp-content\/uploads\/2025\/03\/Gobierno-en-las-Provincias-Autoridades-y-liderazgo-acuerdan-dar-respuestas-efectivas-a-necesidadesSDE-300x169.jpg 300w, https:\/\/diariodominicano.com\/wp-content\/uploads\/2025\/03\/Gobierno-en-las-Provincias-Autoridades-y-liderazgo-acuerdan-dar-respuestas-efectivas-a-necesidadesSDE-768x432.jpg 768w, https:\/\/diariodominicano.com\/wp-content\/uploads\/2025\/03\/Gobierno-en-las-Provincias-Autoridades-y-liderazgo-acuerdan-dar-respuestas-efectivas-a-necesidadesSDE-816x459.jpg 816w, https:\/\/diariodominicano.com\/wp-content\/uploads\/2025\/03\/Gobierno-en-las-Provincias-Autoridades-y-liderazgo-acuerdan-dar-respuestas-efectivas-a-necesidadesSDE.jpg 1280w\" sizes=\"auto, (max-width: 1024px) 100vw, 1024px\" \/><figcaption class=\"wp-element-caption\">Gobierno en las Provincias Autoridades y liderazgo acuerdan dar respuestas efectivas a necesidadesSDE <\/figcaption><\/figure>\n<\/figure>\n\n\n\n<p>El encuentro reuni\u00f3 a ministros, directores generales y funcionarios locales con ciudadanos, l\u00edderes comunitarios, representantes de medios de comunicaci\u00f3n y diversos sectores estrat\u00e9gicos, abordando temas que incluyen: educaci\u00f3n, salud, seguridad, vivienda y servicios b\u00e1sicos, desarrollo productivo y gesti\u00f3n gubernamental en el territorio.<\/p>\n\n\n\n<figure class=\"wp-block-gallery has-nested-images columns-default is-cropped wp-block-gallery-2 is-layout-flex wp-block-gallery-is-layout-flex\">\n<figure class=\"wp-block-image size-large\"><img loading=\"lazy\" decoding=\"async\" width=\"1024\" height=\"682\" data-id=\"606596\" src=\"https:\/\/diariodominicano.com\/wp-content\/uploads\/2025\/03\/Rafael-Santos-Badia-Gobierno-en-las-Provincias-SDE-1024x682.jpg\" alt=\"\" class=\"wp-image-606596\" srcset=\"https:\/\/diariodominicano.com\/wp-content\/uploads\/2025\/03\/Rafael-Santos-Badia-Gobierno-en-las-Provincias-SDE-1024x682.jpg 1024w, https:\/\/diariodominicano.com\/wp-content\/uploads\/2025\/03\/Rafael-Santos-Badia-Gobierno-en-las-Provincias-SDE-300x200.jpg 300w, https:\/\/diariodominicano.com\/wp-content\/uploads\/2025\/03\/Rafael-Santos-Badia-Gobierno-en-las-Provincias-SDE-768x512.jpg 768w, https:\/\/diariodominicano.com\/wp-content\/uploads\/2025\/03\/Rafael-Santos-Badia-Gobierno-en-las-Provincias-SDE-816x544.jpg 816w, https:\/\/diariodominicano.com\/wp-content\/uploads\/2025\/03\/Rafael-Santos-Badia-Gobierno-en-las-Provincias-SDE.jpg 1280w\" sizes=\"auto, (max-width: 1024px) 100vw, 1024px\" \/><figcaption class=\"wp-element-caption\">Rafael Santos Bad\u00eda, Gobierno en las Provincias SDE <\/figcaption><\/figure>\n<\/figure>\n\n\n\n<p>El director general del Instituto Nacional de Formaci\u00f3n T\u00e9cnico Profesional (INFOTEP), Rafael Santos Bad\u00eda, coordinador designado para el \u201cGobierno en las Provincias\u201d en Santo Domingo Este (SDE), dijo que las obras fundamentales de la demarcaci\u00f3n son: la construcci\u00f3n de una ciudad sanitaria, la extensi\u00f3n del Metro de Santo Domingo, la terminaci\u00f3n de la Universidad Aut\u00f3noma de Santo Domingo (UASD) y la Avenida Ecol\u00f3gica y la construcci\u00f3n de calles y paseos peatonales.<\/p>\n\n\n\n<figure class=\"wp-block-gallery has-nested-images columns-default is-cropped wp-block-gallery-3 is-layout-flex wp-block-gallery-is-layout-flex\">\n<figure class=\"wp-block-image size-large\"><img loading=\"lazy\" decoding=\"async\" width=\"1024\" height=\"682\" data-id=\"606594\" src=\"https:\/\/diariodominicano.com\/wp-content\/uploads\/2025\/03\/Dio-Astacio-y-Rafael-Santos-Badia-Gobierno-en-las-Provincias-SDE-1024x682.jpg\" alt=\"\" class=\"wp-image-606594\" srcset=\"https:\/\/diariodominicano.com\/wp-content\/uploads\/2025\/03\/Dio-Astacio-y-Rafael-Santos-Badia-Gobierno-en-las-Provincias-SDE-1024x682.jpg 1024w, https:\/\/diariodominicano.com\/wp-content\/uploads\/2025\/03\/Dio-Astacio-y-Rafael-Santos-Badia-Gobierno-en-las-Provincias-SDE-300x200.jpg 300w, https:\/\/diariodominicano.com\/wp-content\/uploads\/2025\/03\/Dio-Astacio-y-Rafael-Santos-Badia-Gobierno-en-las-Provincias-SDE-768x512.jpg 768w, https:\/\/diariodominicano.com\/wp-content\/uploads\/2025\/03\/Dio-Astacio-y-Rafael-Santos-Badia-Gobierno-en-las-Provincias-SDE-816x544.jpg 816w, https:\/\/diariodominicano.com\/wp-content\/uploads\/2025\/03\/Dio-Astacio-y-Rafael-Santos-Badia-Gobierno-en-las-Provincias-SDE.jpg 1280w\" sizes=\"auto, (max-width: 1024px) 100vw, 1024px\" \/><figcaption class=\"wp-element-caption\">Dio Astacio y Rafael Santos Bad\u00eda, Gobierno en las Provincias SDE <\/figcaption><\/figure>\n<\/figure>\n\n\n\n<p>En ese orden agreg\u00f3 que el gobierno dar\u00e1 soluci\u00f3n al resultado de las evaluaciones que se han realizado y que arrojan la necesita alumbrar las calles, sustituir los veh\u00edculos chatarras, mejorar la movilidad urbana y la conducta de los choferes para evitar accidentes de tr\u00e1nsito, as\u00ed como la construcci\u00f3n de: un estadio, un cementerio municipal y un acueducto.<\/p>\n\n\n\n<p>\u201cEste encuentro permiti\u00f3 recoger inquietudes, identificar soluciones y fortalecer el compromiso conjunto para impulsar el desarrollo de Santo Domingo Este, garantizando que las decisiones y acciones gubernamentales respondan a las verdaderas necesidades de la comunidad\u201d, dijo Santos Bad\u00eda.<\/p>\n\n\n\n<p>Asimismo, indic\u00f3 que \u201cSanto Domingo Este se reviste de esperanza, bajo del liderazgo del presidente Lu\u00eds Abinader, cuya prioridad es llevar desarrollo a la gente\u201d, al tiempo que refiri\u00f3 que el Gobierno estar\u00e1 dando respuestas oportunas y efectivas a las necesidades de la poblaci\u00f3n.<\/p>\n\n\n\n<p>De su lado, el enlace adjunto del programa en el municipio, Otto Vargas, record\u00f3 el funcionamiento de dos plataformas para maximizar las respuestas a los ciudadanos, las cuales permiten que los Consejos de Desarrollo Municipales y Provinciales puedan registrar las obras que necesitan y dar seguimiento a su avance.<\/p>\n\n\n\n<p>\u201cLa primera es para hacer demandas de obra, mientras que la segunda es utilizada para conocer de los avances de la obra solicitada, conociendo de todos los pormenores de principio a fin\u201d, apunt\u00f3 Vargas.<\/p>\n\n\n\n<p>En tanto el alcalde de SDE, D\u00edo Astacio, dijo que el Gobierno ha entregado e iniciado importantes obras, poniendo como ejemplo la ampliaci\u00f3n de la Autopista de San Isidro y las avenidas Freddy Beras Goico y Las Am\u00e9ricas y la Ciudad Judicial.<\/p>\n\n\n\n<p>Como parte de la jornada, las autoridades tambi\u00e9n realizaron visitas de supervisi\u00f3n a los proyectos de inversi\u00f3n p\u00fablica en la provincia Santo Domingo, con especial atenci\u00f3n en las obras en ejecuci\u00f3n en Hainamosa y Santo Domingo Este, verificando su avance y asegurando su continuidad.<\/p>\n\n\n\n<p>La supervisi\u00f3n de las obras en ejecuci\u00f3n, incluy\u00f3 encuentros con los sectores religiosos, el Consejo Municipal de Desarrollo, los principales actores pol\u00edticos de la localidad y la sociedad civil en general, quienes tambi\u00e9n participaron activamente en las reuniones, reafirmando su compromiso de trabajar junto al gobierno central para impulsar el desarrollo sostenible y mejorar la calidad de vida de los ciudadanos de la provincia Santo Domingo.<\/p>\n\n\n\n<p>Los temas prioritarios fueron ampliamente socializados con representantes de los sectores vivos del municipio, incluyendo iglesias, juntas de vecinos, asociaciones comunitarias, empresarios, gremios profesionales y organizaciones de la sociedad civil.<\/p>\n\n\n\n<p>Sobre el gobierno en las provincias<\/p>\n\n\n\n<p>\u00abGobierno en las Provincias\u00bb es una estrategia nacional que busca consolidar una gesti\u00f3n m\u00e1s cercana y eficiente, asegurando la implementaci\u00f3n de pol\u00edticas p\u00fablicas alineadas con las prioridades de cada comunidad.<\/p>\n\n\n\n<p>Prensa INFOTEP <a href=\"mailto:prensainfotep@infotep.gob.do\">prensainfotep@infotep.gob.do<\/a><\/p>\n\n\n\n<figure class=\"wp-block-gallery has-nested-images columns-default is-cropped wp-block-gallery-4 is-layout-flex wp-block-gallery-is-layout-flex\"><\/figure>\n","protected":false},"excerpt":{"rendered":"<p>Santo Domingo Este, RD. &#8211; El Gobierno de la Rep\u00fablica Dominicana llev\u00f3 a cabo el s\u00e1bado una nueva jornada del programa \u00abEl Gobierno en las Provincias\u00bb, una iniciativa que busca fortalecer el v\u00ednculo entre las autoridades y la ciudadan\u00eda, a los fines de conocer las necesidades locales y agilizar respuestas. El encuentro reuni\u00f3 a ministros, [&hellip;]<\/p>\n","protected":false},"author":7,"featured_media":606595,"comment_status":"closed","ping_status":"closed","sticky":false,"template":"","format":"standard","meta":{"footnotes":""},"categories":[20,22],"tags":[94],"class_list":["post-606585","post","type-post","status-publish","format-standard","has-post-thumbnail","hentry","category-dominicana-hoy","category-politica","tag-infotep"],"_links":{"self":[{"href":"https:\/\/diariodominicano.com\/index.php?rest_route=\/wp\/v2\/posts\/606585","targetHints":{"allow":["GET"]}}],"collection":[{"href":"https:\/\/diariodominicano.com\/index.php?rest_route=\/wp\/v2\/posts"}],"about":[{"href":"https:\/\/diariodominicano.com\/index.php?rest_route=\/wp\/v2\/types\/post"}],"author":[{"embeddable":true,"href":"https:\/\/diariodominicano.com\/index.php?rest_route=\/wp\/v2\/users\/7"}],"replies":[{"embeddable":true,"href":"https:\/\/diariodominicano.com\/index.php?rest_route=%2Fwp%2Fv2%2Fcomments&post=606585"}],"version-history":[{"count":2,"href":"https:\/\/diariodominicano.com\/index.php?rest_route=\/wp\/v2\/posts\/606585\/revisions"}],"predecessor-version":[{"id":606639,"href":"https:\/\/diariodominicano.com\/index.php?rest_route=\/wp\/v2\/posts\/606585\/revisions\/606639"}],"wp:featuredmedia":[{"embeddable":true,"href":"https:\/\/diariodominicano.com\/index.php?rest_route=\/wp\/v2\/media\/606595"}],"wp:attachment":[{"href":"https:\/\/diariodominicano.com\/index.php?rest_route=%2Fwp%2Fv2%2Fmedia&parent=606585"}],"wp:term":[{"taxonomy":"category","embeddable":true,"href":"https:\/\/diariodominicano.com\/index.php?rest_route=%2Fwp%2Fv2%2Fcategories&post=606585"},{"taxonomy":"post_tag","embeddable":true,"href":"https:\/\/diariodominicano.com\/index.php?rest_route=%2Fwp%2Fv2%2Ftags&post=606585"}],"curies":[{"name":"wp","href":"https:\/\/api.w.org\/{rel}","templated":true}]}}