{"id":606584,"date":"2025-03-30T21:54:38","date_gmt":"2025-03-31T01:54:38","guid":{"rendered":"https:\/\/diariodominicano.com\/?p=606584"},"modified":"2025-03-30T22:48:35","modified_gmt":"2025-03-31T02:48:35","slug":"medico-e-historiador-preside-la-nueva-directiva-del-instituto-duartiano","status":"publish","type":"post","link":"https:\/\/diariodominicano.com\/?p=606584","title":{"rendered":"M\u00e9dico e historiador Julio Manuel Rodr\u00edguez Grull\u00f3n preside la nueva directiva del Instituto Duartiano"},"content":{"rendered":"\n<p>Reconocido como \u201cmaestro de la medicina\u201d por el Colegio M\u00e9dico Dominicano en 1993, el pediatra, docente e historiador Julio Manuel Rodr\u00edguez Grull\u00f3n encabeza ahora la instituci\u00f3n patri\u00f3tica que promueve y preserva el legado del patricio.<\/p>\n\n\n\n<p>Santo Domingo, Rep. Dom.- El Instituto Duartiano celebr\u00f3 este fin de semana, en su sede, una asamblea general en la que eligi\u00f3 su nueva junta directiva para el per\u00edodo 2025-2027, presidida por el doctor Julio Manuel Rodr\u00edguez Grull\u00f3n, destacado m\u00e9dico pediatra, historiador y miembro activo de la instituci\u00f3n, lo que marca un nuevo cap\u00edtulo en la misi\u00f3n del organismo, que es promover y preservar el legado del patricio.<\/p>\n\n\n\n<figure class=\"wp-block-gallery has-nested-images columns-default is-cropped wp-block-gallery-1 is-layout-flex wp-block-gallery-is-layout-flex\">\n<figure class=\"wp-block-image size-large\"><img loading=\"lazy\" decoding=\"async\" width=\"1024\" height=\"683\" data-id=\"606591\" src=\"https:\/\/diariodominicano.com\/wp-content\/uploads\/2025\/03\/Robinson-Cuello-Ana-Coen-Rafaela-Mesa-Jacinto-Pichardo-Julio-Rodriguez-Pilia-Moreno-y-Dulce-Rosso-1024x683.jpg\" alt=\"\" class=\"wp-image-606591\" srcset=\"https:\/\/diariodominicano.com\/wp-content\/uploads\/2025\/03\/Robinson-Cuello-Ana-Coen-Rafaela-Mesa-Jacinto-Pichardo-Julio-Rodriguez-Pilia-Moreno-y-Dulce-Rosso-1024x683.jpg 1024w, https:\/\/diariodominicano.com\/wp-content\/uploads\/2025\/03\/Robinson-Cuello-Ana-Coen-Rafaela-Mesa-Jacinto-Pichardo-Julio-Rodriguez-Pilia-Moreno-y-Dulce-Rosso-300x200.jpg 300w, https:\/\/diariodominicano.com\/wp-content\/uploads\/2025\/03\/Robinson-Cuello-Ana-Coen-Rafaela-Mesa-Jacinto-Pichardo-Julio-Rodriguez-Pilia-Moreno-y-Dulce-Rosso-768x512.jpg 768w, https:\/\/diariodominicano.com\/wp-content\/uploads\/2025\/03\/Robinson-Cuello-Ana-Coen-Rafaela-Mesa-Jacinto-Pichardo-Julio-Rodriguez-Pilia-Moreno-y-Dulce-Rosso-1536x1024.jpg 1536w, https:\/\/diariodominicano.com\/wp-content\/uploads\/2025\/03\/Robinson-Cuello-Ana-Coen-Rafaela-Mesa-Jacinto-Pichardo-Julio-Rodriguez-Pilia-Moreno-y-Dulce-Rosso-2048x1366.jpg 2048w, https:\/\/diariodominicano.com\/wp-content\/uploads\/2025\/03\/Robinson-Cuello-Ana-Coen-Rafaela-Mesa-Jacinto-Pichardo-Julio-Rodriguez-Pilia-Moreno-y-Dulce-Rosso-816x544.jpg 816w\" sizes=\"auto, (max-width: 1024px) 100vw, 1024px\" \/><figcaption class=\"wp-element-caption\">Robinson Cuello, Ana Co\u00e9n Rafaela Mesa, Jacinto Pi hardo, Julio Rodr\u00edguez, Pilia Moreno y Dulce Ross\u00f3<\/figcaption><\/figure>\n<\/figure>\n\n\n\n<p>La nueva junta directiva est\u00e1 integrada por profesionales de diversas \u00e1reas, quienes aportar\u00e1n su experiencia para continuar con las labores de divulgaci\u00f3n y educaci\u00f3n sobre la historia nacional, incluye a Wilson G\u00f3mez Ram\u00edrez como vicepresidente; Jacinto Pichardo Vicioso, secretario general; Jos\u00e9 Pilia Moreno Duarte, tesorero, y V\u00edctor Zabala S\u00e1nchez, gobernador.<\/p>\n\n\n\n<figure class=\"wp-block-gallery has-nested-images columns-default is-cropped wp-block-gallery-2 is-layout-flex wp-block-gallery-is-layout-flex\">\n<figure class=\"wp-block-image size-large\"><img loading=\"lazy\" decoding=\"async\" width=\"1024\" height=\"683\" data-id=\"606592\" src=\"https:\/\/diariodominicano.com\/wp-content\/uploads\/2025\/03\/Robinson-Cuello-Ana-Coen-y-Rafaela-Mesa-Jacinto-Pichardo-Julio-Rodriguez-Pilia-Moreno-y-Dulce-Rosso-1024x683.jpg\" alt=\"\" class=\"wp-image-606592\" srcset=\"https:\/\/diariodominicano.com\/wp-content\/uploads\/2025\/03\/Robinson-Cuello-Ana-Coen-y-Rafaela-Mesa-Jacinto-Pichardo-Julio-Rodriguez-Pilia-Moreno-y-Dulce-Rosso-1024x683.jpg 1024w, https:\/\/diariodominicano.com\/wp-content\/uploads\/2025\/03\/Robinson-Cuello-Ana-Coen-y-Rafaela-Mesa-Jacinto-Pichardo-Julio-Rodriguez-Pilia-Moreno-y-Dulce-Rosso-300x200.jpg 300w, https:\/\/diariodominicano.com\/wp-content\/uploads\/2025\/03\/Robinson-Cuello-Ana-Coen-y-Rafaela-Mesa-Jacinto-Pichardo-Julio-Rodriguez-Pilia-Moreno-y-Dulce-Rosso-768x512.jpg 768w, https:\/\/diariodominicano.com\/wp-content\/uploads\/2025\/03\/Robinson-Cuello-Ana-Coen-y-Rafaela-Mesa-Jacinto-Pichardo-Julio-Rodriguez-Pilia-Moreno-y-Dulce-Rosso-1536x1024.jpg 1536w, https:\/\/diariodominicano.com\/wp-content\/uploads\/2025\/03\/Robinson-Cuello-Ana-Coen-y-Rafaela-Mesa-Jacinto-Pichardo-Julio-Rodriguez-Pilia-Moreno-y-Dulce-Rosso-2048x1366.jpg 2048w, https:\/\/diariodominicano.com\/wp-content\/uploads\/2025\/03\/Robinson-Cuello-Ana-Coen-y-Rafaela-Mesa-Jacinto-Pichardo-Julio-Rodriguez-Pilia-Moreno-y-Dulce-Rosso-816x544.jpg 816w\" sizes=\"auto, (max-width: 1024px) 100vw, 1024px\" \/><figcaption class=\"wp-element-caption\">Robinson Cuello, Ana Co\u00e9n y Rafaela Mesa, Jacinto Pichardo, Julio Rodr\u00edguez, Pilia Moreno y Dulce Ross\u00f3 <\/figcaption><\/figure>\n<\/figure>\n\n\n\n<p>Los vocales son Rafaela Mesa Simon\u00f3, Robinson Cuello Shanlatte, Dulce Ross\u00f3, Julia Danitza F\u00e9liz, Eduardo Gautreau De Windt y Carmen Herrera. La Comisi\u00f3n Electoral estuvo presidida por Pedro Richardson, acompa\u00f1ado por los miembros Pelegr\u00edn Castillo y Delta Paniagua.<\/p>\n\n\n\n<figure class=\"wp-block-gallery has-nested-images columns-default is-cropped wp-block-gallery-3 is-layout-flex wp-block-gallery-is-layout-flex\">\n<figure class=\"wp-block-image size-large\"><img loading=\"lazy\" decoding=\"async\" width=\"1024\" height=\"683\" data-id=\"606593\" src=\"https:\/\/diariodominicano.com\/wp-content\/uploads\/2025\/03\/Vista-parcial-de-los-asistentes-de-la-asamblea-1024x683.jpg\" alt=\"\" class=\"wp-image-606593\" srcset=\"https:\/\/diariodominicano.com\/wp-content\/uploads\/2025\/03\/Vista-parcial-de-los-asistentes-de-la-asamblea-1024x683.jpg 1024w, https:\/\/diariodominicano.com\/wp-content\/uploads\/2025\/03\/Vista-parcial-de-los-asistentes-de-la-asamblea-300x200.jpg 300w, https:\/\/diariodominicano.com\/wp-content\/uploads\/2025\/03\/Vista-parcial-de-los-asistentes-de-la-asamblea-768x512.jpg 768w, https:\/\/diariodominicano.com\/wp-content\/uploads\/2025\/03\/Vista-parcial-de-los-asistentes-de-la-asamblea-1536x1024.jpg 1536w, https:\/\/diariodominicano.com\/wp-content\/uploads\/2025\/03\/Vista-parcial-de-los-asistentes-de-la-asamblea-2048x1366.jpg 2048w, https:\/\/diariodominicano.com\/wp-content\/uploads\/2025\/03\/Vista-parcial-de-los-asistentes-de-la-asamblea-816x544.jpg 816w\" sizes=\"auto, (max-width: 1024px) 100vw, 1024px\" \/><figcaption class=\"wp-element-caption\">Vista parcial de los asistentes de la asamblea <\/figcaption><\/figure>\n<\/figure>\n\n\n\n<p>Sobre el nuevo presidente<\/p>\n\n\n\n<p>El doctor Julio Manuel Rodr\u00edguez Grull\u00f3n es una figura de notable renombre tanto en la medicina como en la historia dominicana. Se gradu\u00f3 en medicina en la Universidad de Santo Domingo en 1960, con especialidades en Pediatr\u00eda y Hematolog\u00eda en los Estados Unidos. A lo largo de su carrera, ha dedicado su vida al servicio de la salud y la educaci\u00f3n.<\/p>\n\n\n\n<p>Miembro del Instituto Duartiano desde 2002, ha desempe\u00f1ado roles destacados, entre ellos el de secretario general. Adem\u00e1s de su vasta carrera m\u00e9dica, Rodr\u00edguez Grull\u00f3n es un historiador y escritor prol\u00edfico, con obras significativas que abordan temas hist\u00f3ricos y patri\u00f3ticos de la Rep\u00fablica Dominicana, tales como \u201cCinco Conferencias\u201d, \u201cCuba, Para\u00edso o Infierno\u201d y \u201cDuarte 25\u201d.<\/p>\n\n\n\n<p>Fue reconocido por su compromiso con la educaci\u00f3n y la investigaci\u00f3n hist\u00f3rica, recibiendo numerosos premios, entre ellos el t\u00edtulo de \u00abPediatra del a\u00f1o\u00bb por la Sociedad Dominicana de Pediatr\u00eda y \u00abMaestro de la medicina\u00bb por el Colegio M\u00e9dico Dominicano. Su influencia tambi\u00e9n se extiende a su trabajo como profesor en diversas universidades del pa\u00eds.<\/p>\n\n\n\n<p>Fue jefe servicio de pediatr\u00eda desde 1975 hasta que fue derribado para construir la Ciudad Sanitaria \u00abDoctor Luis E Aybar\u00bb, en 2014; adem\u00e1s, fungi\u00f3 como director hospital Luis E Aybar en dos ocasiones, recibi\u00f3 el t\u00edtulo de Investigador de la Universidad de Wisconsin, en 1970 y est\u00e1 certificado con el \u00abboard americano\u00bb de pediatr\u00eda, en 1972.<\/p>\n\n\n\n<p>Acciones para los pr\u00f3ximos a\u00f1os<\/p>\n\n\n\n<p>En su primer discurso como presidente, el doctor Rodr\u00edguez Grull\u00f3n destac\u00f3 varios objetivos clave para su gesti\u00f3n. Entre estos se incluyen la expansi\u00f3n y consolidaci\u00f3n del Instituto Duartiano a nivel nacional e internacional, mediante la apertura de nuevas filiales y el fortalecimiento de las existentes.<\/p>\n\n\n\n<p>Asimismo, mencion\u00f3 su intenci\u00f3n de implementar actividades y programas que fortalezcan el reconocimiento y estudio de la figura de Juan Pablo Duarte, tanto en el pa\u00eds como en la di\u00e1spora dominicana.<\/p>\n\n\n\n<p>Entre los proyectos en su agenda se destaca la creaci\u00f3n de una estatua ecuestre de Duarte, un s\u00edmbolo tangible que representar\u00eda la figura del patricio, quien utiliz\u00f3 el caballo como principal medio de transporte en sus traves\u00edas patri\u00f3ticas. Tambi\u00e9n se contempla la correcci\u00f3n de detalles hist\u00f3ricos, como los defectos en el escudo nacional en algunos sitios emblem\u00e1ticos y la pol\u00e9mica presencia de Pedro Santana en el Pante\u00f3n de la Patria, lo que Rodr\u00edguez Grull\u00f3n considera un tema urgente de revisi\u00f3n.<\/p>\n\n\n\n<p>Con su amplia trayectoria en la medicina y la historia, Rodr\u00edguez Grull\u00f3n se perfila como un l\u00edder comprometido con la preservaci\u00f3n de los valores patri\u00f3ticos y el fortalecimiento del legado de Juan Pablo Duarte. Su nombramiento al frente del Instituto Duartiano es un paso importante para consolidar la memoria hist\u00f3rica de la naci\u00f3n y asegurar que las futuras generaciones comprendan el verdadero significado de la independencia dominicana.<\/p>\n\n\n\n<p>Con esta nueva junta directiva, el Instituto Duartiano se encamina hacia una gesti\u00f3n orientada no solo a la preservaci\u00f3n de la historia, sino tambi\u00e9n a proyectar una imagen s\u00f3lida y unificada de la Rep\u00fablica Dominicana, tanto a nivel local como internacional.<\/p>\n\n\n\n<p>Sobre el Instituto Duartiano<\/p>\n\n\n\n<p>El Instituto Duartiano es un organismo de car\u00e1cter oficial y aut\u00f3nomo, fundado el 26 de enero de 1964. La Ley n\u00famero 127-01, del 27 de julio de 2001, le otorg\u00f3 autonom\u00eda.<\/p>\n\n\n\n<p>Su objetivo es promover la difusi\u00f3n de los ideales, la vida y el ejemplo de Juan Pablo Duarte, as\u00ed como los valores patrios y los gloriosos acontecimientos hist\u00f3ricos de la Rep\u00fablica Dominicana.<\/p>\n\n\n\n<p>Es la instituci\u00f3n responsable de velar por el respeto a la memoria del Patricio, preservando su imagen y su buen nombre.<\/p>\n\n\n\n<p>La misi\u00f3n del Instituto Duartiano es llevar al pueblo dominicano la historia de Juan Pablo Duarte y lograr que, mediante el conocimiento de sus ideales, laboriosidad, honestidad acrisolada, patriotismo, esp\u00edritu de servicio y vida ejemplar, se forje un mejor ciudadano y una patria justa y feliz, tal como lo so\u00f1\u00f3 el Padre de la Patria.<\/p>\n\n\n\n<figure class=\"wp-block-embed is-type-video is-provider-youtube wp-block-embed-youtube wp-embed-aspect-16-9 wp-has-aspect-ratio\"><div class=\"wp-block-embed__wrapper\">\n<iframe loading=\"lazy\" title=\"M\u00e9dico e historiador preside la nueva directiva del Instituto Duartiano.\" width=\"616\" height=\"347\" src=\"https:\/\/www.youtube.com\/embed\/mmMf0DSCb44?feature=oembed\" frameborder=\"0\" allow=\"accelerometer; autoplay; clipboard-write; encrypted-media; gyroscope; picture-in-picture; web-share\" referrerpolicy=\"strict-origin-when-cross-origin\" allowfullscreen><\/iframe>\n<\/div><\/figure>\n\n\n\n<figure class=\"wp-block-embed is-type-video is-provider-youtube wp-block-embed-youtube wp-embed-aspect-16-9 wp-has-aspect-ratio\"><div class=\"wp-block-embed__wrapper\">\n<iframe loading=\"lazy\" title=\"M\u00e9dico e historiador preside la nueva directiva del Instituto Duartiano..\" width=\"616\" height=\"347\" src=\"https:\/\/www.youtube.com\/embed\/C5hV_FUEry4?feature=oembed\" frameborder=\"0\" allow=\"accelerometer; autoplay; clipboard-write; encrypted-media; gyroscope; picture-in-picture; web-share\" referrerpolicy=\"strict-origin-when-cross-origin\" allowfullscreen><\/iframe>\n<\/div><\/figure>\n\n\n\n<p>Enver L\u00f3pez Milander <a href=\"mailto:enverolm2@gmail.com\">enverolm2@gmail.com<\/a><\/p>\n","protected":false},"excerpt":{"rendered":"<p>Reconocido como \u201cmaestro de la medicina\u201d por el Colegio M\u00e9dico Dominicano en 1993, el pediatra, docente e historiador Julio Manuel Rodr\u00edguez Grull\u00f3n encabeza ahora la instituci\u00f3n patri\u00f3tica que promueve y preserva el legado del patricio. Santo Domingo, Rep. Dom.- El Instituto Duartiano celebr\u00f3 este fin de semana, en su sede, una asamblea general en la [&hellip;]<\/p>\n","protected":false},"author":7,"featured_media":606590,"comment_status":"closed","ping_status":"open","sticky":false,"template":"","format":"standard","meta":{"footnotes":""},"categories":[21,36,26,27],"tags":[264],"class_list":["post-606584","post","type-post","status-publish","format-standard","has-post-thumbnail","hentry","category-cultura","category-hombresmujeresycosas","category-efemerides","category-portada","tag-instituto-duartiano"],"_links":{"self":[{"href":"https:\/\/diariodominicano.com\/index.php?rest_route=\/wp\/v2\/posts\/606584","targetHints":{"allow":["GET"]}}],"collection":[{"href":"https:\/\/diariodominicano.com\/index.php?rest_route=\/wp\/v2\/posts"}],"about":[{"href":"https:\/\/diariodominicano.com\/index.php?rest_route=\/wp\/v2\/types\/post"}],"author":[{"embeddable":true,"href":"https:\/\/diariodominicano.com\/index.php?rest_route=\/wp\/v2\/users\/7"}],"replies":[{"embeddable":true,"href":"https:\/\/diariodominicano.com\/index.php?rest_route=%2Fwp%2Fv2%2Fcomments&post=606584"}],"version-history":[{"count":2,"href":"https:\/\/diariodominicano.com\/index.php?rest_route=\/wp\/v2\/posts\/606584\/revisions"}],"predecessor-version":[{"id":606637,"href":"https:\/\/diariodominicano.com\/index.php?rest_route=\/wp\/v2\/posts\/606584\/revisions\/606637"}],"wp:featuredmedia":[{"embeddable":true,"href":"https:\/\/diariodominicano.com\/index.php?rest_route=\/wp\/v2\/media\/606590"}],"wp:attachment":[{"href":"https:\/\/diariodominicano.com\/index.php?rest_route=%2Fwp%2Fv2%2Fmedia&parent=606584"}],"wp:term":[{"taxonomy":"category","embeddable":true,"href":"https:\/\/diariodominicano.com\/index.php?rest_route=%2Fwp%2Fv2%2Fcategories&post=606584"},{"taxonomy":"post_tag","embeddable":true,"href":"https:\/\/diariodominicano.com\/index.php?rest_route=%2Fwp%2Fv2%2Ftags&post=606584"}],"curies":[{"name":"wp","href":"https:\/\/api.w.org\/{rel}","templated":true}]}}