{"id":606329,"date":"2025-03-29T02:34:53","date_gmt":"2025-03-29T06:34:53","guid":{"rendered":"https:\/\/diariodominicano.com\/?p=606329"},"modified":"2025-03-29T02:34:56","modified_gmt":"2025-03-29T06:34:56","slug":"triunfo-de-las-armas-dominicanas-en-santiago","status":"publish","type":"post","link":"https:\/\/diariodominicano.com\/?p=606329","title":{"rendered":"Triunfo de Las Armas Dominicanas en Santiago\u00a0"},"content":{"rendered":"\n<p>Por Te\u00f3filo Lappot Robles&nbsp;<\/p>\n\n\n\n<p>Se cumplen ahora 181 a\u00f1os del triunfo de las armas dominicanas el d\u00eda s\u00e1bado 30 de marzo de 1844, en la ciudad de Santiago de los Caballeros y sus aleda\u00f1os, sobre miles de invasores haitianos que pretend\u00edan aniquilar la Independencia Nacional obtenida hac\u00eda apenas un mes. Aquella gran batalla fue un acontecimiento hist\u00f3rico que reafirm\u00f3 la voluntad de libertad del pueblo dominicano.<\/p>\n\n\n\n<p>Diez mil extranjeros armados, bajo la direcci\u00f3n del general Jean-Louis Pierrot, pretend\u00edan destruir las fortificaciones bautizadas con los nombres de Dios, Patria y Libertad, controlar las colinas citadinas y ocupar esa ciudad. Vale reiterar que el objetivo final de esa expedici\u00f3n militar era dejar sin efecto los hechos que siguieron al trabucazo redentor disparado un mes antes en la Puerta de la Misericordia, en Santo Domingo, por el pr\u00f3cer Ram\u00f3n Mat\u00edas Mella.<\/p>\n\n\n\n<p>Nunca se sabr\u00e1 la cantidad de muertos y heridos que en ambos bandos dejaron los enfrentamientos de ese d\u00eda glorioso para las armas nacionales y de derrota para los inc\u00f3modos intrusos. Eso es parte de la verdad reservada en toda contienda b\u00e9lica. As\u00ed ha sido al menos desde hace dos mil quinientos a\u00f1os atr\u00e1s cuando el fil\u00f3sofo y militar chino Sun Tzu hizo sus anotaciones sobre el arte de la guerra.<\/p>\n\n\n\n<p>La oficialidad haitiana se acerc\u00f3 ese d\u00eda a la principal ciudad del Cibao sabiendo que el 25 de febrero de 1805 los generales Jean-Jacques Dessalines y Henri Christophe la hab\u00edan devastado. Aquella crueldad se produjo un lunes de carnaval, como anot\u00f3 el pol\u00edtico y diplom\u00e1tico estadounidense Sumner Welles en su obra titulada La Vi\u00f1a de Naboth, en la cual recogi\u00f3 hechos importantes sobre el pasado dominicano.<\/p>\n\n\n\n<p>Pero en el Santiago del 30 de marzo de 1844 lo que encontraron fue muerte, heridas y derrota. El historiador<strong> <\/strong>Alcides Garc\u00eda Lluberes, en un ensayo titulado Dos Grandes Batallas, describi\u00f3 lo ocurrido con estas elocuentes palabras: \u201cdespu\u00e9s de la Batalla del 30 de marzo los hombres de Hait\u00ed quedaron completamente convencidos de que el pueblo dominicano estaba animado de nuevas e invencibles energ\u00edas.\u201d<\/p>\n\n\n\n<p><strong>Opini\u00f3n de un historiador haitiano<\/strong><\/p>\n\n\n\n<p>Un prominente haitiano opin\u00f3 sobre los hechos concernidos a esta cr\u00f3nica as\u00ed: \u201cEl 30 de marzo, a la una de la tarde, las tropas haitianas se lanzaron al asalto. Dur\u00f3 la lucha m\u00e1s de cuatro horas sin que cayera la ciudad\u2026Las p\u00e9rdidas totales de su ej\u00e9rcito, antes que pudiera atravesar el Masacre y llegar al Cabo Haitiano, son estimadas, entre muertos y heridos, alrededor de setecientos hombres.\u201d (La Rep\u00fablica de Hait\u00ed y la Rep\u00fablica Dominicana. Editora Taller, edici\u00f3n 2000.PP335 y 336.Jean Price-Mars).<\/p>\n\n\n\n<p><strong>General Jos\u00e9 Mar\u00eda Imbert<\/strong><\/p>\n\n\n\n<p>Nadie nunca ha discutido que el principal h\u00e9roe de la referida batalla fue el general Jos\u00e9 Mar\u00eda Imbert, quien lleg\u00f3 a Santiago desde Moca precedido de su bravura y habiendo advertido en una plaza p\u00fablica de esa \u00faltima ciudad, tres semanas antes, que: \u201cDesde las aguas de Hig\u00fcey hasta Las Matas de Farf\u00e1n, y desde la pen\u00ednsula de Saman\u00e1 hasta Dajab\u00f3n, ha resonado el grito de Dios, Patria y Libertad\u2026\u201d<\/p>\n\n\n\n<p>En abono a lo anterior se\u00f1alo que el m\u00e1s prol\u00edfico de nuestros historiadores public\u00f3 lo que escribi\u00f3 el h\u00e9roe Jos\u00e9 Mar\u00eda L\u00f3pez, jefe de la artiller\u00eda dominicana en los hechos del 30 de marzo de 1844 en Santiago: \u201cHa sido el d\u00eda que m\u00e1s amenazada ha estado esta poblaci\u00f3n; y al mando del general Imbert tuvimos la gloria de rechazar a las tropas haitianas, que eran en fuerzas, cuadruplicadas a las nuestras\u2026\u201d (Guerra Dom\u00ednico-Haitiana, edici\u00f3n de 1957.P88.Emilio Rodr\u00edguez Demorizi).<\/p>\n\n\n\n<p><strong>Mella organizador inicial de la defensa<\/strong><\/p>\n\n\n\n<p>Para entonces el jefe militar de esa zona era el patricio<br>Ram\u00f3n Mat\u00edas Mella, pero cuando llegaron los invasores estaba en los campos de San Jos\u00e9 de las Matas, reclutando hombres para la lucha porque ya se sab\u00eda que los haitianos pod\u00edan aparecer en cualquier momento. \u00c9l fue el organizador inicial de la defensa dominicana en Santiago, comunicando directrices, impartiendo instrucciones militares y realizando designaciones en diferentes puntos estrat\u00e9gicos para enfrentar ataques de sorpresa.<\/p>\n\n\n\n<p>Es por eso que el periodista y escritor Federico Henr\u00edquez y Carvajal, en su ensayo biogr\u00e1fico sobre Mella, sostuvo lo siguiente: \u201cA no ser por su celosa solicitud de elementos para la lucha, suyos habr\u00edan sido los inmarcesibles laureles del triunfo que obtuvo para sus sienes otro invicto h\u00e9roe en la gran batalla del 30 de marzo.\u201d (Apoteosis de un h\u00e9roe. Cl\u00edo No.8, a\u00f1o 1934.P38.FHC).&nbsp;&nbsp;<\/p>\n\n\n\n<p><strong>Los andulleros de Sabana Iglesia<\/strong><\/p>\n\n\n\n<p>Hay que resaltar tambi\u00e9n la tit\u00e1nica acci\u00f3n de<strong> <\/strong>Fernando Valerio Gil y los 150 peones agr\u00edcolas que ese d\u00eda memorable dejaron sus aperos de labranza y atacaron a filo de machete a los invasores haitianos, entre el Fuerte Libertad y el r\u00edo Yaque el Norte. Ese hecho heroico es lo que desde entonces est\u00e1 registrado en las p\u00e1ginas de nuestra historia como la Carga de los Andulleros.&nbsp;<\/p>\n\n\n\n<p>Un famoso orador, abogado y escritor dominicano coloc\u00f3 en escala decisiva la actuaci\u00f3n de Valerio y los hombres bajo su mando al se\u00f1alar que: \u201c\u2026Enardecido por b\u00e9lica embriaguez, decidi\u00f3 quiz\u00e1s con su carga, famosa en nuestros fastos militares, al frente de los andulleros de Sabana Iglesia, la brega marcial del 30 de marzo de 1844.\u201d (Papeles de Arturo Logro\u00f1o. Impresora Amigo del Hogar, 2004.P.111).&nbsp;<\/p>\n\n\n\n<p>Tambi\u00e9n se destacaron en la batalla del 30 de marzo de 1844, entre muchos otros patriotas, los se\u00f1ores Pedro Pelletier, Achilles Michel, Jos\u00e9 Mar\u00eda L\u00f3pez, Angel Reyes, los hermanos Juan Luis y Ram\u00f3n Franco Bid\u00f3, Lorenzo Mieses, Juana Saltitopa, Jos\u00e9 Mar\u00eda G\u00f3mez, Toribio Ram\u00edrez, Francisco Antonio Salcedo, Marcos Trinidad, Jos\u00e9 Silva, Manuel Mar\u00eda Fr\u00f3meta y los comandantes identificados como Dr. Berg\u00e9s, Hungr\u00eda, Bid\u00f3 y Tolentino.<\/p>\n","protected":false},"excerpt":{"rendered":"<p>Por Te\u00f3filo Lappot Robles&nbsp; Se cumplen ahora 181 a\u00f1os del triunfo de las armas dominicanas el d\u00eda s\u00e1bado 30 de marzo de 1844, en la ciudad de Santiago de los Caballeros y sus aleda\u00f1os, sobre miles de invasores haitianos que pretend\u00edan aniquilar la Independencia Nacional obtenida hac\u00eda apenas un mes. Aquella gran batalla fue un [&hellip;]<\/p>\n","protected":false},"author":7,"featured_media":525185,"comment_status":"closed","ping_status":"closed","sticky":false,"template":"","format":"standard","meta":{"footnotes":""},"categories":[21],"tags":[177],"class_list":["post-606329","post","type-post","status-publish","format-standard","has-post-thumbnail","hentry","category-cultura","tag-teofilo-lappot-robles"],"_links":{"self":[{"href":"https:\/\/diariodominicano.com\/index.php?rest_route=\/wp\/v2\/posts\/606329","targetHints":{"allow":["GET"]}}],"collection":[{"href":"https:\/\/diariodominicano.com\/index.php?rest_route=\/wp\/v2\/posts"}],"about":[{"href":"https:\/\/diariodominicano.com\/index.php?rest_route=\/wp\/v2\/types\/post"}],"author":[{"embeddable":true,"href":"https:\/\/diariodominicano.com\/index.php?rest_route=\/wp\/v2\/users\/7"}],"replies":[{"embeddable":true,"href":"https:\/\/diariodominicano.com\/index.php?rest_route=%2Fwp%2Fv2%2Fcomments&post=606329"}],"version-history":[{"count":1,"href":"https:\/\/diariodominicano.com\/index.php?rest_route=\/wp\/v2\/posts\/606329\/revisions"}],"predecessor-version":[{"id":606338,"href":"https:\/\/diariodominicano.com\/index.php?rest_route=\/wp\/v2\/posts\/606329\/revisions\/606338"}],"wp:featuredmedia":[{"embeddable":true,"href":"https:\/\/diariodominicano.com\/index.php?rest_route=\/wp\/v2\/media\/525185"}],"wp:attachment":[{"href":"https:\/\/diariodominicano.com\/index.php?rest_route=%2Fwp%2Fv2%2Fmedia&parent=606329"}],"wp:term":[{"taxonomy":"category","embeddable":true,"href":"https:\/\/diariodominicano.com\/index.php?rest_route=%2Fwp%2Fv2%2Fcategories&post=606329"},{"taxonomy":"post_tag","embeddable":true,"href":"https:\/\/diariodominicano.com\/index.php?rest_route=%2Fwp%2Fv2%2Ftags&post=606329"}],"curies":[{"name":"wp","href":"https:\/\/api.w.org\/{rel}","templated":true}]}}