{"id":606029,"date":"2025-03-27T18:51:57","date_gmt":"2025-03-27T22:51:57","guid":{"rendered":"https:\/\/diariodominicano.com\/?p=606029"},"modified":"2025-03-27T19:42:02","modified_gmt":"2025-03-27T23:42:02","slug":"director-de-infotep-resalta-la-importancia-de-la-ftp-para-el-desarrollo-economico-y-el-futuro-del-empleo-en-el-caribe","status":"publish","type":"post","link":"https:\/\/diariodominicano.com\/?p=606029","title":{"rendered":"Director de INFOTEP resalta la importancia de la FTP para el desarrollo econ\u00f3mico y el futuro del empleo en el Caribe"},"content":{"rendered":"\n<p>Rafael Santos Bad\u00eda dict\u00f3 conferencia en el marco del 30 aniversario del Consejo de Educaci\u00f3n y Formaci\u00f3n T\u00e9cnica y Profesional de Barbados <\/p>\n\n\n\n<p>Barbados, \u2013 En el marco del 30 aniversario de la fundaci\u00f3n del Consejo de Formaci\u00f3n T\u00e9cnico Profesional de Barbados, conocido por sus siglas en ingles TVET Council, el director general del Instituto Nacional de Formaci\u00f3n T\u00e9cnico Profesional (INFOTEP), profesor Rafael Santos Bad\u00eda, ofreci\u00f3 una destacada conferencia sobre \u201cEl papel central de la Formaci\u00f3n T\u00e9cnico Profesional para las econom\u00edas de la Regi\u00f3n Caribe\u201d.<\/p>\n\n\n\n<figure class=\"wp-block-gallery has-nested-images columns-default is-cropped wp-block-gallery-1 is-layout-flex wp-block-gallery-is-layout-flex\">\n<figure class=\"wp-block-image size-large\"><img loading=\"lazy\" decoding=\"async\" width=\"695\" height=\"910\" data-id=\"606038\" src=\"https:\/\/diariodominicano.com\/wp-content\/uploads\/2025\/03\/Rafael-Santos-Badia-director-general-del-INFOTEP.jpg\" alt=\"\" class=\"wp-image-606038\" srcset=\"https:\/\/diariodominicano.com\/wp-content\/uploads\/2025\/03\/Rafael-Santos-Badia-director-general-del-INFOTEP.jpg 695w, https:\/\/diariodominicano.com\/wp-content\/uploads\/2025\/03\/Rafael-Santos-Badia-director-general-del-INFOTEP-229x300.jpg 229w\" sizes=\"auto, (max-width: 695px) 100vw, 695px\" \/><figcaption class=\"wp-element-caption\">Rafael Santos Bad\u00eda, director general del INFOTEP <\/figcaption><\/figure>\n<\/figure>\n\n\n\n<p>Durante su intervenci\u00f3n, Santos Bad\u00eda analiz\u00f3 los desaf\u00edos y oportunidades que enfrenta el Caribe en materia de empleo y desarrollo econ\u00f3mico, haciendo \u00e9nfasis en la transformaci\u00f3n digital, la diversificaci\u00f3n econ\u00f3mica y el impacto de la automatizaci\u00f3n en el mercado laboral.<\/p>\n\n\n\n<p>Se\u00f1al\u00f3 que, seg\u00fan estudios del Banco Mundial, el Caribe podr\u00eda experimentar p\u00e9rdidas anuales equivalentes al 5% de su PIB debido a eventos clim\u00e1ticos extremos para 2050, lo que subraya la urgencia de fortalecer la formaci\u00f3n y la capacitaci\u00f3n t\u00e9cnica como pilares del crecimiento sostenible.<\/p>\n\n\n\n<figure class=\"wp-block-gallery has-nested-images columns-default is-cropped wp-block-gallery-2 is-layout-flex wp-block-gallery-is-layout-flex\">\n<figure class=\"wp-block-image size-full\"><img loading=\"lazy\" decoding=\"async\" width=\"596\" height=\"794\" data-id=\"606037\" src=\"https:\/\/diariodominicano.com\/wp-content\/uploads\/2025\/03\/Herderson-Eastmont-Director-Ejecutivo-CTVET-Sandra-Husband-Ministra-Educacion-Terciaria-y-Superior-Rafael-Santos-Badia-director-general-del-INFOTE4P-y-Albert-Best-presidente-consejo-Directivo.jpg\" alt=\"\" class=\"wp-image-606037\" srcset=\"https:\/\/diariodominicano.com\/wp-content\/uploads\/2025\/03\/Herderson-Eastmont-Director-Ejecutivo-CTVET-Sandra-Husband-Ministra-Educacion-Terciaria-y-Superior-Rafael-Santos-Badia-director-general-del-INFOTE4P-y-Albert-Best-presidente-consejo-Directivo.jpg 596w, https:\/\/diariodominicano.com\/wp-content\/uploads\/2025\/03\/Herderson-Eastmont-Director-Ejecutivo-CTVET-Sandra-Husband-Ministra-Educacion-Terciaria-y-Superior-Rafael-Santos-Badia-director-general-del-INFOTE4P-y-Albert-Best-presidente-consejo-Directivo-225x300.jpg 225w\" sizes=\"auto, (max-width: 596px) 100vw, 596px\" \/><figcaption class=\"wp-element-caption\">Herderson Eastmont, Director Ejecutivo CTVET, Sandra Husband, Ministra Educaci\u00f3n Terciaria y Superior, Rafael Santos Bad\u00eda, director general del INFOTE4P y Albert Best, presidente consejo Directivo del CTVET <\/figcaption><\/figure>\n<\/figure>\n\n\n\n<p>\u201cLa Formaci\u00f3n T\u00e9cnico Profesional (FTP) es clave para que el Caribe enfrente los impactos del cambio clim\u00e1tico y reduzca su vulnerabilidad econ\u00f3mica. Capacitar en empleos verdes, adaptaci\u00f3n clim\u00e1tica y reconstrucci\u00f3n resiliente permitir\u00e1 mitigar p\u00e9rdidas y fortalecer sectores afectados como el turismo, la agricultura y la infraestructura\u201d, dijo Santos Bad\u00eda.<\/p>\n\n\n\n<p>Asimismo, resalt\u00f3 que FTP es clave para la competitividad de la regi\u00f3n, dado que el 78% de los egresados de programas de formaci\u00f3n t\u00e9cnica logran insertarse en el mercado laboral en los primeros seis meses luego de terminar su capacitaci\u00f3n.<\/p>\n\n\n\n<p>Insisti\u00f3 en la necesidad de modernizar la infraestructura de capacitaci\u00f3n, mejorar los equipamientos y actualizar los programas de estudio para responder a los desaf\u00edos de la Industria 4.0 y la econom\u00eda digital.<\/p>\n\n\n\n<p>El director de INFOTEP destac\u00f3 la importancia de implementar carreras 4.0 y 5.0, orientadas a la formaci\u00f3n en tecnolog\u00edas emergentes como inteligencia artificial, ciberseguridad, rob\u00f3tica y automatizaci\u00f3n.<\/p>\n\n\n\n<p>Tambi\u00e9n propuso la adopci\u00f3n de microcertificaciones y programas de formaci\u00f3n continua que permitan a los trabajadores actualizarse de manera flexible y \u00e1gil ante la evoluci\u00f3n del mercado laboral.<\/p>\n\n\n\n<p>Santos Bad\u00eda concluy\u00f3 su ponencia reiterando el compromiso de INFOTEP con el fortalecimiento de la formaci\u00f3n t\u00e9cnica en el Caribe y la promoci\u00f3n de alianzas estrat\u00e9gicas con empresas tecnol\u00f3gicas y gobiernos de la regi\u00f3n para garantizar capacitaciones adaptada a las demandas del futuro.<\/p>\n\n\n\n<p>El evento, que reuni\u00f3 a l\u00edderes educativos, empresarios y autoridades gubernamentales, reafirm\u00f3 la relevancia de la Formaci\u00f3n T\u00e9cnico Profesional como motor de desarrollo econ\u00f3mico y social en la regi\u00f3n.<\/p>\n\n\n\n<p>Entre los participantes estuvieron presentes el Albert Best \u2013 Presidente del TVET Council, Kay McConney, M.P. \u2013 Ministra de Educaci\u00f3n, Tecnolog\u00eda y Formaci\u00f3n Vocacional, Henderson Eastmond \u2013 Director Ejecutivo del TVET Council, Kimisha King t\u00e9cnica del TVET Council.<\/p>\n\n\n\n<p>Sobre TVET Council<\/p>\n\n\n\n<p>El Consejo de EFTP (Educaci\u00f3n y Formaci\u00f3n T\u00e9cnica y Profesional) es una organizaci\u00f3n estatutaria creada para aumentar la competitividad de Barbados mediante el desarrollo de su fuerza laboral. Su mandato consiste en planificar, coordinar y establecer est\u00e1ndares y cualificaciones para la disciplina de la EFTP.<\/p>\n\n\n\n<p>Prensa INFOTEP <a href=\"mailto:prensainfotep@infotep.gob.do\">prensainfotep@infotep.gob.do<\/a><\/p>\n","protected":false},"excerpt":{"rendered":"<p>Rafael Santos Bad\u00eda dict\u00f3 conferencia en el marco del 30 aniversario del Consejo de Educaci\u00f3n y Formaci\u00f3n T\u00e9cnica y Profesional de Barbados Barbados, \u2013 En el marco del 30 aniversario de la fundaci\u00f3n del Consejo de Formaci\u00f3n T\u00e9cnico Profesional de Barbados, conocido por sus siglas en ingles TVET Council, el director general del Instituto Nacional [&hellip;]<\/p>\n","protected":false},"author":7,"featured_media":606036,"comment_status":"closed","ping_status":"closed","sticky":false,"template":"","format":"standard","meta":{"footnotes":""},"categories":[36],"tags":[94],"class_list":["post-606029","post","type-post","status-publish","format-standard","has-post-thumbnail","hentry","category-hombresmujeresycosas","tag-infotep"],"_links":{"self":[{"href":"https:\/\/diariodominicano.com\/index.php?rest_route=\/wp\/v2\/posts\/606029","targetHints":{"allow":["GET"]}}],"collection":[{"href":"https:\/\/diariodominicano.com\/index.php?rest_route=\/wp\/v2\/posts"}],"about":[{"href":"https:\/\/diariodominicano.com\/index.php?rest_route=\/wp\/v2\/types\/post"}],"author":[{"embeddable":true,"href":"https:\/\/diariodominicano.com\/index.php?rest_route=\/wp\/v2\/users\/7"}],"replies":[{"embeddable":true,"href":"https:\/\/diariodominicano.com\/index.php?rest_route=%2Fwp%2Fv2%2Fcomments&post=606029"}],"version-history":[{"count":1,"href":"https:\/\/diariodominicano.com\/index.php?rest_route=\/wp\/v2\/posts\/606029\/revisions"}],"predecessor-version":[{"id":606039,"href":"https:\/\/diariodominicano.com\/index.php?rest_route=\/wp\/v2\/posts\/606029\/revisions\/606039"}],"wp:featuredmedia":[{"embeddable":true,"href":"https:\/\/diariodominicano.com\/index.php?rest_route=\/wp\/v2\/media\/606036"}],"wp:attachment":[{"href":"https:\/\/diariodominicano.com\/index.php?rest_route=%2Fwp%2Fv2%2Fmedia&parent=606029"}],"wp:term":[{"taxonomy":"category","embeddable":true,"href":"https:\/\/diariodominicano.com\/index.php?rest_route=%2Fwp%2Fv2%2Fcategories&post=606029"},{"taxonomy":"post_tag","embeddable":true,"href":"https:\/\/diariodominicano.com\/index.php?rest_route=%2Fwp%2Fv2%2Ftags&post=606029"}],"curies":[{"name":"wp","href":"https:\/\/api.w.org\/{rel}","templated":true}]}}