{"id":605584,"date":"2025-03-25T15:34:45","date_gmt":"2025-03-25T19:34:45","guid":{"rendered":"https:\/\/diariodominicano.com\/?p=605584"},"modified":"2025-03-25T15:45:15","modified_gmt":"2025-03-25T19:45:15","slug":"centro-cultural-taino-casa-del-cordon-presenta-guia-didactica-para-docentes","status":"publish","type":"post","link":"https:\/\/diariodominicano.com\/?p=605584","title":{"rendered":"Centro\u00a0Cultural\u00a0Ta\u00edno\u00a0Casa\u00a0del\u00a0Cord\u00f3n\u00a0presenta\u00a0gu\u00eda\u00a0did\u00e1ctica\u00a0para docentes"},"content":{"rendered":"\n<p><strong>Material educativo facilita conocimiento y promoci\u00f3n de la cultura ta\u00edna<\/strong><\/p>\n\n\n\n<p>Santo Domingo, D.N. \u2013 El&nbsp;Centro&nbsp;Cultural&nbsp;Ta\u00edno&nbsp;Casa&nbsp;del&nbsp;Cord\u00f3n, iniciativa&nbsp;del&nbsp;Banco Popular Dominicano, present\u00f3 la&nbsp;gu\u00eda&nbsp;did\u00e1ctica&nbsp;para docentes \u201cNuestros primeros pobladores\u201d, basada en la exposici\u00f3n permanente de m\u00e1s de 350 piezas arqueol\u00f3gicas prehisp\u00e1nicas, cedidas por la Fundaci\u00f3n Garc\u00eda Ar\u00e9valo.<\/p>\n\n\n\n<p>La herramienta pedag\u00f3gica, de la autor\u00eda de las expertas Mar\u00eda Isabel Mart\u00ednez y Patricia Tatis Madera, est\u00e1 dise\u00f1ada para acompa\u00f1ar la labor educativa&nbsp;del&nbsp;profesorado durante las visitas al&nbsp;centro&nbsp;cultural. La publicaci\u00f3n se adapta a los distintos niveles de ense\u00f1anza y se encuentra alineada con los contenidos&nbsp;del&nbsp;curr\u00edculo escolar dominicano.<\/p>\n\n\n\n<figure class=\"wp-block-gallery has-nested-images columns-default is-cropped wp-block-gallery-1 is-layout-flex wp-block-gallery-is-layout-flex\">\n<figure class=\"wp-block-image size-large\"><img loading=\"lazy\" decoding=\"async\" width=\"682\" height=\"1024\" data-id=\"605599\" src=\"https:\/\/diariodominicano.com\/wp-content\/uploads\/2025\/03\/La-publicacion-esta-disponible-gratuitamente-en-formato-digital-en-la-web-www.casadelcordon.com_-682x1024.jpg\" alt=\"\" class=\"wp-image-605599\" srcset=\"https:\/\/diariodominicano.com\/wp-content\/uploads\/2025\/03\/La-publicacion-esta-disponible-gratuitamente-en-formato-digital-en-la-web-www.casadelcordon.com_-682x1024.jpg 682w, https:\/\/diariodominicano.com\/wp-content\/uploads\/2025\/03\/La-publicacion-esta-disponible-gratuitamente-en-formato-digital-en-la-web-www.casadelcordon.com_-200x300.jpg 200w, https:\/\/diariodominicano.com\/wp-content\/uploads\/2025\/03\/La-publicacion-esta-disponible-gratuitamente-en-formato-digital-en-la-web-www.casadelcordon.com_-768x1152.jpg 768w, https:\/\/diariodominicano.com\/wp-content\/uploads\/2025\/03\/La-publicacion-esta-disponible-gratuitamente-en-formato-digital-en-la-web-www.casadelcordon.com_-1024x1536.jpg 1024w, https:\/\/diariodominicano.com\/wp-content\/uploads\/2025\/03\/La-publicacion-esta-disponible-gratuitamente-en-formato-digital-en-la-web-www.casadelcordon.com_-1365x2048.jpg 1365w, https:\/\/diariodominicano.com\/wp-content\/uploads\/2025\/03\/La-publicacion-esta-disponible-gratuitamente-en-formato-digital-en-la-web-www.casadelcordon.com_-816x1224.jpg 816w, https:\/\/diariodominicano.com\/wp-content\/uploads\/2025\/03\/La-publicacion-esta-disponible-gratuitamente-en-formato-digital-en-la-web-www.casadelcordon.com_-scaled.jpg 1706w\" sizes=\"auto, (max-width: 682px) 100vw, 682px\" \/><\/figure>\n\n\n\n<figure class=\"wp-block-image size-large\"><img loading=\"lazy\" decoding=\"async\" width=\"731\" height=\"1024\" data-id=\"605598\" src=\"https:\/\/diariodominicano.com\/wp-content\/uploads\/2025\/03\/La-herramienta-pedagogica-esta-disenada-para-acompanar-la-labor-educativa-del-profesorado-731x1024.jpg\" alt=\"\" class=\"wp-image-605598\" srcset=\"https:\/\/diariodominicano.com\/wp-content\/uploads\/2025\/03\/La-herramienta-pedagogica-esta-disenada-para-acompanar-la-labor-educativa-del-profesorado-731x1024.jpg 731w, https:\/\/diariodominicano.com\/wp-content\/uploads\/2025\/03\/La-herramienta-pedagogica-esta-disenada-para-acompanar-la-labor-educativa-del-profesorado-214x300.jpg 214w, https:\/\/diariodominicano.com\/wp-content\/uploads\/2025\/03\/La-herramienta-pedagogica-esta-disenada-para-acompanar-la-labor-educativa-del-profesorado-768x1076.jpg 768w, https:\/\/diariodominicano.com\/wp-content\/uploads\/2025\/03\/La-herramienta-pedagogica-esta-disenada-para-acompanar-la-labor-educativa-del-profesorado-1097x1536.jpg 1097w, https:\/\/diariodominicano.com\/wp-content\/uploads\/2025\/03\/La-herramienta-pedagogica-esta-disenada-para-acompanar-la-labor-educativa-del-profesorado-1462x2048.jpg 1462w, https:\/\/diariodominicano.com\/wp-content\/uploads\/2025\/03\/La-herramienta-pedagogica-esta-disenada-para-acompanar-la-labor-educativa-del-profesorado-816x1143.jpg 816w, https:\/\/diariodominicano.com\/wp-content\/uploads\/2025\/03\/La-herramienta-pedagogica-esta-disenada-para-acompanar-la-labor-educativa-del-profesorado-scaled.jpg 1828w\" sizes=\"auto, (max-width: 731px) 100vw, 731px\" \/><figcaption class=\"wp-element-caption\">La herramienta pedag\u00f3gica est\u00e1 dise\u00f1ada para acompa\u00f1ar la labor educa tiva del profesorado <\/figcaption><\/figure>\n<\/figure>\n\n\n\n<p>El material contiene recursos did\u00e1cticos, pautas y enfoques metodol\u00f3gicos que son de utilidad a la hora de planificar actividades en torno a la exposici\u00f3n y que los docentes tendr\u00e1n la posibilidad de realizar posteriormente en las aulas, pudiendo profundizar con el alumnado todo lo aprendido durante la visita escolar.<\/p>\n\n\n\n<p>La\u00a0gu\u00eda\u00a0did\u00e1ctica\u00a0aporta contenidos sobre el proceso de evoluci\u00f3n de la cultura ta\u00edna y las culturas precursoras, al tiempo que resalta la importancia hist\u00f3rica dentro\u00a0del\u00a0contexto antillano, ampliando temas como los flujos migratorios, los primeros pobladores, sus actividades de subsistencia, h\u00e1bitat, pr\u00e1cticas rituales, creencias, estructura social, costumbres y tradiciones, as\u00ed como aspectos de su cultura material, a trav\u00e9s\u00a0del\u00a0conjunto de objetos f\u00edsicos y artefactos que estas sociedades produjeron, utilizaron y valoraron.<\/p>\n\n\n\n<figure class=\"wp-block-gallery has-nested-images columns-default is-cropped wp-block-gallery-2 is-layout-flex wp-block-gallery-is-layout-flex\">\n<figure class=\"wp-block-image size-large\"><img loading=\"lazy\" decoding=\"async\" width=\"1024\" height=\"682\" data-id=\"605596\" src=\"https:\/\/diariodominicano.com\/wp-content\/uploads\/2025\/03\/El-senor-Jose-Marmol-subrayo-que-el-recurso-educativo-enriquece-la-experiencia-de-los-estudiantes-1024x682.jpg\" alt=\"\" class=\"wp-image-605596\" srcset=\"https:\/\/diariodominicano.com\/wp-content\/uploads\/2025\/03\/El-senor-Jose-Marmol-subrayo-que-el-recurso-educativo-enriquece-la-experiencia-de-los-estudiantes-1024x682.jpg 1024w, https:\/\/diariodominicano.com\/wp-content\/uploads\/2025\/03\/El-senor-Jose-Marmol-subrayo-que-el-recurso-educativo-enriquece-la-experiencia-de-los-estudiantes-300x200.jpg 300w, https:\/\/diariodominicano.com\/wp-content\/uploads\/2025\/03\/El-senor-Jose-Marmol-subrayo-que-el-recurso-educativo-enriquece-la-experiencia-de-los-estudiantes-768x512.jpg 768w, https:\/\/diariodominicano.com\/wp-content\/uploads\/2025\/03\/El-senor-Jose-Marmol-subrayo-que-el-recurso-educativo-enriquece-la-experiencia-de-los-estudiantes-1536x1024.jpg 1536w, https:\/\/diariodominicano.com\/wp-content\/uploads\/2025\/03\/El-senor-Jose-Marmol-subrayo-que-el-recurso-educativo-enriquece-la-experiencia-de-los-estudiantes-2048x1365.jpg 2048w, https:\/\/diariodominicano.com\/wp-content\/uploads\/2025\/03\/El-senor-Jose-Marmol-subrayo-que-el-recurso-educativo-enriquece-la-experiencia-de-los-estudiantes-816x544.jpg 816w\" sizes=\"auto, (max-width: 1024px) 100vw, 1024px\" \/><\/figure>\n<\/figure>\n\n\n\n<p><strong>Promoci\u00f3n de la identidad nacional<\/strong><\/p>\n\n\n\n<p>El documento did\u00e1ctico fue presentado durante un evento que cont\u00f3 con la asistencia de representantes&nbsp;del&nbsp;sector educativo, as\u00ed como a figuras&nbsp;del&nbsp;\u00e1mbito acad\u00e9mico y&nbsp;cultural.<\/p>\n\n\n\n<p>El se\u00f1or Jos\u00e9 M\u00e1rmol, vicepresidente ejecutivo de Relaciones Corporativas, Reputaci\u00f3n y Banca Responsable&nbsp;del&nbsp;Grupo Popular, subray\u00f3 que este recurso educativo no solo enriquece la experiencia de los estudiantes, sino que tambi\u00e9n fortalece el v\u00ednculo entre las instituciones culturales y la comunidad educativa.<\/p>\n\n\n\n<p>\u201cCon esta iniciativa, en el Banco Popular queremos evidenciar nuestro prop\u00f3sito de seguir contribuyendo con el desarrollo humano y la calidad de la educaci\u00f3n dominicana. Invitamos a todos los docentes aqu\u00ed presentes a hacer suya esta&nbsp;gu\u00eda, a utilizarla como un catalizador de aprendizajes significativos y a estimular en sus estudiantes la curiosidad, el pensamiento cr\u00edtico y el amor por nuestras ra\u00edces\u201d, indic\u00f3 el ejecutivo.<\/p>\n\n\n\n<p><strong>Publicaci\u00f3n gratuita para los docentes<\/strong><\/p>\n\n\n\n<p>Se\u00f1al\u00f3 que esta publicaci\u00f3n est\u00e1 disponible gratuitamente en formato digital para todos los docentes&nbsp;del&nbsp;pa\u00eds, tanto&nbsp;del&nbsp;sector p\u00fablico como privado, a trav\u00e9s de la p\u00e1gina web&nbsp;del&nbsp;Centro&nbsp;Cultural&nbsp;Ta\u00edno&nbsp;Casa&nbsp;del&nbsp;Cord\u00f3n, en la web&nbsp;<a href=\"http:\/\/www.casadelcordon.com\/\" target=\"_blank\" rel=\"noreferrer noopener\">www.casadelcordon.com<\/a>.<\/p>\n\n\n\n<p>Adem\u00e1s de presentar la&nbsp;gu\u00eda, la jornada incluy\u00f3 una sesi\u00f3n de preguntas y respuestas, seguida por un recorrido guiado por la exposici\u00f3n \u201cNuestros primeros pobladores\u201d, a cargo&nbsp;del&nbsp;arque\u00f3logo e historiador Manuel Garc\u00eda Ar\u00e9valo. &nbsp;<\/p>\n\n\n\n<p><strong>Vicepresidencia Ejecutiva<\/strong><\/p>\n\n\n\n<p><strong>Comunicaciones Corporativas, Reputaci\u00f3n y Banca Responsable<\/strong><\/p>\n\n\n\n<p><strong>Grupo Popular, S. A.<\/strong>\u2002\u2002\u2002\u2002<\/p>\n\n\n\n<p>Rainier Maldonado Tapia <\/p>\n\n\n\n<p><a href=\"mailto:rmaldonado@bpd.com.do\">rmaldonado@bpd.com.do<\/a> <\/p>\n","protected":false},"excerpt":{"rendered":"<p>Material educativo facilita conocimiento y promoci\u00f3n de la cultura ta\u00edna Santo Domingo, D.N. \u2013 El&nbsp;Centro&nbsp;Cultural&nbsp;Ta\u00edno&nbsp;Casa&nbsp;del&nbsp;Cord\u00f3n, iniciativa&nbsp;del&nbsp;Banco Popular Dominicano, present\u00f3 la&nbsp;gu\u00eda&nbsp;did\u00e1ctica&nbsp;para docentes \u201cNuestros primeros pobladores\u201d, basada en la exposici\u00f3n permanente de m\u00e1s de 350 piezas arqueol\u00f3gicas prehisp\u00e1nicas, cedidas por la Fundaci\u00f3n Garc\u00eda Ar\u00e9valo. La herramienta pedag\u00f3gica, de la autor\u00eda de las expertas Mar\u00eda Isabel Mart\u00ednez y [&hellip;]<\/p>\n","protected":false},"author":7,"featured_media":605598,"comment_status":"closed","ping_status":"closed","sticky":false,"template":"","format":"standard","meta":{"footnotes":""},"categories":[21],"tags":[666,2095],"class_list":["post-605584","post","type-post","status-publish","format-standard","has-post-thumbnail","hentry","category-cultura","tag-banco-popular-dominicano","tag-centro-cultural-taino-casa-del-cordon-2"],"_links":{"self":[{"href":"https:\/\/diariodominicano.com\/index.php?rest_route=\/wp\/v2\/posts\/605584","targetHints":{"allow":["GET"]}}],"collection":[{"href":"https:\/\/diariodominicano.com\/index.php?rest_route=\/wp\/v2\/posts"}],"about":[{"href":"https:\/\/diariodominicano.com\/index.php?rest_route=\/wp\/v2\/types\/post"}],"author":[{"embeddable":true,"href":"https:\/\/diariodominicano.com\/index.php?rest_route=\/wp\/v2\/users\/7"}],"replies":[{"embeddable":true,"href":"https:\/\/diariodominicano.com\/index.php?rest_route=%2Fwp%2Fv2%2Fcomments&post=605584"}],"version-history":[{"count":2,"href":"https:\/\/diariodominicano.com\/index.php?rest_route=\/wp\/v2\/posts\/605584\/revisions"}],"predecessor-version":[{"id":605601,"href":"https:\/\/diariodominicano.com\/index.php?rest_route=\/wp\/v2\/posts\/605584\/revisions\/605601"}],"wp:featuredmedia":[{"embeddable":true,"href":"https:\/\/diariodominicano.com\/index.php?rest_route=\/wp\/v2\/media\/605598"}],"wp:attachment":[{"href":"https:\/\/diariodominicano.com\/index.php?rest_route=%2Fwp%2Fv2%2Fmedia&parent=605584"}],"wp:term":[{"taxonomy":"category","embeddable":true,"href":"https:\/\/diariodominicano.com\/index.php?rest_route=%2Fwp%2Fv2%2Fcategories&post=605584"},{"taxonomy":"post_tag","embeddable":true,"href":"https:\/\/diariodominicano.com\/index.php?rest_route=%2Fwp%2Fv2%2Ftags&post=605584"}],"curies":[{"name":"wp","href":"https:\/\/api.w.org\/{rel}","templated":true}]}}