{"id":605407,"date":"2025-03-24T17:13:24","date_gmt":"2025-03-24T21:13:24","guid":{"rendered":"https:\/\/diariodominicano.com\/?p=605407"},"modified":"2025-03-24T17:13:45","modified_gmt":"2025-03-24T21:13:45","slug":"estudiantes-de-escuela-publica-hacen-historia-al-jugar-golf-por-primera-vez-en-un-campo-profesional","status":"publish","type":"post","link":"https:\/\/diariodominicano.com\/?p=605407","title":{"rendered":"Estudiantes de escuela p\u00fablica hacen historia al jugar golf por primera vez en un campo profesional"},"content":{"rendered":"\n<p><em>INEFI y Fedogolf llevan a estudiantes del Ensanche Capotillo al campo de Isabel Villas en un hecho sin precedentes<\/em><\/p>\n\n\n\n<p>SANTO DOMINGO.- Por primera vez en la historia del deporte escolar en Rep\u00fablica Dominicana, un grupo de estudiantes de una escuela p\u00fablica vivi\u00f3 la experiencia de jugar golf en un campo profesional, como parte del innovador Programa de Iniciaci\u00f3n de Golf Escolar, impulsado por el Instituto Nacional de Educaci\u00f3n F\u00edsica (INEFI) y la Federaci\u00f3n Dominicana de Golf (Fedogolf).<\/p>\n\n\n\n<figure class=\"wp-block-gallery has-nested-images columns-default is-cropped wp-block-gallery-1 is-layout-flex wp-block-gallery-is-layout-flex\">\n<figure class=\"wp-block-image size-large\"><img loading=\"lazy\" decoding=\"async\" width=\"1024\" height=\"681\" data-id=\"605451\" src=\"https:\/\/diariodominicano.com\/wp-content\/uploads\/2025\/03\/Una-alumna-procede-a-realizar-un-movimiento-en-el-campo-de-golf-profesional-Isabel-Villas-en-Arroyo-Hondo-1024x681.jpg\" alt=\"\" class=\"wp-image-605451\" srcset=\"https:\/\/diariodominicano.com\/wp-content\/uploads\/2025\/03\/Una-alumna-procede-a-realizar-un-movimiento-en-el-campo-de-golf-profesional-Isabel-Villas-en-Arroyo-Hondo-1024x681.jpg 1024w, https:\/\/diariodominicano.com\/wp-content\/uploads\/2025\/03\/Una-alumna-procede-a-realizar-un-movimiento-en-el-campo-de-golf-profesional-Isabel-Villas-en-Arroyo-Hondo-300x200.jpg 300w, https:\/\/diariodominicano.com\/wp-content\/uploads\/2025\/03\/Una-alumna-procede-a-realizar-un-movimiento-en-el-campo-de-golf-profesional-Isabel-Villas-en-Arroyo-Hondo-768x511.jpg 768w, https:\/\/diariodominicano.com\/wp-content\/uploads\/2025\/03\/Una-alumna-procede-a-realizar-un-movimiento-en-el-campo-de-golf-profesional-Isabel-Villas-en-Arroyo-Hondo-816x543.jpg 816w, https:\/\/diariodominicano.com\/wp-content\/uploads\/2025\/03\/Una-alumna-procede-a-realizar-un-movimiento-en-el-campo-de-golf-profesional-Isabel-Villas-en-Arroyo-Hondo.jpg 1290w\" sizes=\"auto, (max-width: 1024px) 100vw, 1024px\" \/><figcaption class=\"wp-element-caption\">Una alumna procede a realizar un movimiento en el campo de golf profesional Isabel Villas, en Arroyo Hondo <\/figcaption><\/figure>\n<\/figure>\n\n\n\n<p>Los estudiantes del Centro Educativo Santo Cura de Ars (CESCAR), ubicado en el sector Capotillo, fueron los protagonistas de este momento hist\u00f3rico, al trasladarse al campo de golf de Isabel Villas, en Arroyo Hondo, para poner en pr\u00e1ctica lo aprendido durante sus entrenamientos en la escuela.<\/p>\n\n\n\n<p>\u00abEste es un hito en la educaci\u00f3n f\u00edsica del pa\u00eds. Que estos ni\u00f1os puedan jugar golf en un campo profesional es la mejor muestra de que estamos rompiendo barreras y haciendo que el deporte sea verdaderamente inclusivo\u00bb, destac\u00f3 Alberto Rodr\u00edguez Mella, director ejecutivo del INEFI.<\/p>\n\n\n\n<figure class=\"wp-block-gallery has-nested-images columns-default is-cropped wp-block-gallery-2 is-layout-flex wp-block-gallery-is-layout-flex\">\n<figure class=\"wp-block-image size-large\"><img loading=\"lazy\" decoding=\"async\" width=\"1024\" height=\"681\" data-id=\"605450\" src=\"https:\/\/diariodominicano.com\/wp-content\/uploads\/2025\/03\/Un-tecnico-de-la-FEDOGOLF-instruye-a-una-estudiante-en-el-campo-profesional-de-golf-Isabel-Villas-en-Arroyo-Hondo-1024x681.jpg\" alt=\"\" class=\"wp-image-605450\" srcset=\"https:\/\/diariodominicano.com\/wp-content\/uploads\/2025\/03\/Un-tecnico-de-la-FEDOGOLF-instruye-a-una-estudiante-en-el-campo-profesional-de-golf-Isabel-Villas-en-Arroyo-Hondo-1024x681.jpg 1024w, https:\/\/diariodominicano.com\/wp-content\/uploads\/2025\/03\/Un-tecnico-de-la-FEDOGOLF-instruye-a-una-estudiante-en-el-campo-profesional-de-golf-Isabel-Villas-en-Arroyo-Hondo-300x200.jpg 300w, https:\/\/diariodominicano.com\/wp-content\/uploads\/2025\/03\/Un-tecnico-de-la-FEDOGOLF-instruye-a-una-estudiante-en-el-campo-profesional-de-golf-Isabel-Villas-en-Arroyo-Hondo-768x511.jpg 768w, https:\/\/diariodominicano.com\/wp-content\/uploads\/2025\/03\/Un-tecnico-de-la-FEDOGOLF-instruye-a-una-estudiante-en-el-campo-profesional-de-golf-Isabel-Villas-en-Arroyo-Hondo-1536x1022.jpg 1536w, https:\/\/diariodominicano.com\/wp-content\/uploads\/2025\/03\/Un-tecnico-de-la-FEDOGOLF-instruye-a-una-estudiante-en-el-campo-profesional-de-golf-Isabel-Villas-en-Arroyo-Hondo-816x543.jpg 816w, https:\/\/diariodominicano.com\/wp-content\/uploads\/2025\/03\/Un-tecnico-de-la-FEDOGOLF-instruye-a-una-estudiante-en-el-campo-profesional-de-golf-Isabel-Villas-en-Arroyo-Hondo.jpg 1690w\" sizes=\"auto, (max-width: 1024px) 100vw, 1024px\" \/><figcaption class=\"wp-element-caption\">Un t\u00e9cnico de la FEDOGOLF instruye a una estudiante en el campo profesional de golf Isabel Villas, en Arroyo Hondo <\/figcaption><\/figure>\n<\/figure>\n\n\n\n<p>Desde las 9:00 de la ma\u00f1ana, los estudiantes participaron en una sesi\u00f3n de entrenamiento donde practicaron la postura, el golpeo de la pelota y otras t\u00e9cnicas. Luego, se trasladaron a uno de los links del campo para vivir la experiencia de jugar en un entorno real.<\/p>\n\n\n\n<figure class=\"wp-block-gallery has-nested-images columns-default is-cropped wp-block-gallery-3 is-layout-flex wp-block-gallery-is-layout-flex\">\n<figure class=\"wp-block-image size-large\"><img loading=\"lazy\" decoding=\"async\" width=\"1024\" height=\"681\" data-id=\"605452\" src=\"https:\/\/diariodominicano.com\/wp-content\/uploads\/2025\/03\/Estudiantes-de-escuela-publica-hacen-historia-al-jugar-golf-por-primera-vez-en-un-campo-profesional-1024x681.jpg\" alt=\"\" class=\"wp-image-605452\" srcset=\"https:\/\/diariodominicano.com\/wp-content\/uploads\/2025\/03\/Estudiantes-de-escuela-publica-hacen-historia-al-jugar-golf-por-primera-vez-en-un-campo-profesional-1024x681.jpg 1024w, https:\/\/diariodominicano.com\/wp-content\/uploads\/2025\/03\/Estudiantes-de-escuela-publica-hacen-historia-al-jugar-golf-por-primera-vez-en-un-campo-profesional-300x200.jpg 300w, https:\/\/diariodominicano.com\/wp-content\/uploads\/2025\/03\/Estudiantes-de-escuela-publica-hacen-historia-al-jugar-golf-por-primera-vez-en-un-campo-profesional-768x511.jpg 768w, https:\/\/diariodominicano.com\/wp-content\/uploads\/2025\/03\/Estudiantes-de-escuela-publica-hacen-historia-al-jugar-golf-por-primera-vez-en-un-campo-profesional-816x543.jpg 816w, https:\/\/diariodominicano.com\/wp-content\/uploads\/2025\/03\/Estudiantes-de-escuela-publica-hacen-historia-al-jugar-golf-por-primera-vez-en-un-campo-profesional.jpg 1290w\" sizes=\"auto, (max-width: 1024px) 100vw, 1024px\" \/><figcaption class=\"wp-element-caption\">Estudiantes de escuela p\u00fablica hacen historia al jugar golf por primera vez en un campo profesional <\/figcaption><\/figure>\n<\/figure>\n\n\n\n<p>El entrenador Juan Carlos L\u00f3pez, de Fedogolf, resalt\u00f3 el esfuerzo de los j\u00f3venes: \u00abMostraron gran dominio con los palos y una excelente actitud de aprendizaje. Su progreso en apenas tres meses es impresionante\u00bb.<\/p>\n\n\n\n<p>Enrique Valverde, presidente de la Federaci\u00f3n Dominicana de Golf, tambi\u00e9n se hizo presente en la actividad y agradeci\u00f3 el respaldo del INEFI. \u00abEste programa es un sue\u00f1o hecho realidad. Llevar el golf a las escuelas, especialmente a las de sectores menos privilegiados, es una iniciativa que Fedogolf apoya con gran compromiso\u00bb, afirm\u00f3.<\/p>\n\n\n\n<p>La profesora de educaci\u00f3n f\u00edsica del centro, Onnis Leyva, expres\u00f3 su emoci\u00f3n por la iniciativa: \u00abSiempre se ha dicho que el golf es un deporte exclusivo, pero esta experiencia ha cambiado esa percepci\u00f3n. Para muchos de estos estudiantes, el golf era algo inalcanzable, y hoy est\u00e1n aqu\u00ed jugando en un campo profesional\u00bb.<\/p>\n\n\n\n<p>Uno de los estudiantes m\u00e1s entusiasmados fue Manuel Savino Leyva, de quinto de primaria, quien comparti\u00f3 su experiencia: \u00abAntes no sab\u00eda mucho de golf, pero en la escuela comenzamos a practicar y me fui adaptando. Ya llevo tres meses y me encanta. Agradezco al INEFI por esta oportunidad\u00bb.<\/p>\n\n\n\n<p>Con esta iniciativa, INEFI y Fedogolf contin\u00faan apostando por la inclusi\u00f3n y el desarrollo del deporte en las escuelas p\u00fablicas, brindando oportunidades hist\u00f3ricas a los estudiantes dominicanos.<\/p>\n\n\n\n<p><strong>PRENSA INEFI<\/strong>\u00a0&lt;prensainefi@gmail.com> <\/p>\n","protected":false},"excerpt":{"rendered":"<p>INEFI y Fedogolf llevan a estudiantes del Ensanche Capotillo al campo de Isabel Villas en un hecho sin precedentes SANTO DOMINGO.- Por primera vez en la historia del deporte escolar en Rep\u00fablica Dominicana, un grupo de estudiantes de una escuela p\u00fablica vivi\u00f3 la experiencia de jugar golf en un campo profesional, como parte del innovador [&hellip;]<\/p>\n","protected":false},"author":7,"featured_media":605453,"comment_status":"closed","ping_status":"closed","sticky":false,"template":"","format":"standard","meta":{"footnotes":""},"categories":[17],"tags":[491],"class_list":["post-605407","post","type-post","status-publish","format-standard","has-post-thumbnail","hentry","category-deportes","tag-inefi"],"_links":{"self":[{"href":"https:\/\/diariodominicano.com\/index.php?rest_route=\/wp\/v2\/posts\/605407","targetHints":{"allow":["GET"]}}],"collection":[{"href":"https:\/\/diariodominicano.com\/index.php?rest_route=\/wp\/v2\/posts"}],"about":[{"href":"https:\/\/diariodominicano.com\/index.php?rest_route=\/wp\/v2\/types\/post"}],"author":[{"embeddable":true,"href":"https:\/\/diariodominicano.com\/index.php?rest_route=\/wp\/v2\/users\/7"}],"replies":[{"embeddable":true,"href":"https:\/\/diariodominicano.com\/index.php?rest_route=%2Fwp%2Fv2%2Fcomments&post=605407"}],"version-history":[{"count":2,"href":"https:\/\/diariodominicano.com\/index.php?rest_route=\/wp\/v2\/posts\/605407\/revisions"}],"predecessor-version":[{"id":605457,"href":"https:\/\/diariodominicano.com\/index.php?rest_route=\/wp\/v2\/posts\/605407\/revisions\/605457"}],"wp:featuredmedia":[{"embeddable":true,"href":"https:\/\/diariodominicano.com\/index.php?rest_route=\/wp\/v2\/media\/605453"}],"wp:attachment":[{"href":"https:\/\/diariodominicano.com\/index.php?rest_route=%2Fwp%2Fv2%2Fmedia&parent=605407"}],"wp:term":[{"taxonomy":"category","embeddable":true,"href":"https:\/\/diariodominicano.com\/index.php?rest_route=%2Fwp%2Fv2%2Fcategories&post=605407"},{"taxonomy":"post_tag","embeddable":true,"href":"https:\/\/diariodominicano.com\/index.php?rest_route=%2Fwp%2Fv2%2Ftags&post=605407"}],"curies":[{"name":"wp","href":"https:\/\/api.w.org\/{rel}","templated":true}]}}