{"id":604896,"date":"2025-03-21T14:14:16","date_gmt":"2025-03-21T18:14:16","guid":{"rendered":"https:\/\/diariodominicano.com\/?p=604896"},"modified":"2025-03-21T14:14:25","modified_gmt":"2025-03-21T18:14:25","slug":"filme-dominicano-el-dia-de-la-tormenta-se-estrena-en-malaga","status":"publish","type":"post","link":"https:\/\/diariodominicano.com\/?p=604896","title":{"rendered":"Filme dominicano \u00abEl d\u00eda de la tormenta\u00bb se estrena en M\u00e1laga"},"content":{"rendered":"\n<p>diariodominicano.com<\/p>\n\n\n\n<p>Santo Domingo, 21 mar (Prensa Latina) El thriller dominicano \u00abEl d\u00eda de la tormenta\u00bb, de Alexander Viola, celebr\u00f3 su estreno europeo en el Festival de Cine de M\u00e1laga, que tiene lugar en esa ciudad espa\u00f1ola hasta el domingo pr\u00f3ximo, public\u00f3 hoy Cinedominicano.<\/p>\n\n\n\n<p>La cinta profundiza en la mezcla de creencias cristianas y africanas en la Rep\u00fablica Dominicana, especialmente en la regi\u00f3n de San Juan de la Maguana, en la regi\u00f3n occidental del pa\u00eds.<\/p>\n\n\n\n<p>\u201cEsta regi\u00f3n del sur profundo est\u00e1 llena de mitos, historias sobrenaturales y pr\u00e1cticas de santer\u00eda, donde lo m\u00edstico y lo cotidiano coexisten\u201d, se\u00f1alaron Viola y Cristian Mojica, su coguionista y socio productor en la compa\u00f1\u00eda Mentes Fritas.<\/p>\n\n\n\n<p>\u201cEstas tradiciones no solo preservan el folclore local, sino que tambi\u00e9n ofrecen una forma de dar sentido a los misterios de la vida. En \u00abEl d\u00eda de la tormenta\u00bb examinamos c\u00f3mo estas creencias espirituales moldean la percepci\u00f3n de la realidad en comunidades que habitan estas \u00e1reas hist\u00f3rica y m\u00edsticamente cargadas\u201d, dijeron a Variety.<\/p>\n\n\n\n<p>Viola explic\u00f3 que la historia est\u00e1 inspirada en hechos reales ocurridos en un pueblo cercano a donde creci\u00f3, combinados con leyendas y cuentos populares que marcaron su infancia y la de Mojica.<\/p>\n\n\n\n<p>De acuerdo con Cinedominicano, la cinta gira en torno a Macario, quien est\u00e1 convencido de que su hija es la bruja responsable de la muerte de varios ni\u00f1os del pueblo.<\/p>\n\n\n\n<p>Incapaz de resistir la mirada acusadora de sus vecinos, Macario se recoge en las monta\u00f1as, \u00abluchando contra la duda y la agon\u00eda de creer que su propia sangre lleva el horror\u00bb.<\/p>\n\n\n\n<p>\u201cNuestro inter\u00e9s era explorar c\u00f3mo la fe y las creencias pueden dar forma a la percepci\u00f3n de la realidad, influyendo en la vida cotidiana y en la forma en que las personas interpretan los eventos a su alrededor, agreg\u00f3 Viola.<\/p>\n\n\n\n<p>\u201cEl d\u00eda de la tormenta\u201d obtuvo el premio a Mejor Pel\u00edcula en el Festival de Cine Dominicano en Nueva York y ser\u00e1 estrenada en este pa\u00eds el 17 de julio pr\u00f3ximo, seg\u00fan anunci\u00f3 Caribbean Films Distribution, una subsidiaria de Caribbean Cinemas.<\/p>\n\n\n\n<p>mem\/mpv<\/p>\n","protected":false},"excerpt":{"rendered":"<p>diariodominicano.com Santo Domingo, 21 mar (Prensa Latina) El thriller dominicano \u00abEl d\u00eda de la tormenta\u00bb, de Alexander Viola, celebr\u00f3 su estreno europeo en el Festival de Cine de M\u00e1laga, que tiene lugar en esa ciudad espa\u00f1ola hasta el domingo pr\u00f3ximo, public\u00f3 hoy Cinedominicano. La cinta profundiza en la mezcla de creencias cristianas y africanas en [&hellip;]<\/p>\n","protected":false},"author":5,"featured_media":604897,"comment_status":"closed","ping_status":"closed","sticky":true,"template":"","format":"standard","meta":{"footnotes":""},"categories":[36,25,27],"tags":[],"class_list":["post-604896","post","type-post","status-publish","format-standard","has-post-thumbnail","hentry","category-hombresmujeresycosas","category-gente","category-portada"],"_links":{"self":[{"href":"https:\/\/diariodominicano.com\/index.php?rest_route=\/wp\/v2\/posts\/604896","targetHints":{"allow":["GET"]}}],"collection":[{"href":"https:\/\/diariodominicano.com\/index.php?rest_route=\/wp\/v2\/posts"}],"about":[{"href":"https:\/\/diariodominicano.com\/index.php?rest_route=\/wp\/v2\/types\/post"}],"author":[{"embeddable":true,"href":"https:\/\/diariodominicano.com\/index.php?rest_route=\/wp\/v2\/users\/5"}],"replies":[{"embeddable":true,"href":"https:\/\/diariodominicano.com\/index.php?rest_route=%2Fwp%2Fv2%2Fcomments&post=604896"}],"version-history":[{"count":1,"href":"https:\/\/diariodominicano.com\/index.php?rest_route=\/wp\/v2\/posts\/604896\/revisions"}],"predecessor-version":[{"id":604898,"href":"https:\/\/diariodominicano.com\/index.php?rest_route=\/wp\/v2\/posts\/604896\/revisions\/604898"}],"wp:featuredmedia":[{"embeddable":true,"href":"https:\/\/diariodominicano.com\/index.php?rest_route=\/wp\/v2\/media\/604897"}],"wp:attachment":[{"href":"https:\/\/diariodominicano.com\/index.php?rest_route=%2Fwp%2Fv2%2Fmedia&parent=604896"}],"wp:term":[{"taxonomy":"category","embeddable":true,"href":"https:\/\/diariodominicano.com\/index.php?rest_route=%2Fwp%2Fv2%2Fcategories&post=604896"},{"taxonomy":"post_tag","embeddable":true,"href":"https:\/\/diariodominicano.com\/index.php?rest_route=%2Fwp%2Fv2%2Ftags&post=604896"}],"curies":[{"name":"wp","href":"https:\/\/api.w.org\/{rel}","templated":true}]}}