{"id":604886,"date":"2025-03-21T18:46:58","date_gmt":"2025-03-21T22:46:58","guid":{"rendered":"https:\/\/diariodominicano.com\/?p=604886"},"modified":"2025-03-22T02:48:40","modified_gmt":"2025-03-22T06:48:40","slug":"instituto-duartiano-otorga-membrecia-de-honor-a-la-dra-luz-maria-tejada-santos-a-esa-entidad","status":"publish","type":"post","link":"https:\/\/diariodominicano.com\/?p=604886","title":{"rendered":"Instituto Duartiano: otorga membrec\u00eda de Honor a la Dra. Luz Mar\u00eda Tejada Santos a esa entidad\u00a0"},"content":{"rendered":"\n<p>En el marco de un solemne acto matizado por un intenso sentimiento patri\u00f3tico, el Instituto Duartiano incorpor\u00f3 la destacada catedr\u00e1tica universitaria doctora Luz Mar\u00eda Tejada Santos presidente de la&nbsp;<\/p>\n\n\n\n<p>Asociaci\u00f3n de Profesionales en Administraci\u00f3n Inc. (ADOPA) y Consejera del Consejo Supremo del Colegio Oficial Internacional de Doctores, adem\u00e1s con ella ingresan a una quincena de nuevos miembros de honor de esa entidad, por sus trayectorias y comportamientos c\u00edvico y patri\u00f3tico, as\u00ed como por ser defensores de la soberan\u00eda nacional y los ideales del Padre de la Patria y Fundador de la Rep\u00fablica, Juan Pablo Duarte y D\u00edez.<\/p>\n\n\n\n<p>Para la catedr\u00e1tica universitaria el 18 de marzo del 2025, fue una noche muy especial cuando el presidente del <strong>Instituto Duartiano<\/strong>, Dr. Wilson G\u00f3mez Ram\u00edrez, la jurament\u00f3 con la investidura de miembro de honor de esa prestigiosa entidad con la entrega del pergamino que as\u00ed lo acredita.<\/p>\n\n\n\n<p>El acto de juramentaci\u00f3n tuvo lugar en el auditorio \u201cProf. Jos\u00e9 Joaqu\u00edn P\u00e9rez Savi\u00f1\u00f3n\u201d, sede de la entidad patri\u00f3tica.<\/p>\n\n\n\n<p>Tejada defini\u00f3 al doctor Wilson G\u00f3mez como un hombre de una trayectoria pura y sobre todo limpia y transparente al servicio de su patria, destaco que G\u00f3mez ha hecho importantes aportes al Instituto Duartiano y a la sociedad, adem\u00e1s agradeci\u00f3 su investidura en nombre y representaci\u00f3n de una nueva generaci\u00f3n empoderada y comprometida con el ideario de Duarte, recibi\u00f3 esa investidura con el compromiso sagrado de inmortalizar los h\u00e9roes y honrar su legado compromiso que asumo, lleg\u00f3 el momento de dar un paso firme con mi compromiso patri\u00f3tico que me caracteriza enarbolando el ideario de Juan Pablo Duarte y D\u00edez. Dijo Luz Mar\u00eda Tejada.<\/p>\n\n\n\n<p>Dominicanos, dominicanas demostremos a diario en esta sociedad el amor a la patria, la defensa de los s\u00edmbolos nacionales, defendamos la naci\u00f3n en todos los acontecimientos que se presenten y tengan que ver con la soberan\u00eda del pueblo dominicano.&nbsp;<\/p>\n\n\n\n<p>Morilllo Ramirez Francisco &lt;<a href=\"mailto:vicesecretariageneralapd@gmail.com\">vicesecretariageneralapd@gmail.com<\/a>&gt;&nbsp;<\/p>\n","protected":false},"excerpt":{"rendered":"<p>En el marco de un solemne acto matizado por un intenso sentimiento patri\u00f3tico, el Instituto Duartiano incorpor\u00f3 la destacada catedr\u00e1tica universitaria doctora Luz Mar\u00eda Tejada Santos presidente de la&nbsp; Asociaci\u00f3n de Profesionales en Administraci\u00f3n Inc. (ADOPA) y Consejera del Consejo Supremo del Colegio Oficial Internacional de Doctores, adem\u00e1s con ella ingresan a una quincena de [&hellip;]<\/p>\n","protected":false},"author":7,"featured_media":604964,"comment_status":"closed","ping_status":"closed","sticky":false,"template":"","format":"standard","meta":{"footnotes":""},"categories":[36],"tags":[264],"class_list":["post-604886","post","type-post","status-publish","format-standard","has-post-thumbnail","hentry","category-hombresmujeresycosas","tag-instituto-duartiano"],"_links":{"self":[{"href":"https:\/\/diariodominicano.com\/index.php?rest_route=\/wp\/v2\/posts\/604886","targetHints":{"allow":["GET"]}}],"collection":[{"href":"https:\/\/diariodominicano.com\/index.php?rest_route=\/wp\/v2\/posts"}],"about":[{"href":"https:\/\/diariodominicano.com\/index.php?rest_route=\/wp\/v2\/types\/post"}],"author":[{"embeddable":true,"href":"https:\/\/diariodominicano.com\/index.php?rest_route=\/wp\/v2\/users\/7"}],"replies":[{"embeddable":true,"href":"https:\/\/diariodominicano.com\/index.php?rest_route=%2Fwp%2Fv2%2Fcomments&post=604886"}],"version-history":[{"count":1,"href":"https:\/\/diariodominicano.com\/index.php?rest_route=\/wp\/v2\/posts\/604886\/revisions"}],"predecessor-version":[{"id":604922,"href":"https:\/\/diariodominicano.com\/index.php?rest_route=\/wp\/v2\/posts\/604886\/revisions\/604922"}],"wp:featuredmedia":[{"embeddable":true,"href":"https:\/\/diariodominicano.com\/index.php?rest_route=\/wp\/v2\/media\/604964"}],"wp:attachment":[{"href":"https:\/\/diariodominicano.com\/index.php?rest_route=%2Fwp%2Fv2%2Fmedia&parent=604886"}],"wp:term":[{"taxonomy":"category","embeddable":true,"href":"https:\/\/diariodominicano.com\/index.php?rest_route=%2Fwp%2Fv2%2Fcategories&post=604886"},{"taxonomy":"post_tag","embeddable":true,"href":"https:\/\/diariodominicano.com\/index.php?rest_route=%2Fwp%2Fv2%2Ftags&post=604886"}],"curies":[{"name":"wp","href":"https:\/\/api.w.org\/{rel}","templated":true}]}}