{"id":604386,"date":"2025-03-19T15:13:43","date_gmt":"2025-03-19T19:13:43","guid":{"rendered":"https:\/\/diariodominicano.com\/?p=604386"},"modified":"2025-03-19T15:13:45","modified_gmt":"2025-03-19T19:13:45","slug":"inefi-coordina-acciones-con-monitores-de-bayaguana-moca-y-santiago-de-los-centros-de-iniciacion-deportiva-escolar-cide","status":"publish","type":"post","link":"https:\/\/diariodominicano.com\/?p=604386","title":{"rendered":"INEFI coordina acciones con monitores de Bayaguana, Moca y Santiago de los Centros de Iniciaci\u00f3n Deportiva Escolar (CIDE)"},"content":{"rendered":"\n<p>En el encuentro estuvo presente el doctor cubano-venezolano Richard Almaguer L\u00f3pez, quien expuso su proyecto de identificaci\u00f3n de potencialidad deportiva.<\/p>\n\n\n\n<p>SANTO DOMINGO.- Con el objetivo de llegar a acuerdo puntuales y necesarios que permitan un mejor progreso del deporte en las diferentes comunidades del pa\u00eds, el Instituto Nacional de Educaci\u00f3n F\u00edsica (INEFI) realiz\u00f3 este martes un conversatorio con monitores integrados en los Centros de Iniciaci\u00f3n Deportiva Escolar (CIDE) de Bayaguana, Moca y Santiago.<\/p>\n\n\n\n<figure class=\"wp-block-gallery has-nested-images columns-default is-cropped wp-block-gallery-1 is-layout-flex wp-block-gallery-is-layout-flex\">\n<figure class=\"wp-block-image size-large\"><img loading=\"lazy\" decoding=\"async\" width=\"1024\" height=\"683\" data-id=\"604399\" src=\"https:\/\/diariodominicano.com\/wp-content\/uploads\/2025\/03\/Alberto-Rodriguez-Mella-exhorto-a-los-coordinadores-regionales-a-presentar-propuestas-de-capacitacion-y-ejecucion-de-eventos-con-miras-a-mejorar-el-deporte-escolar-en-sus-comunidades-1024x683.jpg\" alt=\"\" class=\"wp-image-604399\" srcset=\"https:\/\/diariodominicano.com\/wp-content\/uploads\/2025\/03\/Alberto-Rodriguez-Mella-exhorto-a-los-coordinadores-regionales-a-presentar-propuestas-de-capacitacion-y-ejecucion-de-eventos-con-miras-a-mejorar-el-deporte-escolar-en-sus-comunidades-1024x683.jpg 1024w, https:\/\/diariodominicano.com\/wp-content\/uploads\/2025\/03\/Alberto-Rodriguez-Mella-exhorto-a-los-coordinadores-regionales-a-presentar-propuestas-de-capacitacion-y-ejecucion-de-eventos-con-miras-a-mejorar-el-deporte-escolar-en-sus-comunidades-300x200.jpg 300w, https:\/\/diariodominicano.com\/wp-content\/uploads\/2025\/03\/Alberto-Rodriguez-Mella-exhorto-a-los-coordinadores-regionales-a-presentar-propuestas-de-capacitacion-y-ejecucion-de-eventos-con-miras-a-mejorar-el-deporte-escolar-en-sus-comunidades-768x512.jpg 768w, https:\/\/diariodominicano.com\/wp-content\/uploads\/2025\/03\/Alberto-Rodriguez-Mella-exhorto-a-los-coordinadores-regionales-a-presentar-propuestas-de-capacitacion-y-ejecucion-de-eventos-con-miras-a-mejorar-el-deporte-escolar-en-sus-comunidades-1536x1024.jpg 1536w, https:\/\/diariodominicano.com\/wp-content\/uploads\/2025\/03\/Alberto-Rodriguez-Mella-exhorto-a-los-coordinadores-regionales-a-presentar-propuestas-de-capacitacion-y-ejecucion-de-eventos-con-miras-a-mejorar-el-deporte-escolar-en-sus-comunidades-2048x1365.jpg 2048w, https:\/\/diariodominicano.com\/wp-content\/uploads\/2025\/03\/Alberto-Rodriguez-Mella-exhorto-a-los-coordinadores-regionales-a-presentar-propuestas-de-capacitacion-y-ejecucion-de-eventos-con-miras-a-mejorar-el-deporte-escolar-en-sus-comunidades-816x544.jpg 816w\" sizes=\"auto, (max-width: 1024px) 100vw, 1024px\" \/><figcaption class=\"wp-element-caption\">El director ejecutivo del INEFI, Alberto Rodr\u00edguez Mella, exhort\u00f3 a los coordinadores regionales a presentar propuestas de capacitaci\u00f3n y ejecuci\u00f3n de eventos con miras a mejorar el deporte escolar en sus comunidades <\/figcaption><\/figure>\n<\/figure>\n\n\n\n<p>La actividad estuvo encabezada por el director ejecutivo del INEFI, Alberto Rodr\u00edguez Mella, quien exhort\u00f3 a los coordinadores a algunas propuestas de capacitaci\u00f3n y ejecuci\u00f3n de eventos con miras a mejorar el deporte escolar en sus comunidades.<\/p>\n\n\n\n<p>En el \u201ccara a cara\u201d, realizada en el Hotel Holliday Inn, en el Distrito Nacional, Duval resalt\u00f3 la labor que viene realizada por Isaac Ogando frente al CIDE de Bayaguana, as\u00ed como de otros coordinadores de los centros de varias zonas del pa\u00eds.<\/p>\n\n\n\n<p>\u201cRecuerden que el primer contacto de los ni\u00f1os con el deporte es en las escuelas; en tal sentido, debemos poner mucha atenci\u00f3n en La Vega, San Juan, Moca y otras regiones que cuentan con centros CIDE\u201d, destac\u00f3. <\/p>\n\n\n\n<p>Revel\u00f3 que el presidente Luis Abinader Corona conf\u00eda en que los centros CIDE y los clubes escolares seran ampliando, fortaleciendo y desarrollando en todo el pa\u00eds.<\/p>\n\n\n\n<figure class=\"wp-block-gallery has-nested-images columns-default is-cropped wp-block-gallery-2 is-layout-flex wp-block-gallery-is-layout-flex\">\n<figure class=\"wp-block-image size-large\"><img loading=\"lazy\" decoding=\"async\" width=\"1024\" height=\"683\" data-id=\"604400\" src=\"https:\/\/diariodominicano.com\/wp-content\/uploads\/2025\/03\/El-director-ejecutivo-del-INEFI-Alberto-Rodriguez-Mella-cuando-se-dirigio-a-los-coordinadores-regionales-de-Bayaguana-Moca-y-Santiago-1024x683.jpg\" alt=\"\" class=\"wp-image-604400\" srcset=\"https:\/\/diariodominicano.com\/wp-content\/uploads\/2025\/03\/El-director-ejecutivo-del-INEFI-Alberto-Rodriguez-Mella-cuando-se-dirigio-a-los-coordinadores-regionales-de-Bayaguana-Moca-y-Santiago-1024x683.jpg 1024w, https:\/\/diariodominicano.com\/wp-content\/uploads\/2025\/03\/El-director-ejecutivo-del-INEFI-Alberto-Rodriguez-Mella-cuando-se-dirigio-a-los-coordinadores-regionales-de-Bayaguana-Moca-y-Santiago-300x200.jpg 300w, https:\/\/diariodominicano.com\/wp-content\/uploads\/2025\/03\/El-director-ejecutivo-del-INEFI-Alberto-Rodriguez-Mella-cuando-se-dirigio-a-los-coordinadores-regionales-de-Bayaguana-Moca-y-Santiago-768x512.jpg 768w, https:\/\/diariodominicano.com\/wp-content\/uploads\/2025\/03\/El-director-ejecutivo-del-INEFI-Alberto-Rodriguez-Mella-cuando-se-dirigio-a-los-coordinadores-regionales-de-Bayaguana-Moca-y-Santiago-1536x1024.jpg 1536w, https:\/\/diariodominicano.com\/wp-content\/uploads\/2025\/03\/El-director-ejecutivo-del-INEFI-Alberto-Rodriguez-Mella-cuando-se-dirigio-a-los-coordinadores-regionales-de-Bayaguana-Moca-y-Santiago-2048x1365.jpg 2048w, https:\/\/diariodominicano.com\/wp-content\/uploads\/2025\/03\/El-director-ejecutivo-del-INEFI-Alberto-Rodriguez-Mella-cuando-se-dirigio-a-los-coordinadores-regionales-de-Bayaguana-Moca-y-Santiago-816x544.jpg 816w\" sizes=\"auto, (max-width: 1024px) 100vw, 1024px\" \/><figcaption class=\"wp-element-caption\">El director ejecutivo del INEFI, Alberto Rodr\u00edguez Mella, cuando se dirigi\u00f3 a los coordinadores regionales de Bayaguana, Moca y Santiago <\/figcaption><\/figure>\n<\/figure>\n\n\n\n<p>\u201cEn tal sentido, estamos trabajando los reglamentos que nos van a permitir abrir las escuelas a la comunidad, a los clubes deportivos, y que nuestros centros CIDE puedan seguir desarroll\u00e1ndose tanto con las instalaciones deportivas como en los centros educativos\u201d, indic\u00f3. <\/p>\n\n\n\n<p>Duval estuvo acompa\u00f1ado de C\u00e9sar Ruiz, asesor administrativo y financiero, y el director t\u00e9cnico Eddy Gonz\u00e1lez.<\/p>\n\n\n\n<p>\u00abEl objetivo de nuestro director ejecutivo Alberto Rodr\u00edguez Mella es que en cada provincia del pa\u00eds existe un CIDE y es por eso este conversatorio. Ya en el pa\u00eds existen dos, uno que est\u00e1 en Bayaguana y que sirve de referencia por los logros alcanzados desde su creaci\u00f3n, as\u00ed como el de la provincia Espaillat, que est\u00e1 en proceso de relanzamiento. De igual manera est\u00e1 el de Santiago, cuyo escenario de funcionamiento es en el complejo La Barranquita\u00bb, sostuvo Gonz\u00e1lez.<\/p>\n\n\n\n<p>En el c\u00f3nclave intervinieron el coordinador general del CIDE, en Bayaguana, Nevil Manzanillo, quien se refiri\u00f3 al por qu\u00e9 del \u00e9xito de ese programa en dicha localidad monteplatense; mientras que Nelson Pe\u00f1a hizo lo propio al informar sobre los avances del CIDE en Moca.<\/p>\n\n\n\n<p>\u00abEste es un encuentro trascendental porque se re\u00fane en un mismo escenario a t\u00e9cnicos que analizan la historia del CIDE y que ir\u00e1 en beneficio de una gran cantidad de j\u00f3venes de cada uno de estos pueblos\u00bb, puntualiz\u00f3 el profesor Isaac Ogando, inmortal del deporte dominicano y responsable en la formaci\u00f3n de varios atletas medallistas Ol\u00edmpicos, Panamericanos y Centroamericanos de Bayaguana, municipio de Monte Plata.<\/p>\n\n\n\n<p>Igualmente ponder\u00f3 la iniciativa del INEFI de realizar el conversatorio Nelson Pe\u00f1a, director del CIDE-Moca.<\/p>\n\n\n\n<p>\u00abHablar de CIDE es hablar de iniciaci\u00f3n deportiva y eso es lo que ha venido haciendo el INEFI y que marca el desarrollo de cada pa\u00eds, en especial la escolar, que es d\u00f3nde sale ese semillero de grandes atletas que con el pasar del tiempo han representado a la Rep\u00fablica Dominicana con gallard\u00eda y honorabilidad\u00bb, sostuvo Pe\u00f1a.<\/p>\n\n\n\n<p>De su lado, el asesor regional 08, Carlos Indalecio extern\u00f3 la interrogante de \u201cqu\u00e9 buscamos con la instalaci\u00f3n del CIDE en Santiago de los Caballeros. <\/p>\n\n\n\n<p>Tambi\u00e9n particip\u00f3 el profesor Richard Almaguer L\u00f3pez, quien habl\u00f3 sobre la importancia de captar \u201clos talentos en edad escolar\u201d.<\/p>\n\n\n\n<p>Almaguer L\u00f3pez expuso escuetamente su proyecto \u201cIdentificar la Potencialidad Deportiva Latente\u201d, que consiste en descubrir, por medio de las cualidades intr\u00ednsecas del atleta, los factores que definen los talentos que posee un individuo para tal o cual deporte.<\/p>\n\n\n\n<p>Se refiri\u00f3 a aquellas personas que est\u00e1n influenciadas por dos factores importantes como lo son el ex\u00f3geno y end\u00f3geno, es decir, aspectos intr\u00ednsecos en el individuo como el desarrollo f\u00edsico, antropom\u00e9trico, o el tipo de fibras que posee (fibras r\u00e1pidas o lentas).<\/p>\n\n\n\n<p>Mientras que Pedro Zamora expuso sobre c\u00f3mo y por qu\u00e9 se crea el CIDE, y Manuel Morel habl\u00f3 sobre la importancia de los t\u00e9cnicos docentes en el desarrollo del CIDE.<\/p>\n\n\n\n<p>PRENSA INEFI <a href=\"mailto:prensainefi@gmail.com\">prensainefi@gmail.com<\/a>&nbsp;<\/p>\n","protected":false},"excerpt":{"rendered":"<p>En el encuentro estuvo presente el doctor cubano-venezolano Richard Almaguer L\u00f3pez, quien expuso su proyecto de identificaci\u00f3n de potencialidad deportiva. SANTO DOMINGO.- Con el objetivo de llegar a acuerdo puntuales y necesarios que permitan un mejor progreso del deporte en las diferentes comunidades del pa\u00eds, el Instituto Nacional de Educaci\u00f3n F\u00edsica (INEFI) realiz\u00f3 este martes [&hellip;]<\/p>\n","protected":false},"author":7,"featured_media":604403,"comment_status":"closed","ping_status":"closed","sticky":false,"template":"","format":"standard","meta":{"footnotes":""},"categories":[17],"tags":[491],"class_list":["post-604386","post","type-post","status-publish","format-standard","has-post-thumbnail","hentry","category-deportes","tag-inefi"],"_links":{"self":[{"href":"https:\/\/diariodominicano.com\/index.php?rest_route=\/wp\/v2\/posts\/604386","targetHints":{"allow":["GET"]}}],"collection":[{"href":"https:\/\/diariodominicano.com\/index.php?rest_route=\/wp\/v2\/posts"}],"about":[{"href":"https:\/\/diariodominicano.com\/index.php?rest_route=\/wp\/v2\/types\/post"}],"author":[{"embeddable":true,"href":"https:\/\/diariodominicano.com\/index.php?rest_route=\/wp\/v2\/users\/7"}],"replies":[{"embeddable":true,"href":"https:\/\/diariodominicano.com\/index.php?rest_route=%2Fwp%2Fv2%2Fcomments&post=604386"}],"version-history":[{"count":1,"href":"https:\/\/diariodominicano.com\/index.php?rest_route=\/wp\/v2\/posts\/604386\/revisions"}],"predecessor-version":[{"id":604404,"href":"https:\/\/diariodominicano.com\/index.php?rest_route=\/wp\/v2\/posts\/604386\/revisions\/604404"}],"wp:featuredmedia":[{"embeddable":true,"href":"https:\/\/diariodominicano.com\/index.php?rest_route=\/wp\/v2\/media\/604403"}],"wp:attachment":[{"href":"https:\/\/diariodominicano.com\/index.php?rest_route=%2Fwp%2Fv2%2Fmedia&parent=604386"}],"wp:term":[{"taxonomy":"category","embeddable":true,"href":"https:\/\/diariodominicano.com\/index.php?rest_route=%2Fwp%2Fv2%2Fcategories&post=604386"},{"taxonomy":"post_tag","embeddable":true,"href":"https:\/\/diariodominicano.com\/index.php?rest_route=%2Fwp%2Fv2%2Ftags&post=604386"}],"curies":[{"name":"wp","href":"https:\/\/api.w.org\/{rel}","templated":true}]}}