{"id":604346,"date":"2025-03-19T02:03:45","date_gmt":"2025-03-19T06:03:45","guid":{"rendered":"https:\/\/diariodominicano.com\/?p=604346"},"modified":"2025-03-19T02:05:37","modified_gmt":"2025-03-19T06:05:37","slug":"el-presidente-abinader-encabezara-actos-conmemorativos-del-181-aniversario-de-la-batalla-del-19-de-marzo-en-azua","status":"publish","type":"post","link":"https:\/\/diariodominicano.com\/?p=604346","title":{"rendered":"El Presidente Abinader encabezar\u00e1 actos conmemorativos del 181 aniversario de la batalla del 19 de Marzo de 1844"},"content":{"rendered":"\n<p>18 de Marzo 2025 | 15:48<\/p>\n\n\n\n<figure class=\"wp-block-image\"><img decoding=\"async\" src=\"https:\/\/platform-cdn.sharethis.com\/img\/facebook.svg\" alt=\"facebook sharing button\"\/><\/figure>\n\n\n\n<figure class=\"wp-block-image\"><img decoding=\"async\" src=\"https:\/\/platform-cdn.sharethis.com\/img\/twitter.svg\" alt=\"twitter sharing button\"\/><\/figure>\n\n\n\n<figure class=\"wp-block-image\"><img decoding=\"async\" src=\"https:\/\/platform-cdn.sharethis.com\/img\/sharethis.svg\" alt=\"sharethis sharing button\"\/><\/figure>\n\n\n\n<p>Santo Domingo, RD.-\u00a0<strong>El presidente Luis Abinader<\/strong>\u00a0encabezar\u00e1 este mi\u00e9rcoles el\u00a0<strong>desfile c\u00edvico-militar<\/strong>\u00a0en conmemoraci\u00f3n del\u00a0<strong>181<\/strong>\u00a0aniversario de la\u00a0<strong>batalla del 19 de Marzo,<\/strong>\u00a0en Azua.<\/p>\n\n\n\n<p>El desfile c\u00edvico-militar est\u00e1 programado para iniciar a las&nbsp;<strong>11:00 de la ma\u00f1ana<\/strong>&nbsp;y hace honor a la tambi\u00e9n llamada&nbsp;<strong>batalla de Azua<\/strong>, primera librada en&nbsp;<strong>defensa de la soberan\u00eda nacional.<\/strong><\/p>\n\n\n\n<p>M\u00e1s adelante, el&nbsp;<strong>jefe de Estado<\/strong>&nbsp;dejar\u00e1 inaugurado un&nbsp;<strong>techado y una cancha de f\u00fatbol<\/strong>, en el municipio de&nbsp;<strong>Sabana Yegua<\/strong>, donde los ni\u00f1os y j\u00f3venes tendr\u00e1n un desarrollo integral tanto a nivel f\u00edsico como emocional y social.<\/p>\n\n\n\n<p><strong>Ban\u00ed, Peravia<\/strong><\/p>\n\n\n\n<p>El mandatario continuar\u00e1 fortaleciendo la infraestructura sanitaria del pa\u00eds y culminar\u00e1 su agenda en la\u00a0<strong>provincia Peravia,<\/strong>\u00a0con la inauguraci\u00f3n de la reconstrucci\u00f3n del\u00a0<strong>Hospital Municipal Nuestra Se\u00f1ora de Regla,\u00a0<\/strong>en Ban\u00ed, para seguir llevando atenci\u00f3n m\u00e9dica\u00a0<strong>accesible y de calidad\u00a0<\/strong>a sus ciudadanos.<\/p>\n\n\n\n<p>Con informaci\u00f3n de la Presidencia de la Rep\u00fablica Dominicana<\/p>\n","protected":false},"excerpt":{"rendered":"<p>18 de Marzo 2025 | 15:48 Santo Domingo, RD.-\u00a0El presidente Luis Abinader\u00a0encabezar\u00e1 este mi\u00e9rcoles el\u00a0desfile c\u00edvico-militar\u00a0en conmemoraci\u00f3n del\u00a0181\u00a0aniversario de la\u00a0batalla del 19 de Marzo,\u00a0en Azua. El desfile c\u00edvico-militar est\u00e1 programado para iniciar a las&nbsp;11:00 de la ma\u00f1ana&nbsp;y hace honor a la tambi\u00e9n llamada&nbsp;batalla de Azua, primera librada en&nbsp;defensa de la soberan\u00eda nacional. M\u00e1s adelante, el&nbsp;jefe [&hellip;]<\/p>\n","protected":false},"author":2,"featured_media":604347,"comment_status":"closed","ping_status":"closed","sticky":false,"template":"","format":"standard","meta":{"footnotes":""},"categories":[21,26,27],"tags":[],"class_list":["post-604346","post","type-post","status-publish","format-standard","has-post-thumbnail","hentry","category-cultura","category-efemerides","category-portada"],"_links":{"self":[{"href":"https:\/\/diariodominicano.com\/index.php?rest_route=\/wp\/v2\/posts\/604346","targetHints":{"allow":["GET"]}}],"collection":[{"href":"https:\/\/diariodominicano.com\/index.php?rest_route=\/wp\/v2\/posts"}],"about":[{"href":"https:\/\/diariodominicano.com\/index.php?rest_route=\/wp\/v2\/types\/post"}],"author":[{"embeddable":true,"href":"https:\/\/diariodominicano.com\/index.php?rest_route=\/wp\/v2\/users\/2"}],"replies":[{"embeddable":true,"href":"https:\/\/diariodominicano.com\/index.php?rest_route=%2Fwp%2Fv2%2Fcomments&post=604346"}],"version-history":[{"count":2,"href":"https:\/\/diariodominicano.com\/index.php?rest_route=\/wp\/v2\/posts\/604346\/revisions"}],"predecessor-version":[{"id":604350,"href":"https:\/\/diariodominicano.com\/index.php?rest_route=\/wp\/v2\/posts\/604346\/revisions\/604350"}],"wp:featuredmedia":[{"embeddable":true,"href":"https:\/\/diariodominicano.com\/index.php?rest_route=\/wp\/v2\/media\/604347"}],"wp:attachment":[{"href":"https:\/\/diariodominicano.com\/index.php?rest_route=%2Fwp%2Fv2%2Fmedia&parent=604346"}],"wp:term":[{"taxonomy":"category","embeddable":true,"href":"https:\/\/diariodominicano.com\/index.php?rest_route=%2Fwp%2Fv2%2Fcategories&post=604346"},{"taxonomy":"post_tag","embeddable":true,"href":"https:\/\/diariodominicano.com\/index.php?rest_route=%2Fwp%2Fv2%2Ftags&post=604346"}],"curies":[{"name":"wp","href":"https:\/\/api.w.org\/{rel}","templated":true}]}}