{"id":604267,"date":"2025-03-18T15:31:08","date_gmt":"2025-03-18T19:31:08","guid":{"rendered":"https:\/\/diariodominicano.com\/?p=604267"},"modified":"2025-12-29T03:00:26","modified_gmt":"2025-12-29T07:00:26","slug":"presidente-luis-abinader-respalda-vigencia-de-la-ley-368-22-y-da-razon-al-alcalde-de-la-otra-banda-alexander-el-hijo-del-pueblo","status":"publish","type":"post","link":"https:\/\/diariodominicano.com\/?p=604267","title":{"rendered":"Presidente Luis Abinader respalda vigencia de la Ley 368-22 y da raz\u00f3n al alcalde de La Otra Banda Alexander El Hijo del Pueblo\u00a0"},"content":{"rendered":"\n<p>La Otra Banda, RD. \u2013 El presidente de la Rep\u00fablica, Luis Abinader, afirm\u00f3 este lunes durante su acostumbrada rueda de prensa La Semanal que la Ley 368-22 de Ordenamiento Territorial est\u00e1 vigente y es aplicable, aun sin contar con un reglamento, respaldando as\u00ed la postura del alcalde de La Otra Banda, Alexander \u00abEl Hijo del Pueblo\u00bb.<\/p>\n\n\n\n<p>El mandatario enfatiz\u00f3 que en el pa\u00eds existen numerosas leyes que se est\u00e1n aplicando sin la existencia de un reglamento, aclarando que este \u00faltimo tiene el prop\u00f3sito de fortalecer la implementaci\u00f3n de la ley, pero no es un requisito indispensable para su ejecuci\u00f3n.<\/p>\n\n\n\n<p>\u00abHay cientos de leyes que se est\u00e1n aplicando sin reglamento. El reglamento viene a fortalecer su aplicaci\u00f3n, pero no es necesario\u00bb, expres\u00f3 Abinader al referirse a la normativa que regula el ordenamiento territorial en la Rep\u00fablica Dominicana.<\/p>\n\n\n\n<p>Asimismo, el jefe de Estado desminti\u00f3 que se est\u00e9n violando disposiciones de ordenamiento territorial en el distrito municipal de Ver\u00f3n-Punta Cana, donde se han levantado m\u00faltiples proyectos hoteleros bajo la normativa existente. \u00abNo creo que el reglamento haya detenido nada. Aqu\u00ed hemos tenido que hacer cantidad de reglamentos, porque el 80% de las leyes aprobadas no ten\u00edan reglamento\u00bb, explic\u00f3.<\/p>\n\n\n\n<p>Por su parte, el consultor jur\u00eddico del Poder Ejecutivo, Antoliano Peralta, reafirm\u00f3 que la falta de reglamento no impide la aplicaci\u00f3n de la ley. \u00abEsta no es una ley vieja, y el estilo de la consultor\u00eda y del gobierno es que el reglamento sea consensuado con todos los actores interesados\u00bb, indic\u00f3.<\/p>\n\n\n\n<p>Con estas declaraciones, el presidente Abinader ratifica su compromiso con el desarrollo ordenado de las comunidades y da respaldo a las gestiones municipales que buscan aplicar la Ley de Ordenamiento Territorial para beneficio de sus demarcaciones.&nbsp;Aniana Guzman &lt;anianaguzman@gmail.com&gt;&nbsp;<\/p>\n","protected":false},"excerpt":{"rendered":"<p>La Otra Banda, RD. \u2013 El presidente de la Rep\u00fablica, Luis Abinader, afirm\u00f3 este lunes durante su acostumbrada rueda de prensa La Semanal que la Ley 368-22 de Ordenamiento Territorial est\u00e1 vigente y es aplicable, aun sin contar con un reglamento, respaldando as\u00ed la postura del alcalde de La Otra Banda, Alexander \u00abEl Hijo del [&hellip;]<\/p>\n","protected":false},"author":7,"featured_media":604277,"comment_status":"closed","ping_status":"closed","sticky":false,"template":"","format":"standard","meta":{"footnotes":""},"categories":[36],"tags":[1854],"class_list":["post-604267","post","type-post","status-publish","format-standard","has-post-thumbnail","hentry","category-hombresmujeresycosas","tag-presidente-abinader"],"_links":{"self":[{"href":"https:\/\/diariodominicano.com\/index.php?rest_route=\/wp\/v2\/posts\/604267","targetHints":{"allow":["GET"]}}],"collection":[{"href":"https:\/\/diariodominicano.com\/index.php?rest_route=\/wp\/v2\/posts"}],"about":[{"href":"https:\/\/diariodominicano.com\/index.php?rest_route=\/wp\/v2\/types\/post"}],"author":[{"embeddable":true,"href":"https:\/\/diariodominicano.com\/index.php?rest_route=\/wp\/v2\/users\/7"}],"replies":[{"embeddable":true,"href":"https:\/\/diariodominicano.com\/index.php?rest_route=%2Fwp%2Fv2%2Fcomments&post=604267"}],"version-history":[{"count":1,"href":"https:\/\/diariodominicano.com\/index.php?rest_route=\/wp\/v2\/posts\/604267\/revisions"}],"predecessor-version":[{"id":604278,"href":"https:\/\/diariodominicano.com\/index.php?rest_route=\/wp\/v2\/posts\/604267\/revisions\/604278"}],"wp:featuredmedia":[{"embeddable":true,"href":"https:\/\/diariodominicano.com\/index.php?rest_route=\/wp\/v2\/media\/604277"}],"wp:attachment":[{"href":"https:\/\/diariodominicano.com\/index.php?rest_route=%2Fwp%2Fv2%2Fmedia&parent=604267"}],"wp:term":[{"taxonomy":"category","embeddable":true,"href":"https:\/\/diariodominicano.com\/index.php?rest_route=%2Fwp%2Fv2%2Fcategories&post=604267"},{"taxonomy":"post_tag","embeddable":true,"href":"https:\/\/diariodominicano.com\/index.php?rest_route=%2Fwp%2Fv2%2Ftags&post=604267"}],"curies":[{"name":"wp","href":"https:\/\/api.w.org\/{rel}","templated":true}]}}