{"id":603810,"date":"2025-03-16T17:09:33","date_gmt":"2025-03-16T21:09:33","guid":{"rendered":"https:\/\/diariodominicano.com\/?p=603810"},"modified":"2025-03-16T17:10:37","modified_gmt":"2025-03-16T21:10:37","slug":"inefi-y-alcaldia-de-monte-llano-coordinaran-intervencion-de-cancha-en-el-centro-educativo-madre-teresa-de-calcuta","status":"publish","type":"post","link":"https:\/\/diariodominicano.com\/?p=603810","title":{"rendered":"INEFI y Alcald\u00eda de Monte Llano coordinar\u00e1n intervenci\u00f3n de cancha en el Centro Educativo Madre Teresa de Calcuta"},"content":{"rendered":"\n<p>Monte Llano, Puerto Plata. \u2013 El Instituto Nacional de Educaci\u00f3n F\u00edsica (INEFI), en colaboraci\u00f3n con la Alcald\u00eda de Monte Llano, representada por el alcalde H\u00e9ctor Almonte, coordina la intervenci\u00f3n de la cancha del Centro Educativo Madre Teresa de Calcuta, atendiendo a las solicitudes de los estudiantes y la comunidad.<\/p>\n\n\n\n<figure class=\"wp-block-image\"><img decoding=\"async\" src=\"https:\/\/diariodominicano.com\/wp-content\/uploads\/2025\/03\/Estado-en-que-se-encuentra-la-cancha-del-Centro-Educativo-Madre-Teresa-de-Calcuta-en-Monte-Llano-Puerto-Plata-1024x682.jpg\" alt=\"\"\/><\/figure>\n\n\n\n<p>Para iniciar este proceso, el equipo de trabajo del INEFI realiz\u00f3 una inspecci\u00f3n en el centro educativo con el objetivo de evaluar el estado de la infraestructura y definir los detalles para el inicio de los trabajos, programados para el pr\u00f3ximo lunes 17 de este mes.<\/p>\n\n\n\n<p>El director del INEFI, Alberto Rodr\u00edguez, destac\u00f3 la importancia de esta intervenci\u00f3n, subrayando que \u00abnuestra misi\u00f3n es garantizar que cada estudiante dominicano tenga acceso a instalaciones deportivas adecuadas. Con esta rehabilitaci\u00f3n, no solo mejoramos la infraestructura, sino que tambi\u00e9n fomentamos la pr\u00e1ctica del deporte y la recreaci\u00f3n como herramientas esenciales para el desarrollo integral de nuestros j\u00f3venes\u201d.<\/p>\n\n\n\n<figure class=\"wp-block-image\"><img decoding=\"async\" src=\"https:\/\/diariodominicano.com\/wp-content\/uploads\/2025\/03\/Estado-la-cancha-del-Centro-Educativo-Madre-Teresa-de-Calcuta-en-Monte-Llano-Puerto-Plata-1024x682.jpg\" alt=\"\"\/><\/figure>\n\n\n\n<p>Como parte del compromiso del INEFI con el impulso del deporte escolar, una vez finalizados los trabajos de reacondicionamiento, el departamento de recreaci\u00f3n organizar\u00e1 actividades deportivas y recreativas para los estudiantes y la comunidad, promoviendo el uso de este espacio en un ambiente din\u00e1mico y formativo.<\/p>\n\n\n\n<p>Con esta iniciativa, se beneficiar\u00e1 a cientos de estudiantes y j\u00f3venes del municipio de Monte Llano, proporcion\u00e1ndoles un entorno seguro y \u00f3ptimo para la pr\u00e1ctica del deporte y el desarrollo f\u00edsico.<\/p>\n\n\n\n<p>PRENSA INEFI <a href=\"mailto:prensainefi@gmail.com\">prensainefi@gmail.com<\/a> <\/p>\n","protected":false},"excerpt":{"rendered":"<p>Monte Llano, Puerto Plata. \u2013 El Instituto Nacional de Educaci\u00f3n F\u00edsica (INEFI), en colaboraci\u00f3n con la Alcald\u00eda de Monte Llano, representada por el alcalde H\u00e9ctor Almonte, coordina la intervenci\u00f3n de la cancha del Centro Educativo Madre Teresa de Calcuta, atendiendo a las solicitudes de los estudiantes y la comunidad. Para iniciar este proceso, el equipo [&hellip;]<\/p>\n","protected":false},"author":7,"featured_media":603853,"comment_status":"closed","ping_status":"closed","sticky":false,"template":"","format":"standard","meta":{"footnotes":""},"categories":[17],"tags":[491],"class_list":["post-603810","post","type-post","status-publish","format-standard","has-post-thumbnail","hentry","category-deportes","tag-inefi"],"_links":{"self":[{"href":"https:\/\/diariodominicano.com\/index.php?rest_route=\/wp\/v2\/posts\/603810","targetHints":{"allow":["GET"]}}],"collection":[{"href":"https:\/\/diariodominicano.com\/index.php?rest_route=\/wp\/v2\/posts"}],"about":[{"href":"https:\/\/diariodominicano.com\/index.php?rest_route=\/wp\/v2\/types\/post"}],"author":[{"embeddable":true,"href":"https:\/\/diariodominicano.com\/index.php?rest_route=\/wp\/v2\/users\/7"}],"replies":[{"embeddable":true,"href":"https:\/\/diariodominicano.com\/index.php?rest_route=%2Fwp%2Fv2%2Fcomments&post=603810"}],"version-history":[{"count":2,"href":"https:\/\/diariodominicano.com\/index.php?rest_route=\/wp\/v2\/posts\/603810\/revisions"}],"predecessor-version":[{"id":603857,"href":"https:\/\/diariodominicano.com\/index.php?rest_route=\/wp\/v2\/posts\/603810\/revisions\/603857"}],"wp:featuredmedia":[{"embeddable":true,"href":"https:\/\/diariodominicano.com\/index.php?rest_route=\/wp\/v2\/media\/603853"}],"wp:attachment":[{"href":"https:\/\/diariodominicano.com\/index.php?rest_route=%2Fwp%2Fv2%2Fmedia&parent=603810"}],"wp:term":[{"taxonomy":"category","embeddable":true,"href":"https:\/\/diariodominicano.com\/index.php?rest_route=%2Fwp%2Fv2%2Fcategories&post=603810"},{"taxonomy":"post_tag","embeddable":true,"href":"https:\/\/diariodominicano.com\/index.php?rest_route=%2Fwp%2Fv2%2Ftags&post=603810"}],"curies":[{"name":"wp","href":"https:\/\/api.w.org\/{rel}","templated":true}]}}