{"id":603809,"date":"2025-03-16T17:01:18","date_gmt":"2025-03-16T21:01:18","guid":{"rendered":"https:\/\/diariodominicano.com\/?p=603809"},"modified":"2025-03-16T23:42:28","modified_gmt":"2025-03-17T03:42:28","slug":"instituto-duartiano-advierte-sobre-la-titularidad-de-la-ciudad-colonial","status":"publish","type":"post","link":"https:\/\/diariodominicano.com\/?p=603809","title":{"rendered":"Instituto Duartiano advierte sobre la titularidad de la Ciudad Colonial"},"content":{"rendered":"\n<p><em><strong>En un emotivo acto en Sans Souc\u00ed la entidad y la Armada rindieron tributo a Juan Pablo Duarte, con ofrendas florales y honores militares que recordaron el regreso del pr\u00f3cer al pa\u00eds tras la Independencia.<\/strong><\/em><\/p>\n\n\n\n<p>Santo Domingo, R.D.- En los actos conmemorativos del 181 aniversario del regreso triunfal al pa\u00eds de Juan Pablo Duarte tras la Independencia Nacional, el presidente del Instituto Duartiano, Wilson G\u00f3mez Ram\u00edrez, advirti\u00f3 que la ausencia de normativas claras est\u00e1 permitiendo la adquisici\u00f3n de propiedades en la Ciudad Colonial por parte de extranjeros.<\/p>\n\n\n\n<figure class=\"wp-block-image\"><img decoding=\"async\" src=\"https:\/\/diariodominicano.com\/wp-content\/uploads\/2025\/03\/El-contraalmirante-Juan-Gilberto-Nunez-se-dirige-a-los-presentes-1024x683.jpg\" alt=\"\"\/><\/figure>\n\n\n\n<p>A juicio del dirigente de los duartianos, esta situaci\u00f3n pone en riesgo la identidad y el patrimonio hist\u00f3rico de la naci\u00f3n, e hizo un llamado a los legisladores para que implementen medidas que resguarden estos espacios de valor cultural y simb\u00f3lico.<\/p>\n\n\n\n<figure class=\"wp-block-image\"><img decoding=\"async\" src=\"https:\/\/diariodominicano.com\/wp-content\/uploads\/2025\/03\/El-presidente-del-Instituto-Duartiano-Wilson-Gomez-Ramirez-1024x683.jpg\" alt=\"\"\/><\/figure>\n\n\n\n<p>G\u00f3mez Ram\u00edrez alz\u00f3 su voz en defensa del patrimonio dominicano y, a su vez, expres\u00f3 la preocupaci\u00f3n de esa entidad por la falta de legislaci\u00f3n para preservar la Ciudad Colonial, que ya casas individuales, apartamentos y locales comerciales constituyen este complejo arquitect\u00f3nico que es parte de la historia republicana y, en algunos casos, tambi\u00e9n de la historia colonial.<\/p>\n\n\n\n<p>Sostuvo que la titularidad de tales propiedades inmobiliarias debi\u00f3 reservarse a dominicanos y que la misma situaci\u00f3n persiste en la regi\u00f3n fronteriza, donde, a pesar del mandato constitucional de articular una disposici\u00f3n legal para que solo dominicanos puedan tener titularidad en una extensi\u00f3n superficial determinada, los extranjeros contin\u00faan adquiriendo propiedades.<\/p>\n\n\n\n<p>El presidente del Instituto Duartiano precis\u00f3 que esto tambi\u00e9n pone en riesgo la soberan\u00eda terrestre y una parte estrat\u00e9gica de la Rep\u00fablica Dominicana, en su zona fronteriza.<\/p>\n\n\n\n<p><strong>Actos 181 aniversario del regreso de Duarte tras la Independencia<\/strong><\/p>\n\n\n\n<p>Con un solemne acto patri\u00f3tico, el Instituto Duartiano, en coordinaci\u00f3n de la Armada Dominicana, conmemor\u00f3 este s\u00e1bado el 181 aniversario del \u201cregreso triunfal\u201d de Juan Pablo Duarte, acontecido el 15 de marzo de 1844, tras la proclamaci\u00f3n de la Independencia Nacional.<\/p>\n\n\n\n<p>La actividad tuvo lugar en el Santuario de Las Tortugas Marinas, en Sans Souc\u00ed, un sitio emblem\u00e1tico que borde\u00f3 el Club Naval para Oficiales de la Armada, encabezado por Wilson G\u00f3mez Ram\u00edrez, presidente del Instituto Duartiano y el contraalmirante Juan Gilberto N\u00fa\u00f1ez, en representaci\u00f3n del comandante general de la Armada, vicealmirante Agust\u00edn Morillo Rodr\u00edguez.<\/p>\n\n\n\n<p>La ceremonia inici\u00f3 con un desfile de la bandera nacional y de los duartianos, acompa\u00f1ado por la banda de m\u00fasica de la Armada y miembros del Instituto Duartiano, y prosigui\u00f3 con una ofrenda floral ante el monumento del patricio, reafirmando el compromiso de la naci\u00f3n con su legado independentista.<\/p>\n\n\n\n<p>El discurso central estuvo a cargo de G\u00f3mez Ram\u00edrez, quien destac\u00f3 el valor hist\u00f3rico del retorno de Duarte y su lucha por la independencia dominicana, mientras que el contraalmirante N\u00fa\u00f1ez ofreci\u00f3 unas palabras alusivas a la importancia del evento.<\/p>\n\n\n\n<p>El presidente de la entidad patri\u00f3tica enfatiz\u00f3 en \u201cel recibimiento que el pueblo y el sector sano de las autoridades dieron al l\u00edder trinitario, general Juan Pablo Duarte, pues tan pronto puso pie en tierra, desde la Fortaleza Ozama se dispararon 21 ca\u00f1onazos de rigor\u2026 luego, \u00e9l se traslad\u00f3 a la Plaza de Armas y all\u00ed fue proclamado jefe del Ej\u00e9rcito de la Rep\u00fablica, aunque sus adversarios enquistados en la Junta Central Gubernativa, simplemente lo nombraron a Duarte General de Brigada\u201d.<\/p>\n\n\n\n<p>Por su parte, el contralmirante N\u00fa\u00f1ez destac\u00f3 la importancia hist\u00f3rica del regreso del padre de la patria tras proclamarse la Independencia Nacional, toda vez que su presencia permiti\u00f3 cohesionar a los trinitarios, reforzar el sentimiento patri\u00f3tico, echar las bases para preservar la soberan\u00eda y restablecerla todas las veces que la misma fuere conculcada.<\/p>\n\n\n\n<p>Como acto final, la banda de m\u00fasica de la Armada interpret\u00f3 el himno a Juan Pablo Duarte, seguido de la tradicional reverencia al pr\u00f3cer con el lanzamiento de rosas a las aguas caribe\u00f1as, este emotivo gesto simboliz\u00f3 la gratitud y el respeto de la naci\u00f3n hacia el l\u00edder independentista.<\/p>\n\n\n\n<p>El acto cont\u00f3 con la participaci\u00f3n de miembros de la junta directiva nacional del Instituto Duartiano, entre ellos Julio Manuel Rodr\u00edguez Grull\u00f3n, vicepresidente; Jos\u00e9 Pilia Moreno Duarte, tesorero; V\u00edctor Zabala S\u00e1nchez, gobernador de la Casa y Museo de Duarte, as\u00ed como representantes de la Armada de la Rep\u00fablica Dominicana.<\/p>\n\n\n\n<p>Con este acto conmemorativo, estas entidades reiteraron su compromiso con la preservaci\u00f3n de la memoria y el legado de Juan Pablo Duarte, reafirmando su papel como pilar fundamental de la identidad nacional.<\/p>\n\n\n\n<p><strong>Link para ver o descargar 3 v\u00eddeos:<\/strong><\/p>\n\n\n\n<p><strong>Por YouTube:<\/strong><\/p>\n\n\n\n<figure class=\"wp-block-embed is-type-video is-provider-youtube wp-block-embed-youtube wp-embed-aspect-16-9 wp-has-aspect-ratio\"><div class=\"wp-block-embed__wrapper\">\n<iframe loading=\"lazy\" title=\"V\u00cdDEO 1: Instituto Duartiano advierte sobre la titularidad de la Ciudad Colonial\" width=\"616\" height=\"347\" src=\"https:\/\/www.youtube.com\/embed\/fKrzDlAzchM?feature=oembed\" frameborder=\"0\" allow=\"accelerometer; autoplay; clipboard-write; encrypted-media; gyroscope; picture-in-picture; web-share\" referrerpolicy=\"strict-origin-when-cross-origin\" allowfullscreen><\/iframe>\n<\/div><\/figure>\n\n\n\n<figure class=\"wp-block-embed is-type-video is-provider-youtube wp-block-embed-youtube wp-embed-aspect-16-9 wp-has-aspect-ratio\"><div class=\"wp-block-embed__wrapper\">\n<iframe loading=\"lazy\" title=\"V\u00cdDEO 2: Instituto Duartiano advierte sobre la titularidad de la Ciudad Colonial\" width=\"616\" height=\"347\" src=\"https:\/\/www.youtube.com\/embed\/ZeOZKb336nk?feature=oembed\" frameborder=\"0\" allow=\"accelerometer; autoplay; clipboard-write; encrypted-media; gyroscope; picture-in-picture; web-share\" referrerpolicy=\"strict-origin-when-cross-origin\" allowfullscreen><\/iframe>\n<\/div><\/figure>\n\n\n\n<figure class=\"wp-block-embed is-type-video is-provider-youtube wp-block-embed-youtube wp-embed-aspect-16-9 wp-has-aspect-ratio\"><div class=\"wp-block-embed__wrapper\">\n<iframe loading=\"lazy\" title=\"Instituto Duartiano advierte sobre la titularidad de la Ciudad Colonial\" width=\"616\" height=\"347\" src=\"https:\/\/www.youtube.com\/embed\/vc0lptKhr-4?feature=oembed\" frameborder=\"0\" allow=\"accelerometer; autoplay; clipboard-write; encrypted-media; gyroscope; picture-in-picture; web-share\" referrerpolicy=\"strict-origin-when-cross-origin\" allowfullscreen><\/iframe>\n<\/div><\/figure>\n\n\n\n<p>Enver L\u00f3pez Milander &lt;enver@publimercadeord.com&gt;&nbsp;<\/p>\n","protected":false},"excerpt":{"rendered":"<p>En un emotivo acto en Sans Souc\u00ed la entidad y la Armada rindieron tributo a Juan Pablo Duarte, con ofrendas florales y honores militares que recordaron el regreso del pr\u00f3cer al pa\u00eds tras la Independencia. Santo Domingo, R.D.- En los actos conmemorativos del 181 aniversario del regreso triunfal al pa\u00eds de Juan Pablo Duarte tras [&hellip;]<\/p>\n","protected":false},"author":7,"featured_media":603842,"comment_status":"closed","ping_status":"closed","sticky":false,"template":"","format":"standard","meta":{"footnotes":""},"categories":[21],"tags":[264],"class_list":["post-603809","post","type-post","status-publish","format-standard","has-post-thumbnail","hentry","category-cultura","tag-instituto-duartiano"],"_links":{"self":[{"href":"https:\/\/diariodominicano.com\/index.php?rest_route=\/wp\/v2\/posts\/603809","targetHints":{"allow":["GET"]}}],"collection":[{"href":"https:\/\/diariodominicano.com\/index.php?rest_route=\/wp\/v2\/posts"}],"about":[{"href":"https:\/\/diariodominicano.com\/index.php?rest_route=\/wp\/v2\/types\/post"}],"author":[{"embeddable":true,"href":"https:\/\/diariodominicano.com\/index.php?rest_route=\/wp\/v2\/users\/7"}],"replies":[{"embeddable":true,"href":"https:\/\/diariodominicano.com\/index.php?rest_route=%2Fwp%2Fv2%2Fcomments&post=603809"}],"version-history":[{"count":1,"href":"https:\/\/diariodominicano.com\/index.php?rest_route=\/wp\/v2\/posts\/603809\/revisions"}],"predecessor-version":[{"id":603845,"href":"https:\/\/diariodominicano.com\/index.php?rest_route=\/wp\/v2\/posts\/603809\/revisions\/603845"}],"wp:featuredmedia":[{"embeddable":true,"href":"https:\/\/diariodominicano.com\/index.php?rest_route=\/wp\/v2\/media\/603842"}],"wp:attachment":[{"href":"https:\/\/diariodominicano.com\/index.php?rest_route=%2Fwp%2Fv2%2Fmedia&parent=603809"}],"wp:term":[{"taxonomy":"category","embeddable":true,"href":"https:\/\/diariodominicano.com\/index.php?rest_route=%2Fwp%2Fv2%2Fcategories&post=603809"},{"taxonomy":"post_tag","embeddable":true,"href":"https:\/\/diariodominicano.com\/index.php?rest_route=%2Fwp%2Fv2%2Ftags&post=603809"}],"curies":[{"name":"wp","href":"https:\/\/api.w.org\/{rel}","templated":true}]}}