{"id":603594,"date":"2025-03-15T04:14:19","date_gmt":"2025-03-15T08:14:19","guid":{"rendered":"https:\/\/diariodominicano.com\/?p=603594"},"modified":"2025-03-15T04:16:33","modified_gmt":"2025-03-15T08:16:33","slug":"la-vicepresidenta-raquel-pena-abordo-el-liderazgo-de-las-mujeres-en-las-economias-sostenibles","status":"publish","type":"post","link":"https:\/\/diariodominicano.com\/?p=603594","title":{"rendered":"La vicepresidenta Raquel Pe\u00f1a abord\u00f3 el liderazgo de las mujeres en las econom\u00edas sostenibles"},"content":{"rendered":"\n<p>-La vicepresidenta Raquel Pe\u00f1a abord\u00f3 el liderazgo de las mujeres en las econom\u00edas sostenibles.<\/p>\n\n\n\n<p><strong>Santiago de los Caballeros, R.D. viernes 14 de marzo 2025\u2013<\/strong>&nbsp;La vicepresidenta de la Rep\u00fablica Dominicana, Raquel Pe\u00f1a Rodr\u00edguez, sue\u00f1a con subir las escalinatas del Palacio Nacional como presidenta de la Rep\u00fablica Dominicana.<\/p>\n\n\n\n<p>Lo asegur\u00f3 en el panel con la periodista Grisbel Medina, luego de exponer sobre: \u00abMujeres L\u00edderes Impulsando Econom\u00edas Sostenibles\u00bb, en el Desayuno-Conferencia Empresarial Manuel Arsenio Ure\u00f1a, de la Fundaci\u00f3n Arquidiocesana Santiago Ap\u00f3stol (FASA).<\/p>\n\n\n\n<p>Raquel Pe\u00f1a tambi\u00e9n destac\u00f3 que en Santiago el 98 % de las compa\u00f1\u00edas son empresas familiares y que es necesario que ni\u00f1as y ni\u00f1os suban el nivel en las matem\u00e1ticas para que luego puedan interesarse en carreras de ingenier\u00eda. Argument\u00f3 que los anteriores ministros de Educaci\u00f3n han fomentado la pobreza al negar elementos clave en la educaci\u00f3n dominicana.<\/p>\n\n\n\n<p>Pe\u00f1a destac\u00f3 el liderazgo femenino, que es mayor\u00eda en las universidades, en la banca, en la sostenibilidad social y en diversos sectores productivos. A su juicio, las empresas no son solo generadoras de empleo y riqueza sino agentes de cambio.<\/p>\n\n\n\n<p>\u00a8Es importante que el compromiso por el bienestar y el \u00e9xito empresarial se mida por el compromiso con la solidaridad. Las mujeres son la clave en la competitividad, como lo requiere el mundo de hoy\u00a8, remarc\u00f3 la vicepresidenta.<\/p>\n\n\n\n<p>La actividad de la Fundaci\u00f3n Arquidiocesana Santiago Ap\u00f3stol (FASA), contribuye a brindar soporte econ\u00f3mico al Arzobispado de Santiago. La invocaci\u00f3n estar\u00e1 a cargo de Monse\u00f1or H\u00e9ctor Rafael Rodr\u00edguez Rodr\u00edguez, Arzobispo Metropolitano de Santiago, mientras que las palabras de bienvenida las pronunci\u00f3 Juan Manuel Ure\u00f1a, presidente de FASA.<\/p>\n\n\n\n<p>\u00a8Sigamos trabajando juntos, inspirados por los principios de nuestra fe y el ejemplo de las mujeres l\u00edderes, para crear un mundo donde todos podamos prosperar\u00a8, expres\u00f3 la directora ejecutiva de FASA, Bernarda Pe\u00f1a de Checo.&nbsp;<\/p>\n\n\n\n<p>Las empresas Banco BHD Le\u00f3n, Banreservas, Banco Santa Cruz, Parval, Estrella Tupete, Corporaci\u00f3n Zona Franca Santiago, Tadug, Asociaci\u00f3n Cibao de Ahorros y Pr\u00e9stamos, Grupo Bocel, Seguros Universal, Espalsa, JMMB, Ivad Home Decor, auspiciaron la actividad.<\/p>\n\n\n\n<p><strong>Sobre la vicepresidenta Raquel Pe\u00f1a<\/strong><\/p>\n\n\n\n<p>Raquel Pe\u00f1a, es egresada de la Pontificia Universidad Cat\u00f3lica Madre y Maestra (PUCMM) de la carrera de Administraci\u00f3n de Empresas. Curs\u00f3 estudios en el \u00e1rea de Educaci\u00f3n, Negocios, Finanzas, Emprendimiento e Innovaci\u00f3n, as\u00ed como en Incubadoras de Negocios, tanto en el pa\u00eds como en el exterior.&nbsp; En el a\u00f1o 2002, en PUCMM, recibi\u00f3 el t\u00edtulo de Mag\u00edster en Administraci\u00f3n de Empresas (MBA) &#8211; doble titulaci\u00f3n con la Universidad de Quebec a Montreal.<\/p>\n\n\n\n<p>Inici\u00f3 su vida laboral a muy temprana edad en los negocios familiares, rotando por todas las \u00e1reas. Como profesional asumi\u00f3 las responsabilidades de gerente general en las empresas comerciales y tabacaleras de su familia. Es la tercera dominicana en ocupar el cargo de vicepresidenta de la Rep\u00fablica Dominicana. Como l\u00edder del Gabinete de Promoci\u00f3n de Inversiones, ha trabajado con el sector privado para generar oportunidades y fortalecer la colaboraci\u00f3n p\u00fablico-privada en el camino hacia econom\u00edas m\u00e1s sostenibles.<\/p>\n\n\n\n<p>Johanna Benoit<\/p>\n\n\n\n<p>Johanna Benoit (De tus contactos de Google)<\/p>\n\n\n\n<p><a target=\"_blank\" href=\"mailto:benoit181182@gmail.com\" rel=\"noreferrer noopener\">benoit181182@gmail.com<\/a><\/p>\n\n\n\n<p><\/p>\n","protected":false},"excerpt":{"rendered":"<p>-La vicepresidenta Raquel Pe\u00f1a abord\u00f3 el liderazgo de las mujeres en las econom\u00edas sostenibles. Santiago de los Caballeros, R.D. viernes 14 de marzo 2025\u2013&nbsp;La vicepresidenta de la Rep\u00fablica Dominicana, Raquel Pe\u00f1a Rodr\u00edguez, sue\u00f1a con subir las escalinatas del Palacio Nacional como presidenta de la Rep\u00fablica Dominicana. Lo asegur\u00f3 en el panel con la periodista Grisbel [&hellip;]<\/p>\n","protected":false},"author":28,"featured_media":603595,"comment_status":"closed","ping_status":"closed","sticky":false,"template":"","format":"standard","meta":{"footnotes":""},"categories":[36,18,27],"tags":[],"class_list":["post-603594","post","type-post","status-publish","format-standard","has-post-thumbnail","hentry","category-hombresmujeresycosas","category-economia","category-portada"],"_links":{"self":[{"href":"https:\/\/diariodominicano.com\/index.php?rest_route=\/wp\/v2\/posts\/603594","targetHints":{"allow":["GET"]}}],"collection":[{"href":"https:\/\/diariodominicano.com\/index.php?rest_route=\/wp\/v2\/posts"}],"about":[{"href":"https:\/\/diariodominicano.com\/index.php?rest_route=\/wp\/v2\/types\/post"}],"author":[{"embeddable":true,"href":"https:\/\/diariodominicano.com\/index.php?rest_route=\/wp\/v2\/users\/28"}],"replies":[{"embeddable":true,"href":"https:\/\/diariodominicano.com\/index.php?rest_route=%2Fwp%2Fv2%2Fcomments&post=603594"}],"version-history":[{"count":2,"href":"https:\/\/diariodominicano.com\/index.php?rest_route=\/wp\/v2\/posts\/603594\/revisions"}],"predecessor-version":[{"id":603598,"href":"https:\/\/diariodominicano.com\/index.php?rest_route=\/wp\/v2\/posts\/603594\/revisions\/603598"}],"wp:featuredmedia":[{"embeddable":true,"href":"https:\/\/diariodominicano.com\/index.php?rest_route=\/wp\/v2\/media\/603595"}],"wp:attachment":[{"href":"https:\/\/diariodominicano.com\/index.php?rest_route=%2Fwp%2Fv2%2Fmedia&parent=603594"}],"wp:term":[{"taxonomy":"category","embeddable":true,"href":"https:\/\/diariodominicano.com\/index.php?rest_route=%2Fwp%2Fv2%2Fcategories&post=603594"},{"taxonomy":"post_tag","embeddable":true,"href":"https:\/\/diariodominicano.com\/index.php?rest_route=%2Fwp%2Fv2%2Ftags&post=603594"}],"curies":[{"name":"wp","href":"https:\/\/api.w.org\/{rel}","templated":true}]}}