{"id":603509,"date":"2025-03-15T00:32:06","date_gmt":"2025-03-15T04:32:06","guid":{"rendered":"https:\/\/diariodominicano.com\/?p=603509"},"modified":"2025-12-29T01:28:18","modified_gmt":"2025-12-29T05:28:18","slug":"banco-popular-educa-a-ninos-y-jovenes-en-la-semana-economica-y-financiera","status":"publish","type":"post","link":"https:\/\/diariodominicano.com\/?p=603509","title":{"rendered":"Banco Popular educa a ni\u00f1os y j\u00f3venes en la Semana Econ\u00f3mica y Financiera\u00a0"},"content":{"rendered":"\n<p><strong>Contar\u00e1 con charlas, talleres, cinef\u00f3rum y una ruleta de preguntas financieras&nbsp;<\/strong><\/p>\n\n\n\n<p>Santo Domingo, D.N. \u2013 El Banco Popular Dominicano participar\u00e1 en la Semana Econ\u00f3mica y Financiera 2025 (#sefBCRD), organizada por el Banco Central de la Rep\u00fablica Dominicana (BCRD), en la que ofrecer\u00e1 distintas propuestas de educaci\u00f3n financiera a ni\u00f1os y j\u00f3venes de todo el pa\u00eds.<\/p>\n\n\n\n<p>La #sefBCRD se llevar\u00e1 a cabo del lunes 17 al viernes 21 de marzo en la sede del Banco Central en Santo Domingo, en su oficina regional de Santiago de los Caballeros y en el Centro Cultural Perell\u00f3, en Ban\u00ed.<\/p>\n\n\n\n<figure class=\"wp-block-gallery has-nested-images columns-default is-cropped wp-block-gallery-1 is-layout-flex wp-block-gallery-is-layout-flex\">\n<figure class=\"wp-block-image size-large\"><img loading=\"lazy\" decoding=\"async\" width=\"800\" height=\"533\" data-id=\"603541\" src=\"https:\/\/diariodominicano.com\/wp-content\/uploads\/2025\/03\/Los-ninos-y-adolescentes-podran-disfrutar-de-un-cineforum-y-un-stand-interactivo.jpg\" alt=\"\" class=\"wp-image-603541\" srcset=\"https:\/\/diariodominicano.com\/wp-content\/uploads\/2025\/03\/Los-ninos-y-adolescentes-podran-disfrutar-de-un-cineforum-y-un-stand-interactivo.jpg 800w, https:\/\/diariodominicano.com\/wp-content\/uploads\/2025\/03\/Los-ninos-y-adolescentes-podran-disfrutar-de-un-cineforum-y-un-stand-interactivo-300x200.jpg 300w, https:\/\/diariodominicano.com\/wp-content\/uploads\/2025\/03\/Los-ninos-y-adolescentes-podran-disfrutar-de-un-cineforum-y-un-stand-interactivo-768x512.jpg 768w\" sizes=\"auto, (max-width: 800px) 100vw, 800px\" \/><figcaption class=\"wp-element-caption\">Los ni\u00f1os y adolescentes podr\u00e1n disfrutar de un cinef\u00f3rum y un stand interactivo <\/figcaption><\/figure>\n<\/figure>\n\n\n\n<p>Durante estos d\u00edas, el Banco Popular desplegar\u00e1 una variedad de actividades como charlas educativas, talleres, un cinef\u00f3rum sobre la historia de los n\u00fameros y los principios de las matem\u00e1ticas, y un estand interactivo donde se pondr\u00e1n a prueba, de forma l\u00fadica, los conocimientos de los ni\u00f1os y adolescentes con una ruleta de preguntas financieras.<\/p>\n\n\n\n<p>La Semana Econ\u00f3mica y Financiera se enmarca en la Global Money Week, promovida por la Fundaci\u00f3n Child &amp; Youth Finance International, con el objetivo de fomentar la educaci\u00f3n financiera en ni\u00f1os y j\u00f3venes, como una herramienta fundamental de empoderamiento y progreso.<\/p>\n\n\n\n<figure class=\"wp-block-gallery has-nested-images columns-default is-cropped wp-block-gallery-2 is-layout-flex wp-block-gallery-is-layout-flex\">\n<figure class=\"wp-block-image size-large\"><img loading=\"lazy\" decoding=\"async\" width=\"800\" height=\"533\" data-id=\"603545\" src=\"https:\/\/diariodominicano.com\/wp-content\/uploads\/2025\/03\/Contara-con-charlas-y-talleres-inteligencia-financiera-para-ninos-y-adolescentes.jpg\" alt=\"\" class=\"wp-image-603545\" srcset=\"https:\/\/diariodominicano.com\/wp-content\/uploads\/2025\/03\/Contara-con-charlas-y-talleres-inteligencia-financiera-para-ninos-y-adolescentes.jpg 800w, https:\/\/diariodominicano.com\/wp-content\/uploads\/2025\/03\/Contara-con-charlas-y-talleres-inteligencia-financiera-para-ninos-y-adolescentes-300x200.jpg 300w, https:\/\/diariodominicano.com\/wp-content\/uploads\/2025\/03\/Contara-con-charlas-y-talleres-inteligencia-financiera-para-ninos-y-adolescentes-768x512.jpg 768w\" sizes=\"auto, (max-width: 800px) 100vw, 800px\" \/><figcaption class=\"wp-element-caption\">Contar\u00e1 con charlas y talleres sobre inteligencia financiera para ni\u00f1os y adolescentes <\/figcaption><\/figure>\n<\/figure>\n\n\n\n<p>Con estas iniciativas, el Popular reafirma su compromiso con la formaci\u00f3n financiera de las nuevas generaciones, promoviendo una cultura de ahorro y planificaci\u00f3n responsable desde temprana edad.<\/p>\n\n\n\n<p><strong>Actividades en Santo Domingo, Santiago y Ban<\/strong><strong>\u00ed<\/strong><\/p>\n\n\n\n<p>En concreto, la agenda auspiciada por el Banco Popular inicia en Santo Domingo el lunes 17 de marzo con la charla \u201cFinanzas con Prop\u00f3sito\u201d, dirigida a j\u00f3venes de 15 a 18 a\u00f1os, a las 9:00 de la ma\u00f1ana. Luego, se llevar\u00e1 a cabo el taller educativo \u201cAhorrar es Crear\u201d, dirigido a ni\u00f1os de hasta 9 a\u00f1os, a las 10:30 de la ma\u00f1ana. Ambas participaciones se realizar\u00e1n de la mano de la coach Pamela Pichardo. El mi\u00e9rcoles 19, a las 10:30 de la ma\u00f1ana, se impartir\u00e1 un nuevo taller de \u201cAhorrar es Crear\u201d.<\/p>\n\n\n\n<p>Todos los d\u00edas del evento hasta el 21 de marzo estar\u00e1 abierta al p\u00fablico la programaci\u00f3n del cinef\u00f3rum para ni\u00f1os y adolescentes.&nbsp;<\/p>\n\n\n\n<p>En Santiago de los Caballeros, el martes 18, a las 9:30 de la ma\u00f1ana, se impartir\u00e1 la charla \u201cFinanzas con Prop\u00f3sito\u201d<em>, <\/em>dirigida a j\u00f3venes de 15 a 18 a\u00f1os e impartida por el equipo de Edufinanzas. Esta misma actividad se replicar\u00e1 el jueves 20, a las 11:30 de la ma\u00f1ana, y el viernes 21, a las 11:00 de la ma\u00f1ana. El taller educativo \u201cAhorrar es Crear\u201d se realizar\u00e1 el martes 18 y el mi\u00e9rcoles 19 a las 9:30 de la ma\u00f1ana y se repetir\u00e1 el jueves 20 a las 11:00 de la ma\u00f1ana.<\/p>\n\n\n\n<p>En Ban\u00ed, el mi\u00e9rcoles 19 de marzo, a las 11:30 de la ma\u00f1ana, se llevar\u00e1 a cabo la charla Finanzas con Prop\u00f3sito<em>,<\/em> dirigida a j\u00f3venes de 15 a 18 a\u00f1os, en la cual se promueve la educaci\u00f3n financiera como una herramienta clave para su futuro.<\/p>\n\n\n\n<p><strong>Vicepresidencia Ejecutiva <\/strong><strong><br><\/strong><strong>Comunicaciones Corporativas, Reputaci\u00f3n y Banca Responsable&nbsp;<\/strong><\/p>\n\n\n\n<p><strong>Grupo Popular, S. A.<\/strong><\/p>\n\n\n\n<p><strong>Edimengrid Abreu Abreu&nbsp;<\/strong><strong>EDIMENGRID ABREU ABREU<\/strong><strong> <\/strong><strong>&lt;<\/strong><a href=\"mailto:edabreu@bpd.com.do\"><strong>edabreu@bpd.com.do<\/strong><\/a><strong>&gt;<\/strong><\/p>\n","protected":false},"excerpt":{"rendered":"<p>Contar\u00e1 con charlas, talleres, cinef\u00f3rum y una ruleta de preguntas financieras&nbsp; Santo Domingo, D.N. \u2013 El Banco Popular Dominicano participar\u00e1 en la Semana Econ\u00f3mica y Financiera 2025 (#sefBCRD), organizada por el Banco Central de la Rep\u00fablica Dominicana (BCRD), en la que ofrecer\u00e1 distintas propuestas de educaci\u00f3n financiera a ni\u00f1os y j\u00f3venes de todo el pa\u00eds. [&hellip;]<\/p>\n","protected":false},"author":7,"featured_media":603543,"comment_status":"closed","ping_status":"closed","sticky":false,"template":"","format":"standard","meta":{"footnotes":""},"categories":[18],"tags":[666],"class_list":["post-603509","post","type-post","status-publish","format-standard","has-post-thumbnail","hentry","category-economia","tag-banco-popular-dominicano"],"_links":{"self":[{"href":"https:\/\/diariodominicano.com\/index.php?rest_route=\/wp\/v2\/posts\/603509","targetHints":{"allow":["GET"]}}],"collection":[{"href":"https:\/\/diariodominicano.com\/index.php?rest_route=\/wp\/v2\/posts"}],"about":[{"href":"https:\/\/diariodominicano.com\/index.php?rest_route=\/wp\/v2\/types\/post"}],"author":[{"embeddable":true,"href":"https:\/\/diariodominicano.com\/index.php?rest_route=\/wp\/v2\/users\/7"}],"replies":[{"embeddable":true,"href":"https:\/\/diariodominicano.com\/index.php?rest_route=%2Fwp%2Fv2%2Fcomments&post=603509"}],"version-history":[{"count":1,"href":"https:\/\/diariodominicano.com\/index.php?rest_route=\/wp\/v2\/posts\/603509\/revisions"}],"predecessor-version":[{"id":603546,"href":"https:\/\/diariodominicano.com\/index.php?rest_route=\/wp\/v2\/posts\/603509\/revisions\/603546"}],"wp:featuredmedia":[{"embeddable":true,"href":"https:\/\/diariodominicano.com\/index.php?rest_route=\/wp\/v2\/media\/603543"}],"wp:attachment":[{"href":"https:\/\/diariodominicano.com\/index.php?rest_route=%2Fwp%2Fv2%2Fmedia&parent=603509"}],"wp:term":[{"taxonomy":"category","embeddable":true,"href":"https:\/\/diariodominicano.com\/index.php?rest_route=%2Fwp%2Fv2%2Fcategories&post=603509"},{"taxonomy":"post_tag","embeddable":true,"href":"https:\/\/diariodominicano.com\/index.php?rest_route=%2Fwp%2Fv2%2Ftags&post=603509"}],"curies":[{"name":"wp","href":"https:\/\/api.w.org\/{rel}","templated":true}]}}