{"id":602743,"date":"2025-03-11T21:59:51","date_gmt":"2025-03-12T01:59:51","guid":{"rendered":"https:\/\/diariodominicano.com\/?p=602743"},"modified":"2025-03-11T23:43:43","modified_gmt":"2025-03-12T03:43:43","slug":"jce-evaluara-centro-de-expedicion-de-actas-en-edificio-hermandad-de-veteranos-2","status":"publish","type":"post","link":"https:\/\/diariodominicano.com\/?p=602743","title":{"rendered":"Tribunal Colegiado de San Crist\u00f3bal condena a 10 a\u00f1os de prisi\u00f3n a un hombre que agredi\u00f3 sexualmente a su sobrina de 8 a\u00f1os"},"content":{"rendered":"\n<p><strong>SAN CRIST\u00d3BAL (Rep\u00fablica Dominicana).-<\/strong>&nbsp;El Tribunal Colegiado de este distrito judicial conden\u00f3 a 10 a\u00f1os de prisi\u00f3n a un hombre que agredi\u00f3 sexualmente a su sobrina de 8 a\u00f1os, en hechos registrados en San Crist\u00f3bal en el a\u00f1o 2023.<\/p>\n\n\n\n<p>El tribunal, integrado por los jueces Rosa Edalia Mateo, Ana In\u00e9s Susana y Bi\u00falkis Milan\u00e9s, dict\u00f3 la sentencia en contra del hoy procesado, de quien se omite el nombre, al igual que el de la v\u00edctima, para proteger la identidad de la ni\u00f1a.<\/p>\n\n\n\n<p>El Ministerio P\u00fablico, representado por el fiscal litigante Fernelis Rodr\u00edguez Castillo, demostr\u00f3 que el procesado falt\u00f3 a los art\u00edculos 305, 332-1 y 332-2 del C\u00f3digo Penal Dominicano, los 396 literal A, B, y C, 397, 398, 399 \u0443 400 de la Ley 136-03, C\u00f3digo para la Protecci\u00f3n de los Derechos de los Ni\u00f1os, Ni\u00f1as y Adolescentes.<\/p>\n\n\n\n<p>El expediente, instrumentado por el fiscal Napolisandy Brioso Viola, establece que la acci\u00f3n del Ministerio P\u00fablico se inici\u00f3 tras la denuncia de la madre de la ni\u00f1a en septiembre del a\u00f1o 2023.<\/p>\n\n\n\n<p>En su denuncia ante la Fiscal\u00eda de Violencia de Genero y Delitos Sexuales de San Crist\u00f3bal, expreso que su hija de 8 a\u00f1os le dijo a su madre que no quer\u00eda que la dejaran sola donde su abuela, ya que su t\u00edo la tocaba en su parte \u00edntima y la obligaba a tocarlo.<\/p>\n\n\n\n<p>A la ni\u00f1a se le realiz\u00f3 una entrevistada en el Centro de entrevistas de Ni\u00f1os, Ni\u00f1as y Adolescentes y Personas Vulnerables, (C\u00e1mara Gesell), donde indic\u00f3 como su t\u00edo esperaba que ella fuera al ba\u00f1o de la vivienda de su abuela, para obligarla a ir a su cuarto, donde comet\u00eda las agresiones que fueron probadas ante el tribunal, mientras la amenazaba para que no contara nada.<\/p>\n\n\n\n<p>Por determinaci\u00f3n del tribunal, el procesado deber\u00e1 cumplir la sentencia en la c\u00e1rcel de Najayo Hombres.<\/p>\n\n\n\n<p>&nbsp;&nbsp;&nbsp;&nbsp;&nbsp;&nbsp;&nbsp;&nbsp;&nbsp;&nbsp;&nbsp;&nbsp;&nbsp;&nbsp;&nbsp;&nbsp;&nbsp;&nbsp;&nbsp;&nbsp;&nbsp;&nbsp;&nbsp;&nbsp;&nbsp;&nbsp;&nbsp;&nbsp;&nbsp;&nbsp;&nbsp;&nbsp;&nbsp;&nbsp;&nbsp;&nbsp;&nbsp;&nbsp;&nbsp;&nbsp;&nbsp;&nbsp;&nbsp;&nbsp;&nbsp;&nbsp; &nbsp;&nbsp;&nbsp;&nbsp;&nbsp;&nbsp;&nbsp;&nbsp;&nbsp;&nbsp;&nbsp;&nbsp;&nbsp;&nbsp;&nbsp;&nbsp;&nbsp;&nbsp;&nbsp;&nbsp;&nbsp;&nbsp;&nbsp;&nbsp;&nbsp;&nbsp;&nbsp;&nbsp;&nbsp;&nbsp;&nbsp;&nbsp;&nbsp;&nbsp;&nbsp;&nbsp;&nbsp;&nbsp;&nbsp;&nbsp;&nbsp;&nbsp;&nbsp;&nbsp;&nbsp;&nbsp;&nbsp;&nbsp;&nbsp;&nbsp;&nbsp;&nbsp;&nbsp;&nbsp;&nbsp;&nbsp;&nbsp;&nbsp;&nbsp;&nbsp;&nbsp;&nbsp;&nbsp;&nbsp;&nbsp;&nbsp;&nbsp;&nbsp;&nbsp;&nbsp;&nbsp;&nbsp;&nbsp;&nbsp;&nbsp;&nbsp;&nbsp;&nbsp;&nbsp;&nbsp;&nbsp;&nbsp;&nbsp;&nbsp;&nbsp;&nbsp;&nbsp;&nbsp;&nbsp;&nbsp;&nbsp;&nbsp;&nbsp;&nbsp;&nbsp;&nbsp;&nbsp;&nbsp;&nbsp;&nbsp;&nbsp;&nbsp;&nbsp;&nbsp;&nbsp;&nbsp;&nbsp;&nbsp;&nbsp;&nbsp;&nbsp;&nbsp;&nbsp;&nbsp;&nbsp;&nbsp;&nbsp;&nbsp;&nbsp;&nbsp;&nbsp;&nbsp;&nbsp;&nbsp;&nbsp;&nbsp;<strong>Direcci\u00f3n General de Comunicaci\u00f3n, Prensa, y RRPP<\/strong><strong><\/strong><\/p>\n\n\n\n<p>Ministerio P\u00fablico.&nbsp;R.D.<\/p>\n\n\n\n<p><\/p>\n","protected":false},"excerpt":{"rendered":"<p>SAN CRIST\u00d3BAL (Rep\u00fablica Dominicana).-&nbsp;El Tribunal Colegiado de este distrito judicial conden\u00f3 a 10 a\u00f1os de prisi\u00f3n a un hombre que agredi\u00f3 sexualmente a su sobrina de 8 a\u00f1os, en hechos registrados en San Crist\u00f3bal en el a\u00f1o 2023. El tribunal, integrado por los jueces Rosa Edalia Mateo, Ana In\u00e9s Susana y Bi\u00falkis Milan\u00e9s, dict\u00f3 la [&hellip;]<\/p>\n","protected":false},"author":7,"featured_media":495896,"comment_status":"closed","ping_status":"closed","sticky":false,"template":"","format":"standard","meta":{"footnotes":""},"categories":[24,29],"tags":[171],"class_list":["post-602743","post","type-post","status-publish","format-standard","has-post-thumbnail","hentry","category-justicia-y-derecho","category-policiasucesos","tag-ministerio-publico"],"_links":{"self":[{"href":"https:\/\/diariodominicano.com\/index.php?rest_route=\/wp\/v2\/posts\/602743","targetHints":{"allow":["GET"]}}],"collection":[{"href":"https:\/\/diariodominicano.com\/index.php?rest_route=\/wp\/v2\/posts"}],"about":[{"href":"https:\/\/diariodominicano.com\/index.php?rest_route=\/wp\/v2\/types\/post"}],"author":[{"embeddable":true,"href":"https:\/\/diariodominicano.com\/index.php?rest_route=\/wp\/v2\/users\/7"}],"replies":[{"embeddable":true,"href":"https:\/\/diariodominicano.com\/index.php?rest_route=%2Fwp%2Fv2%2Fcomments&post=602743"}],"version-history":[{"count":3,"href":"https:\/\/diariodominicano.com\/index.php?rest_route=\/wp\/v2\/posts\/602743\/revisions"}],"predecessor-version":[{"id":602789,"href":"https:\/\/diariodominicano.com\/index.php?rest_route=\/wp\/v2\/posts\/602743\/revisions\/602789"}],"wp:featuredmedia":[{"embeddable":true,"href":"https:\/\/diariodominicano.com\/index.php?rest_route=\/wp\/v2\/media\/495896"}],"wp:attachment":[{"href":"https:\/\/diariodominicano.com\/index.php?rest_route=%2Fwp%2Fv2%2Fmedia&parent=602743"}],"wp:term":[{"taxonomy":"category","embeddable":true,"href":"https:\/\/diariodominicano.com\/index.php?rest_route=%2Fwp%2Fv2%2Fcategories&post=602743"},{"taxonomy":"post_tag","embeddable":true,"href":"https:\/\/diariodominicano.com\/index.php?rest_route=%2Fwp%2Fv2%2Ftags&post=602743"}],"curies":[{"name":"wp","href":"https:\/\/api.w.org\/{rel}","templated":true}]}}