{"id":602741,"date":"2025-03-11T21:38:08","date_gmt":"2025-03-12T01:38:08","guid":{"rendered":"https:\/\/diariodominicano.com\/?p=602741"},"modified":"2025-03-11T23:45:03","modified_gmt":"2025-03-12T03:45:03","slug":"el-director-de-inefi-presenta-en-el-congreso-el-proyecto-tanda-extendida-para-fortalecer-el-deporte-escolar","status":"publish","type":"post","link":"https:\/\/diariodominicano.com\/?p=602741","title":{"rendered":"INEFI presenta en el Congreso el proyecto Tanda Extendida para fortalecer el deporte escolar"},"content":{"rendered":"\n<p><strong><em><u>Los miembros de la C\u00e1mara de Diputados presentes en el encuentro resaltaron la revoluci\u00f3n impulsada por el INEFI en los pasados dos a\u00f1os en materia de deporte escolar.<\/u><\/em><\/strong><\/p>\n\n\n\n<p>SANTO DOMINGO, RD. \u2013 El director ejecutivo del Instituto Nacional de Educaci\u00f3n F\u00edsica (INEFI), Alberto Rodr\u00edguez, present\u00f3 este lunes ante la C\u00e1mara de Diputados el proyecto Tanda Extendida, una iniciativa que busca fortalecer el deporte escolar en la Rep\u00fablica Dominicana. La comparecencia de Rodr\u00edguez ante los legisladores se realiz\u00f3 por invitaci\u00f3n de la diputada Olfanny M\u00e9ndez, de la provincia Bahoruco, presidente de la comisi\u00f3n de deportes y recreaci\u00f3n de la C\u00e1mara, quien destac\u00f3 el impacto positivo que este programa tendr\u00e1 en la juventud del pa\u00eds.<\/p>\n\n\n\n<figure class=\"wp-block-image\"><img decoding=\"async\" src=\"https:\/\/diariodominicano.com\/wp-content\/uploads\/2025\/03\/Alberto-Rodriguez-y-parte-del-personal-del-INEFI-junto-a-la-diputada-Olfanny-Mendez-presidenta-de-la-comision-1024x783.jpg\" alt=\"\"\/><\/figure>\n\n\n\n<p>El proyecto Tanda Extendida permitir\u00e1 que estudiantes de escuelas p\u00fablicas reciban entrenamiento especializado en diversas disciplinas deportivas despu\u00e9s de su jornada escolar, fomentando el desarrollo de habilidades atl\u00e9ticas y valores fundamentales como la disciplina, el respeto, el trabajo en equipo y la solidaridad.<\/p>\n\n\n\n<p>Rodr\u00edguez subray\u00f3 la importancia de esta iniciativa al afirmar que \u00abcon Tanda Extendida estamos creando una plataforma para que nuestros j\u00f3venes desarrollen sus talentos deportivos y, al mismo tiempo, permanezcan en un ambiente seguro y saludable, alejados de los peligros de las calles\u00bb.<\/p>\n\n\n\n<p>Los diputados Olfanny M\u00e9ndez, Heriberto Aracena, Jonatan Contreras, Juan Jos\u00e9 Rojas, Jhonny Abreu, Liz Mieses, Abelardo Rutinel, Onivel Aristy, Mar\u00eda de los \u00c1ngeles, Oscar Morel, Sara P\u00e9rez, Franklin Mart\u00ednez, Juliana Onil, Patricia N\u00fa\u00f1ez, Alex Lara, Gabriela Abreu, Charlie Mariotti hijo y Jorge Taveras, mostraron su respaldo a la iniciativa.<\/p>\n\n\n\n<p>El equipo de INEFI present\u00f3 adem\u00e1s los logros de la instituci\u00f3n en los pasados dos a\u00f1os, en los que se han realizado proyectos innovadores en beneficio del deporte escolar, que van desde los proyectos, \u201cRecre\u00e1ndome con INEFI\u201d, \u201cAtletas con INEFI\u201d, \u201cINEFI con el Barrio\u201d, los Juegos Escolares Deportivos Nacionales Barahona 2023, entre otros.<\/p>\n\n\n\n<p><strong>Un programa con visi\u00f3n de futuro<\/strong><\/p>\n\n\n\n<p>Los diputados que participaron en la sesi\u00f3n reconocieron el valor de esta propuesta y su potencial para impulsar el talento deportivo dominicano. El programa se perfila como una herramienta clave para la formaci\u00f3n de futuros atletas que podr\u00edan representar al pa\u00eds en competencias nacionales e internacionales. Adem\u00e1s, el deporte en la tanda extendida busca mantener a los j\u00f3venes integrados a actividades sanas y productivas.<\/p>\n\n\n\n<p>\u201cSe habla mucho de infraestructura deportiva y se descuida el mantenimiento. Saber que ustedes se est\u00e1n enfocando en el mantenimiento, tiene mucha importancia. Tambi\u00e9n aprovecho para felicitarlos por esta dinamizaci\u00f3n del sistema de tanda extendida porque nosotros hemos hablado de la importancia de que la tanda extendida evolucione, empezar a hablar del deporte, porque muchas veces los j\u00f3venes de familias con mayor poder adquisitivo pueden acceder a programas deportivos en las tardes, pero los que m\u00e1s lo necesitan no pueden\u201d, dijo el diputado Charlie Mariotti hijo.<\/p>\n\n\n\n<p>En su fase piloto, Tanda Extendida se implementar\u00e1 en el Liceo Uni\u00f3n Panamericana del Distrito Nacional. Las actividades deportivas se llevar\u00e1n a cabo de 2:00 p.m. a 4:00 p.m., despu\u00e9s del almuerzo escolar.<\/p>\n\n\n\n<p><strong>Diversidad deportiva y respaldo institucional<\/strong><\/p>\n\n\n\n<p>El programa global contempla entrenamientos en 15 disciplinas deportivas, con espacios de pr\u00e1ctica en instalaciones adecuadas para cada modalidad. Eventualmente el plan contemplar\u00e1 la pr\u00e1ctica de deportes como el f\u00fatbol, baloncesto, voleibol, b\u00e1dminton, ajedrez y atletismo; el Centro Ol\u00edmpico, para deportes de combate; el Albergue Ol\u00edmpico, donde se impartir\u00e1 nataci\u00f3n; y la Academia Yamilet Pe\u00f1a, para gimnasia, entre otras.<\/p>\n\n\n\n<p>La iniciativa contar\u00e1 con el respaldo de leyendas del deporte dominicano afiliadas al INEFI, quienes estar\u00e1n a cargo de la evaluaci\u00f3n y captaci\u00f3n de talentos para su posible inclusi\u00f3n en el programa Atletas con INEFI. El proyecto ser\u00e1 dirigido por la destacada judoca Mar\u00eda Garc\u00eda, garantizando un enfoque estrat\u00e9gico en el desarrollo de los participantes.<\/p>\n\n\n\n<p>Rodr\u00edguez enfatiz\u00f3 que \u00abeste programa no solo fortalecer\u00e1 el talento deportivo de nuestros j\u00f3venes, sino que tambi\u00e9n contribuir\u00e1 a su formaci\u00f3n integral, promoviendo h\u00e1bitos saludables y alej\u00e1ndolos de los riesgos sociales\u00bb.<\/p>\n\n\n\n<p>Con la presentaci\u00f3n de este proyecto en el Congreso, el INEFI da un paso firme en su compromiso con la educaci\u00f3n f\u00edsica y el desarrollo del deporte escolar, apostando por una generaci\u00f3n de j\u00f3venes con mayor acceso a oportunidades deportivas y crecimiento personal.<\/p>\n\n\n\n<p><strong>PRENSA INEFI<\/strong>\u00a0&lt;prensainefi@gmail.com> <\/p>\n","protected":false},"excerpt":{"rendered":"<p>Los miembros de la C\u00e1mara de Diputados presentes en el encuentro resaltaron la revoluci\u00f3n impulsada por el INEFI en los pasados dos a\u00f1os en materia de deporte escolar. SANTO DOMINGO, RD. \u2013 El director ejecutivo del Instituto Nacional de Educaci\u00f3n F\u00edsica (INEFI), Alberto Rodr\u00edguez, present\u00f3 este lunes ante la C\u00e1mara de Diputados el proyecto Tanda [&hellip;]<\/p>\n","protected":false},"author":7,"featured_media":602759,"comment_status":"closed","ping_status":"closed","sticky":false,"template":"","format":"standard","meta":{"footnotes":""},"categories":[17],"tags":[491],"class_list":["post-602741","post","type-post","status-publish","format-standard","has-post-thumbnail","hentry","category-deportes","tag-inefi"],"_links":{"self":[{"href":"https:\/\/diariodominicano.com\/index.php?rest_route=\/wp\/v2\/posts\/602741","targetHints":{"allow":["GET"]}}],"collection":[{"href":"https:\/\/diariodominicano.com\/index.php?rest_route=\/wp\/v2\/posts"}],"about":[{"href":"https:\/\/diariodominicano.com\/index.php?rest_route=\/wp\/v2\/types\/post"}],"author":[{"embeddable":true,"href":"https:\/\/diariodominicano.com\/index.php?rest_route=\/wp\/v2\/users\/7"}],"replies":[{"embeddable":true,"href":"https:\/\/diariodominicano.com\/index.php?rest_route=%2Fwp%2Fv2%2Fcomments&post=602741"}],"version-history":[{"count":4,"href":"https:\/\/diariodominicano.com\/index.php?rest_route=\/wp\/v2\/posts\/602741\/revisions"}],"predecessor-version":[{"id":602790,"href":"https:\/\/diariodominicano.com\/index.php?rest_route=\/wp\/v2\/posts\/602741\/revisions\/602790"}],"wp:featuredmedia":[{"embeddable":true,"href":"https:\/\/diariodominicano.com\/index.php?rest_route=\/wp\/v2\/media\/602759"}],"wp:attachment":[{"href":"https:\/\/diariodominicano.com\/index.php?rest_route=%2Fwp%2Fv2%2Fmedia&parent=602741"}],"wp:term":[{"taxonomy":"category","embeddable":true,"href":"https:\/\/diariodominicano.com\/index.php?rest_route=%2Fwp%2Fv2%2Fcategories&post=602741"},{"taxonomy":"post_tag","embeddable":true,"href":"https:\/\/diariodominicano.com\/index.php?rest_route=%2Fwp%2Fv2%2Ftags&post=602741"}],"curies":[{"name":"wp","href":"https:\/\/api.w.org\/{rel}","templated":true}]}}