{"id":602729,"date":"2025-03-11T18:32:26","date_gmt":"2025-03-11T22:32:26","guid":{"rendered":"https:\/\/diariodominicano.com\/?p=602729"},"modified":"2026-01-02T18:23:36","modified_gmt":"2026-01-02T22:23:36","slug":"911-coordina-asistencia-tras-deslizamiento-de-camion-en-la-vega","status":"publish","type":"post","link":"https:\/\/diariodominicano.com\/?p=602729","title":{"rendered":"911 coordina asistencia tras deslizamiento de cami\u00f3n en La Vega"},"content":{"rendered":"\n<p>11 de marzo del 2025, La Vega. El Sistema Nacional de Atenci\u00f3n a Emergencias y Seguridad 911 coordin\u00f3 la asistencia ante el deslizamiento de un cami\u00f3n ocurrido en la calle Salvador Beato, en las proximidades de una zona industrial del sector Los Pomos, en La Vega, la ma\u00f1ana de este martes.<\/p>\n\n\n\n<p>Como resultado del incidente, se reportaron dos personas heridas, de las cuales una fue trasladad hacia un centro de salud cercano y la otra falleci\u00f3 en el lugar del hecho. El caso se encuentra en desarrollo.<\/p>\n\n\n\n<p>En la emergencia participaron tres ambulancias de la Direcci\u00f3n de Servicios de Atenci\u00f3n a Emergencias Extrahospitalarias (DAEH); asimismo, el Cuerpo de Bomberos de La Vega intervino para controlar la situaci\u00f3n, ya que el cami\u00f3n afectado generaba una gran cantidad de humo.<\/p>\n\n\n\n<figure class=\"wp-block-gallery has-nested-images columns-default is-cropped wp-block-gallery-1 is-layout-flex wp-block-gallery-is-layout-flex\">\n<figure class=\"wp-block-image size-large\"><img loading=\"lazy\" decoding=\"async\" width=\"1024\" height=\"576\" data-id=\"602736\" src=\"https:\/\/diariodominicano.com\/wp-content\/uploads\/2025\/03\/911-coordina-asistencia-tras-deslizamiento-e-incendio-de-camion-en-La-Vega-2-1024x576.jpeg\" alt=\"\" class=\"wp-image-602736\" srcset=\"https:\/\/diariodominicano.com\/wp-content\/uploads\/2025\/03\/911-coordina-asistencia-tras-deslizamiento-e-incendio-de-camion-en-La-Vega-2-1024x576.jpeg 1024w, https:\/\/diariodominicano.com\/wp-content\/uploads\/2025\/03\/911-coordina-asistencia-tras-deslizamiento-e-incendio-de-camion-en-La-Vega-2-300x169.jpeg 300w, https:\/\/diariodominicano.com\/wp-content\/uploads\/2025\/03\/911-coordina-asistencia-tras-deslizamiento-e-incendio-de-camion-en-La-Vega-2-768x432.jpeg 768w, https:\/\/diariodominicano.com\/wp-content\/uploads\/2025\/03\/911-coordina-asistencia-tras-deslizamiento-e-incendio-de-camion-en-La-Vega-2-1536x864.jpeg 1536w, https:\/\/diariodominicano.com\/wp-content\/uploads\/2025\/03\/911-coordina-asistencia-tras-deslizamiento-e-incendio-de-camion-en-La-Vega-2-2048x1152.jpeg 2048w, https:\/\/diariodominicano.com\/wp-content\/uploads\/2025\/03\/911-coordina-asistencia-tras-deslizamiento-e-incendio-de-camion-en-La-Vega-2-816x459.jpeg 816w\" sizes=\"auto, (max-width: 1024px) 100vw, 1024px\" \/><\/figure>\n<\/figure>\n\n\n\n<p>Adem\u00e1s, agentes de la Polic\u00eda Nacional, el Ministerio de Obras P\u00fablicas y Comunicaciones (MOPC) y la Direcci\u00f3n General de Seguridad de Tr\u00e1nsito y Transporte Terrestre (DIGESETT) gestionaron la seguridad en la zona y mantuvieron el flujo del tr\u00e1nsito.<\/p>\n\n\n\n<p>El personal de las instituciones de emergencia trabaja arduamente en conjunto para brindar una atenci\u00f3n eficiente y oportuna a las personas afectadas en ambos accidentes.<\/p>\n\n\n\n<figure class=\"wp-block-gallery has-nested-images columns-default is-cropped wp-block-gallery-2 is-layout-flex wp-block-gallery-is-layout-flex\">\n<figure class=\"wp-block-image size-large\"><img loading=\"lazy\" decoding=\"async\" width=\"1024\" height=\"576\" data-id=\"602735\" src=\"https:\/\/diariodominicano.com\/wp-content\/uploads\/2025\/03\/911-coordina-asistencia-tras-deslizamiento-e-incendio-de-camion-en-La-Vega-1-1024x576.jpeg\" alt=\"\" class=\"wp-image-602735\" srcset=\"https:\/\/diariodominicano.com\/wp-content\/uploads\/2025\/03\/911-coordina-asistencia-tras-deslizamiento-e-incendio-de-camion-en-La-Vega-1-1024x576.jpeg 1024w, https:\/\/diariodominicano.com\/wp-content\/uploads\/2025\/03\/911-coordina-asistencia-tras-deslizamiento-e-incendio-de-camion-en-La-Vega-1-300x169.jpeg 300w, https:\/\/diariodominicano.com\/wp-content\/uploads\/2025\/03\/911-coordina-asistencia-tras-deslizamiento-e-incendio-de-camion-en-La-Vega-1-768x432.jpeg 768w, https:\/\/diariodominicano.com\/wp-content\/uploads\/2025\/03\/911-coordina-asistencia-tras-deslizamiento-e-incendio-de-camion-en-La-Vega-1-1536x864.jpeg 1536w, https:\/\/diariodominicano.com\/wp-content\/uploads\/2025\/03\/911-coordina-asistencia-tras-deslizamiento-e-incendio-de-camion-en-La-Vega-1-2048x1152.jpeg 2048w, https:\/\/diariodominicano.com\/wp-content\/uploads\/2025\/03\/911-coordina-asistencia-tras-deslizamiento-e-incendio-de-camion-en-La-Vega-1-816x459.jpeg 816w\" sizes=\"auto, (max-width: 1024px) 100vw, 1024px\" \/><\/figure>\n<\/figure>\n\n\n\n<p>El Sistema 911 destaca el compromiso de los equipos de respuesta involucrados en estos eventos y exhorta a la ciudadan\u00eda a ceder el paso a los veh\u00edculos de emergencia para facilitar una atenci\u00f3n eficiente.<\/p>\n\n\n\n<p><strong>Direcci\u00f3n de Comunicaciones<\/strong>\u00a0| Contacto:\u00a0<a href=\"mailto:prensa@911.gob.do\" target=\"_blank\" rel=\"noreferrer noopener\">prensa@911.gob.do<\/a> <\/p>\n","protected":false},"excerpt":{"rendered":"<p>11 de marzo del 2025, La Vega. El Sistema Nacional de Atenci\u00f3n a Emergencias y Seguridad 911 coordin\u00f3 la asistencia ante el deslizamiento de un cami\u00f3n ocurrido en la calle Salvador Beato, en las proximidades de una zona industrial del sector Los Pomos, en La Vega, la ma\u00f1ana de este martes. Como resultado del incidente, [&hellip;]<\/p>\n","protected":false},"author":7,"featured_media":602737,"comment_status":"closed","ping_status":"closed","sticky":false,"template":"","format":"standard","meta":{"footnotes":""},"categories":[36],"tags":[1223],"class_list":["post-602729","post","type-post","status-publish","format-standard","has-post-thumbnail","hentry","category-hombresmujeresycosas","tag-1223"],"_links":{"self":[{"href":"https:\/\/diariodominicano.com\/index.php?rest_route=\/wp\/v2\/posts\/602729","targetHints":{"allow":["GET"]}}],"collection":[{"href":"https:\/\/diariodominicano.com\/index.php?rest_route=\/wp\/v2\/posts"}],"about":[{"href":"https:\/\/diariodominicano.com\/index.php?rest_route=\/wp\/v2\/types\/post"}],"author":[{"embeddable":true,"href":"https:\/\/diariodominicano.com\/index.php?rest_route=\/wp\/v2\/users\/7"}],"replies":[{"embeddable":true,"href":"https:\/\/diariodominicano.com\/index.php?rest_route=%2Fwp%2Fv2%2Fcomments&post=602729"}],"version-history":[{"count":1,"href":"https:\/\/diariodominicano.com\/index.php?rest_route=\/wp\/v2\/posts\/602729\/revisions"}],"predecessor-version":[{"id":602738,"href":"https:\/\/diariodominicano.com\/index.php?rest_route=\/wp\/v2\/posts\/602729\/revisions\/602738"}],"wp:featuredmedia":[{"embeddable":true,"href":"https:\/\/diariodominicano.com\/index.php?rest_route=\/wp\/v2\/media\/602737"}],"wp:attachment":[{"href":"https:\/\/diariodominicano.com\/index.php?rest_route=%2Fwp%2Fv2%2Fmedia&parent=602729"}],"wp:term":[{"taxonomy":"category","embeddable":true,"href":"https:\/\/diariodominicano.com\/index.php?rest_route=%2Fwp%2Fv2%2Fcategories&post=602729"},{"taxonomy":"post_tag","embeddable":true,"href":"https:\/\/diariodominicano.com\/index.php?rest_route=%2Fwp%2Fv2%2Ftags&post=602729"}],"curies":[{"name":"wp","href":"https:\/\/api.w.org\/{rel}","templated":true}]}}