{"id":602524,"date":"2025-03-10T22:21:52","date_gmt":"2025-03-11T02:21:52","guid":{"rendered":"https:\/\/diariodominicano.com\/?p=602524"},"modified":"2025-03-10T22:21:56","modified_gmt":"2025-03-11T02:21:56","slug":"el-bloque-de-comites-intermedios-francisco-del-rosario-sanchez-del-pld-rinde-tributo-al-patricio-en-la-fecha-de-su-natalicio","status":"publish","type":"post","link":"https:\/\/diariodominicano.com\/?p=602524","title":{"rendered":"El Bloque de Comit\u00e9s Intermedios Francisco del Rosario S\u00e1nchez del PLD rinde tributo al patricio en la fecha de su natalicio \u00a0"},"content":{"rendered":"\n<p>Dando continuidad a una dilatada tradici\u00f3n, &nbsp;<strong>el Bloque de Comit\u00e9s Intermedios Francisco de Rosario S\u00e1nchez del Partido de la Liberaci\u00f3n Dominicana en el sector Herrera, Municipio Santo Domingo Oeste<\/strong>, rindi\u00f3 tributo al patricio en la fecha del 208 aniversario de su nacimiento.<\/p>\n\n\n\n<figure class=\"wp-block-image size-large\"><img loading=\"lazy\" decoding=\"async\" width=\"1024\" height=\"768\" src=\"https:\/\/diariodominicano.com\/wp-content\/uploads\/2025\/03\/1-1-1024x768.jpg\" alt=\"\" class=\"wp-image-602526\" srcset=\"https:\/\/diariodominicano.com\/wp-content\/uploads\/2025\/03\/1-1-1024x768.jpg 1024w, https:\/\/diariodominicano.com\/wp-content\/uploads\/2025\/03\/1-1-300x225.jpg 300w, https:\/\/diariodominicano.com\/wp-content\/uploads\/2025\/03\/1-1-768x576.jpg 768w, https:\/\/diariodominicano.com\/wp-content\/uploads\/2025\/03\/1-1-1536x1152.jpg 1536w, https:\/\/diariodominicano.com\/wp-content\/uploads\/2025\/03\/1-1-816x612.jpg 816w, https:\/\/diariodominicano.com\/wp-content\/uploads\/2025\/03\/1-1.jpg 1600w\" sizes=\"auto, (max-width: 1024px) 100vw, 1024px\" \/><\/figure>\n\n\n\n<p>Como lo hacen cada a\u00f1o, arrib\u00f3 &nbsp;&nbsp;al parque Independencia &nbsp;una comisi\u00f3n de dirigentes del PLD, para la realizaci\u00f3n de la Ofrenda Floral en honor a Francisco del Rosario S\u00e1nchez.<\/p>\n\n\n\n<p><strong>Rafael Pacheco, presidente del PLD en el municipio Santo Domingo Oeste&nbsp;<\/strong>con las palabras que pronunci\u00f3 al pie de las estatuas de Duarte, S\u00e1nchez Y Mella, dedic\u00f3 la ofrenda floral, resaltando el valor, coraje y patriotismo de S\u00e1nchez y sus compa\u00f1eros de La Trinitaria.<\/p>\n\n\n\n<p>Los dirigentes con banderas en mano desfilaron desde la Puerta del Conde hasta el Altar de la Patria, depositando all\u00ed el arreglo floral que prepararon en la celebraci\u00f3n del natalicio del patricio, que honra el nombre de los Comit\u00e9s Intermedios pelede\u00edstas.<\/p>\n\n\n\n<p>En sus palabras Pacheco dijo que nunca como ahora, con tantas acciones anti patri\u00f3ticas, se hace necesario resaltar los aportes de nuestros h\u00e9roes y m\u00e1rtires.<\/p>\n\n\n\n<p>El bloque se honra en entregar una ofrenda a uno de los hombres m\u00e1s sobresaliente para proclamar nuestra independencia, cuando iz\u00f3 la bandera tricolor y proclam\u00f3 \u201cDIOS PATRIA Y LIBERTAD\u201d.<\/p>\n\n\n\n<p><strong>SECRETAR\u00cdA DE COMUNICACIONES<\/strong><\/p>\n\n\n\n<p><strong>10 DE MARZO 2025<\/strong><\/p>\n","protected":false},"excerpt":{"rendered":"<p>Dando continuidad a una dilatada tradici\u00f3n, &nbsp;el Bloque de Comit\u00e9s Intermedios Francisco de Rosario S\u00e1nchez del Partido de la Liberaci\u00f3n Dominicana en el sector Herrera, Municipio Santo Domingo Oeste, rindi\u00f3 tributo al patricio en la fecha del 208 aniversario de su nacimiento. Como lo hacen cada a\u00f1o, arrib\u00f3 &nbsp;&nbsp;al parque Independencia &nbsp;una comisi\u00f3n de dirigentes [&hellip;]<\/p>\n","protected":false},"author":2,"featured_media":602525,"comment_status":"closed","ping_status":"closed","sticky":false,"template":"","format":"standard","meta":{"footnotes":""},"categories":[26,22],"tags":[],"class_list":["post-602524","post","type-post","status-publish","format-standard","has-post-thumbnail","hentry","category-efemerides","category-politica"],"_links":{"self":[{"href":"https:\/\/diariodominicano.com\/index.php?rest_route=\/wp\/v2\/posts\/602524","targetHints":{"allow":["GET"]}}],"collection":[{"href":"https:\/\/diariodominicano.com\/index.php?rest_route=\/wp\/v2\/posts"}],"about":[{"href":"https:\/\/diariodominicano.com\/index.php?rest_route=\/wp\/v2\/types\/post"}],"author":[{"embeddable":true,"href":"https:\/\/diariodominicano.com\/index.php?rest_route=\/wp\/v2\/users\/2"}],"replies":[{"embeddable":true,"href":"https:\/\/diariodominicano.com\/index.php?rest_route=%2Fwp%2Fv2%2Fcomments&post=602524"}],"version-history":[{"count":1,"href":"https:\/\/diariodominicano.com\/index.php?rest_route=\/wp\/v2\/posts\/602524\/revisions"}],"predecessor-version":[{"id":602527,"href":"https:\/\/diariodominicano.com\/index.php?rest_route=\/wp\/v2\/posts\/602524\/revisions\/602527"}],"wp:featuredmedia":[{"embeddable":true,"href":"https:\/\/diariodominicano.com\/index.php?rest_route=\/wp\/v2\/media\/602525"}],"wp:attachment":[{"href":"https:\/\/diariodominicano.com\/index.php?rest_route=%2Fwp%2Fv2%2Fmedia&parent=602524"}],"wp:term":[{"taxonomy":"category","embeddable":true,"href":"https:\/\/diariodominicano.com\/index.php?rest_route=%2Fwp%2Fv2%2Fcategories&post=602524"},{"taxonomy":"post_tag","embeddable":true,"href":"https:\/\/diariodominicano.com\/index.php?rest_route=%2Fwp%2Fv2%2Ftags&post=602524"}],"curies":[{"name":"wp","href":"https:\/\/api.w.org\/{rel}","templated":true}]}}