{"id":602328,"date":"2025-03-10T18:35:23","date_gmt":"2025-03-10T22:35:23","guid":{"rendered":"https:\/\/diariodominicano.com\/?p=602328"},"modified":"2025-03-10T18:37:16","modified_gmt":"2025-03-10T22:37:16","slug":"en-fotos-samsung-sorprendio-al-presentar-el-futuro-de-la-tecnologia-movil-en-el-mwc-2025","status":"publish","type":"post","link":"https:\/\/diariodominicano.com\/?p=602328","title":{"rendered":"En fotos: Samsung sorprendi\u00f3 al presentar el futuro de la tecnolog\u00eda m\u00f3vil en el MWC 2025"},"content":{"rendered":"\n<p><em>El Galaxy S25 Edge, la serie S m\u00e1s delgada hasta el momento; el Proyecto Moohan, el primer headset de realidad extendida; y los modelos Galaxy A56 5G y Galaxy A36 5G con Awesome Intelligence, cautivaron a los asistentes del Mobile World Congress 2025.<\/em><\/p>\n\n\n\n<p><strong>SANTO DOMINGO, RD. Marzo 2025.- <\/strong>&nbsp;&nbsp;En el marco del Mobile World Congress (MWC), realizado recientemente en Barcelona, Samsung Electronics present\u00f3 sus m\u00e1s recientes innovaciones impulsadas por IA. Durante el evento, la compa\u00f1\u00eda ampli\u00f3 sus experiencias m\u00f3viles a trav\u00e9s de exhibiciones interactivas, mientras que las nuevas incorporaciones al ecosistema Galaxy generaron gran expectaci\u00f3n entre los asistentes.<\/p>\n\n\n\n<p>Samsung Newsroom conoci\u00f3 m\u00e1s de cerca los productos tan esperados de Samsung que cautivaron a los asistentes.&nbsp;<\/p>\n\n\n\n<figure class=\"wp-block-gallery has-nested-images columns-default is-cropped wp-block-gallery-1 is-layout-flex wp-block-gallery-is-layout-flex\">\n<figure class=\"wp-block-image size-large\"><img loading=\"lazy\" decoding=\"async\" width=\"352\" height=\"235\" data-id=\"602361\" src=\"https:\/\/diariodominicano.com\/wp-content\/uploads\/2025\/03\/En-fotos-Samsung-sorprendio-al-presentar-el-futuro-de-la-tecnologia-movil-en.png\" alt=\"\" class=\"wp-image-602361\" srcset=\"https:\/\/diariodominicano.com\/wp-content\/uploads\/2025\/03\/En-fotos-Samsung-sorprendio-al-presentar-el-futuro-de-la-tecnologia-movil-en.png 352w, https:\/\/diariodominicano.com\/wp-content\/uploads\/2025\/03\/En-fotos-Samsung-sorprendio-al-presentar-el-futuro-de-la-tecnologia-movil-en-300x200.png 300w\" sizes=\"auto, (max-width: 352px) 100vw, 352px\" \/><\/figure>\n\n\n\n<figure class=\"wp-block-image size-large\"><img loading=\"lazy\" decoding=\"async\" width=\"820\" height=\"547\" data-id=\"602359\" src=\"https:\/\/diariodominicano.com\/wp-content\/uploads\/2025\/03\/En-fotos-Samsung-sorprendio-al-presentar-el-futuro-de-la-tecnologia-movil-en-el-MWC.png\" alt=\"\" class=\"wp-image-602359\" srcset=\"https:\/\/diariodominicano.com\/wp-content\/uploads\/2025\/03\/En-fotos-Samsung-sorprendio-al-presentar-el-futuro-de-la-tecnologia-movil-en-el-MWC.png 820w, https:\/\/diariodominicano.com\/wp-content\/uploads\/2025\/03\/En-fotos-Samsung-sorprendio-al-presentar-el-futuro-de-la-tecnologia-movil-en-el-MWC-300x200.png 300w, https:\/\/diariodominicano.com\/wp-content\/uploads\/2025\/03\/En-fotos-Samsung-sorprendio-al-presentar-el-futuro-de-la-tecnologia-movil-en-el-MWC-768x512.png 768w, https:\/\/diariodominicano.com\/wp-content\/uploads\/2025\/03\/En-fotos-Samsung-sorprendio-al-presentar-el-futuro-de-la-tecnologia-movil-en-el-MWC-816x544.png 816w\" sizes=\"auto, (max-width: 820px) 100vw, 820px\" \/><\/figure>\n<\/figure>\n\n\n\n<p><strong>Galaxy S25 Edge: Ampliando los l\u00edmites de la innovaci\u00f3n en hardware<\/strong><\/p>\n\n\n\n<p>Presentado por primera vez en Galaxy Unpacked 2025 en enero pasado, el Galaxy S25 Edge (la serie Galaxy S m\u00e1s delgada hasta el momento) volvi\u00f3 a ser el centro de atenci\u00f3n en el stand de Samsung en MWC 2025 y despert\u00f3 entusiasmo entre los asistentes.\u00a0\u00a0\u00a0<\/p>\n\n\n\n<p><\/p>\n\n\n\n<figure class=\"wp-block-gallery has-nested-images columns-default is-cropped wp-block-gallery-2 is-layout-flex wp-block-gallery-is-layout-flex\">\n<figure class=\"wp-block-image size-large\"><img loading=\"lazy\" decoding=\"async\" width=\"510\" height=\"340\" data-id=\"602362\" src=\"https:\/\/diariodominicano.com\/wp-content\/uploads\/2025\/03\/En-fotos-Samsung-sorprendio-al-presentar-el-futuro-de-la-tecnologia-movil-1.png\" alt=\"\" class=\"wp-image-602362\" srcset=\"https:\/\/diariodominicano.com\/wp-content\/uploads\/2025\/03\/En-fotos-Samsung-sorprendio-al-presentar-el-futuro-de-la-tecnologia-movil-1.png 510w, https:\/\/diariodominicano.com\/wp-content\/uploads\/2025\/03\/En-fotos-Samsung-sorprendio-al-presentar-el-futuro-de-la-tecnologia-movil-1-300x200.png 300w\" sizes=\"auto, (max-width: 510px) 100vw, 510px\" \/><\/figure>\n\n\n\n<figure class=\"wp-block-image size-large\"><img loading=\"lazy\" decoding=\"async\" width=\"449\" height=\"300\" data-id=\"602363\" src=\"https:\/\/diariodominicano.com\/wp-content\/uploads\/2025\/03\/En-fotos-Samsung-sorprendio-presentar-el-futuro-de-la-tecnologia-movil-en-el-MWC-2025.png\" alt=\"\" class=\"wp-image-602363\" srcset=\"https:\/\/diariodominicano.com\/wp-content\/uploads\/2025\/03\/En-fotos-Samsung-sorprendio-presentar-el-futuro-de-la-tecnologia-movil-en-el-MWC-2025.png 449w, https:\/\/diariodominicano.com\/wp-content\/uploads\/2025\/03\/En-fotos-Samsung-sorprendio-presentar-el-futuro-de-la-tecnologia-movil-en-el-MWC-2025-300x200.png 300w\" sizes=\"auto, (max-width: 449px) 100vw, 449px\" \/><\/figure>\n\n\n\n<figure class=\"wp-block-image size-large\"><img loading=\"lazy\" decoding=\"async\" width=\"436\" height=\"291\" data-id=\"602356\" src=\"https:\/\/diariodominicano.com\/wp-content\/uploads\/2025\/03\/En-fotos-Samsung-sorprendio-al-presentar-el-futuro-de-la-tecnologia-movil-el-MWC-2025-1.png\" alt=\"\" class=\"wp-image-602356\" srcset=\"https:\/\/diariodominicano.com\/wp-content\/uploads\/2025\/03\/En-fotos-Samsung-sorprendio-al-presentar-el-futuro-de-la-tecnologia-movil-el-MWC-2025-1.png 436w, https:\/\/diariodominicano.com\/wp-content\/uploads\/2025\/03\/En-fotos-Samsung-sorprendio-al-presentar-el-futuro-de-la-tecnologia-movil-el-MWC-2025-1-300x200.png 300w\" sizes=\"auto, (max-width: 436px) 100vw, 436px\" \/><\/figure>\n<\/figure>\n\n\n\n<p><strong>Proyecto Moohan: Un anticipo de lo que se viene en XR<\/strong><\/p>\n\n\n\n<p>La multitud se reuni\u00f3 para echar un vistazo al Proyecto Moohan, el primer headset de realidad extendida (XR) con Android de Samsung. El dispositivo, que debut\u00f3 con la plataforma Android XR en colaboraci\u00f3n con Google y Qualcomm, aprovechar\u00e1 la tecnolog\u00eda de inteligencia artificial multimodal para permitir interacciones m\u00e1s naturales, similares a una conversaci\u00f3n. <\/p>\n\n\n\n<figure class=\"wp-block-gallery has-nested-images columns-default is-cropped wp-block-gallery-3 is-layout-flex wp-block-gallery-is-layout-flex\">\n<figure class=\"wp-block-image size-large\"><img loading=\"lazy\" decoding=\"async\" width=\"403\" height=\"269\" data-id=\"602366\" src=\"https:\/\/diariodominicano.com\/wp-content\/uploads\/2025\/03\/Samsung-sorprendio-al-presentar-el-futuro-de-la-tecnologia-movil-MWC-2025.png\" alt=\"\" class=\"wp-image-602366\" srcset=\"https:\/\/diariodominicano.com\/wp-content\/uploads\/2025\/03\/Samsung-sorprendio-al-presentar-el-futuro-de-la-tecnologia-movil-MWC-2025.png 403w, https:\/\/diariodominicano.com\/wp-content\/uploads\/2025\/03\/Samsung-sorprendio-al-presentar-el-futuro-de-la-tecnologia-movil-MWC-2025-300x200.png 300w\" sizes=\"auto, (max-width: 403px) 100vw, 403px\" \/><\/figure>\n\n\n\n<figure class=\"wp-block-image size-large\"><img loading=\"lazy\" decoding=\"async\" width=\"646\" height=\"431\" data-id=\"602365\" src=\"https:\/\/diariodominicano.com\/wp-content\/uploads\/2025\/03\/Samsung-sorprendio-al-presentar-el-futuro-de-la-tecnologia-movil-en-el-MWC-2025.png\" alt=\"\" class=\"wp-image-602365\" srcset=\"https:\/\/diariodominicano.com\/wp-content\/uploads\/2025\/03\/Samsung-sorprendio-al-presentar-el-futuro-de-la-tecnologia-movil-en-el-MWC-2025.png 646w, https:\/\/diariodominicano.com\/wp-content\/uploads\/2025\/03\/Samsung-sorprendio-al-presentar-el-futuro-de-la-tecnologia-movil-en-el-MWC-2025-300x200.png 300w\" sizes=\"auto, (max-width: 646px) 100vw, 646px\" \/><\/figure>\n\n\n\n<figure class=\"wp-block-image size-large\"><img loading=\"lazy\" decoding=\"async\" width=\"301\" height=\"201\" data-id=\"602364\" src=\"https:\/\/diariodominicano.com\/wp-content\/uploads\/2025\/03\/En-fotos-Samsung-sorprendio-presentar-el-futuro-de-la-tecnologia-movil-en-el-MWC-1.png\" alt=\"\" class=\"wp-image-602364\"\/><\/figure>\n<\/figure>\n\n\n\n<p><strong>Serie Galaxy A: Inteligencia artificial m\u00f3vil para todos<\/strong><\/p>\n\n\n\n<p>Reafirmando su compromiso de democratizar las experiencias de IA, Samsung revel\u00f3 la \u00faltima serie Galaxy A con los modelos Galaxy A56 5G y Galaxy A36 5G. La serie presenta Awesome Intelligence, la primera IA m\u00f3vil integral disponible exclusivamente en los dispositivos de la serie Galaxy A, que acerca las funciones favoritas de los fan\u00e1ticos, como Marcar para Buscar con Google: y las funciones de c\u00e1mara impulsadas por IA, a m\u00e1s usuarios.&nbsp;<\/p>\n\n\n\n<p>Dora Rojas &lt;<a href=\"mailto:dora@prismgrp.com\">dora@prismgrp.com<\/a>&gt;<\/p>\n","protected":false},"excerpt":{"rendered":"<p>El Galaxy S25 Edge, la serie S m\u00e1s delgada hasta el momento; el Proyecto Moohan, el primer headset de realidad extendida; y los modelos Galaxy A56 5G y Galaxy A36 5G con Awesome Intelligence, cautivaron a los asistentes del Mobile World Congress 2025. SANTO DOMINGO, RD. Marzo 2025.- &nbsp;&nbsp;En el marco del Mobile World Congress [&hellip;]<\/p>\n","protected":false},"author":7,"featured_media":602358,"comment_status":"closed","ping_status":"closed","sticky":false,"template":"","format":"standard","meta":{"footnotes":""},"categories":[36],"tags":[1951,324],"class_list":["post-602328","post","type-post","status-publish","format-standard","has-post-thumbnail","hentry","category-hombresmujeresycosas","tag-mwc-2025","tag-samsung"],"_links":{"self":[{"href":"https:\/\/diariodominicano.com\/index.php?rest_route=\/wp\/v2\/posts\/602328","targetHints":{"allow":["GET"]}}],"collection":[{"href":"https:\/\/diariodominicano.com\/index.php?rest_route=\/wp\/v2\/posts"}],"about":[{"href":"https:\/\/diariodominicano.com\/index.php?rest_route=\/wp\/v2\/types\/post"}],"author":[{"embeddable":true,"href":"https:\/\/diariodominicano.com\/index.php?rest_route=\/wp\/v2\/users\/7"}],"replies":[{"embeddable":true,"href":"https:\/\/diariodominicano.com\/index.php?rest_route=%2Fwp%2Fv2%2Fcomments&post=602328"}],"version-history":[{"count":1,"href":"https:\/\/diariodominicano.com\/index.php?rest_route=\/wp\/v2\/posts\/602328\/revisions"}],"predecessor-version":[{"id":602367,"href":"https:\/\/diariodominicano.com\/index.php?rest_route=\/wp\/v2\/posts\/602328\/revisions\/602367"}],"wp:featuredmedia":[{"embeddable":true,"href":"https:\/\/diariodominicano.com\/index.php?rest_route=\/wp\/v2\/media\/602358"}],"wp:attachment":[{"href":"https:\/\/diariodominicano.com\/index.php?rest_route=%2Fwp%2Fv2%2Fmedia&parent=602328"}],"wp:term":[{"taxonomy":"category","embeddable":true,"href":"https:\/\/diariodominicano.com\/index.php?rest_route=%2Fwp%2Fv2%2Fcategories&post=602328"},{"taxonomy":"post_tag","embeddable":true,"href":"https:\/\/diariodominicano.com\/index.php?rest_route=%2Fwp%2Fv2%2Ftags&post=602328"}],"curies":[{"name":"wp","href":"https:\/\/api.w.org\/{rel}","templated":true}]}}