{"id":602295,"date":"2025-03-10T17:02:52","date_gmt":"2025-03-10T21:02:52","guid":{"rendered":"https:\/\/diariodominicano.com\/?p=602295"},"modified":"2025-03-10T17:03:40","modified_gmt":"2025-03-10T21:03:40","slug":"mario-alonso-puig-cautiva-con-sus-conferencias-en-santo-domingo-y-punta-cana","status":"publish","type":"post","link":"https:\/\/diariodominicano.com\/?p=602295","title":{"rendered":"Mario Alonso Puig cautiva con sus conferencias en Santo Domingo y Punta Cana\u00a0"},"content":{"rendered":"\n<p><em>El famoso conferencista se present\u00f3 en RD de la mano de Lucy Doughty<\/em><\/p>\n\n\n\n<p>Con una gran acogida y auditorios repletos, el reconocido conferencista internacional y autor de varios <em>best sellers,<\/em> Mario Alonso Puig, culmin\u00f3 con \u00e9xito su serie de conferencias en Rep\u00fablica Dominicana, donde comparti\u00f3 sus conocimientos sobre liderazgo, transformaci\u00f3n personal y superaci\u00f3n de lo imposible.<\/p>\n\n\n\n<p>El tema \u201cHaz lo (IM)posible\u201d trajo de vuelta al reconocido motivador que recorri\u00f3 dos aforos con igual n\u00famero de presentaciones, de la mano de la fil\u00e1ntropa y empresaria Lucy Doughty.&nbsp;<\/p>\n\n\n\n<figure class=\"wp-block-gallery has-nested-images columns-default is-cropped wp-block-gallery-1 is-layout-flex wp-block-gallery-is-layout-flex\">\n<figure class=\"wp-block-image size-large\"><img loading=\"lazy\" decoding=\"async\" width=\"1024\" height=\"665\" data-id=\"602320\" src=\"https:\/\/diariodominicano.com\/wp-content\/uploads\/2025\/03\/Mario-Alonso-Puig-conferencia-Haz-lo-ImPOSIBLE-1024x665.jpg\" alt=\"\" class=\"wp-image-602320\" srcset=\"https:\/\/diariodominicano.com\/wp-content\/uploads\/2025\/03\/Mario-Alonso-Puig-conferencia-Haz-lo-ImPOSIBLE-1024x665.jpg 1024w, https:\/\/diariodominicano.com\/wp-content\/uploads\/2025\/03\/Mario-Alonso-Puig-conferencia-Haz-lo-ImPOSIBLE-300x195.jpg 300w, https:\/\/diariodominicano.com\/wp-content\/uploads\/2025\/03\/Mario-Alonso-Puig-conferencia-Haz-lo-ImPOSIBLE-768x499.jpg 768w, https:\/\/diariodominicano.com\/wp-content\/uploads\/2025\/03\/Mario-Alonso-Puig-conferencia-Haz-lo-ImPOSIBLE-1536x997.jpg 1536w, https:\/\/diariodominicano.com\/wp-content\/uploads\/2025\/03\/Mario-Alonso-Puig-conferencia-Haz-lo-ImPOSIBLE-2048x1330.jpg 2048w, https:\/\/diariodominicano.com\/wp-content\/uploads\/2025\/03\/Mario-Alonso-Puig-conferencia-Haz-lo-ImPOSIBLE-816x530.jpg 816w\" sizes=\"auto, (max-width: 1024px) 100vw, 1024px\" \/><\/figure>\n<\/figure>\n\n\n\n<p>El primero de marzo, el Centro de Convenciones Hyatt Zilara-Ziva Cap Cana en Punta Cana fue el escenario donde el experto motiv\u00f3 a los asistentes a desafiar sus propios l\u00edmites y el 5 de marzo, en el Marriott Piantini de Santo Domingo, concluy\u00f3 su gira con una noche llena de reflexiones y aprendizajes.<\/p>\n\n\n\n<p>Este evento, que cont\u00f3 con el firme apoyo de Grupo SID, Banreservas, RCC Media, Color Visi\u00f3n (canal 9) y Espaillat Motors, reafirm\u00f3 el compromiso de llevar al pa\u00eds contenido de valor para el crecimiento personal y profesional como parte de la s\u00f3lida plataforma \u201cConversationLoves\u201d. La parada de Puig en Santo Domingo atrajo una audiencia selecta que incluy\u00f3 la participaci\u00f3n de la exvicepresidente de la Rep\u00fablica, Margarita Cede\u00f1o, el presentador y director de RTVD, Iv\u00e1n Ruiz, V\u00edctor G\u00f3mez Casanova y Biviana Riviero.<\/p>\n\n\n\n<figure class=\"wp-block-gallery has-nested-images columns-default is-cropped wp-block-gallery-2 is-layout-flex wp-block-gallery-is-layout-flex\">\n<figure class=\"wp-block-image size-large\"><img loading=\"lazy\" decoding=\"async\" width=\"668\" height=\"1024\" data-id=\"602319\" src=\"https:\/\/diariodominicano.com\/wp-content\/uploads\/2025\/03\/Lucy-Doughty-en-conferencia-de-Mario-Alonso-668x1024.jpg\" alt=\"\" class=\"wp-image-602319\" srcset=\"https:\/\/diariodominicano.com\/wp-content\/uploads\/2025\/03\/Lucy-Doughty-en-conferencia-de-Mario-Alonso-668x1024.jpg 668w, https:\/\/diariodominicano.com\/wp-content\/uploads\/2025\/03\/Lucy-Doughty-en-conferencia-de-Mario-Alonso-196x300.jpg 196w, https:\/\/diariodominicano.com\/wp-content\/uploads\/2025\/03\/Lucy-Doughty-en-conferencia-de-Mario-Alonso-768x1178.jpg 768w, https:\/\/diariodominicano.com\/wp-content\/uploads\/2025\/03\/Lucy-Doughty-en-conferencia-de-Mario-Alonso-1001x1536.jpg 1001w, https:\/\/diariodominicano.com\/wp-content\/uploads\/2025\/03\/Lucy-Doughty-en-conferencia-de-Mario-Alonso-816x1252.jpg 816w, https:\/\/diariodominicano.com\/wp-content\/uploads\/2025\/03\/Lucy-Doughty-en-conferencia-de-Mario-Alonso.jpg 1300w\" sizes=\"auto, (max-width: 668px) 100vw, 668px\" \/><\/figure>\n<\/figure>\n\n\n\n<p>La conferencia de Santo Domingo estuvo antecedida por un panel en que intervinieron Miralba Ruiz, ZoilaLuna, Celin\u00e9s Toribio, con la moderaci\u00f3n de Janise Santaella.<\/p>\n\n\n\n<p>Mario Alonso Puig, m\u00e9dico especialista en cirug\u00eda general y del aparato digestivo, ha dedicado gran parte de su vida a ayudar a las personas a potenciar sus habilidades en momentos desafiantes.&nbsp; Su conocimiento en neurociencia, psicolog\u00eda y desarrollo personal lo ha convertido en uno de los conferencistas m\u00e1s influyentes del mundo.<\/p>\n\n\n\n<p>Autor de los <em>best sellers <\/em>\u201cReinventarse\u201d, \u201cAhora yo\u201d y \u201cVivir es un asunto urgente\u201d, Puig impact\u00f3 a los dominicanos con su visi\u00f3n sobre c\u00f3mo enfrentar los cambios, romper barreras y alcanzar el \u00e9xito en un mundo lleno de desaf\u00edos. Con estas dos exitosas conferencias, deja en los participantes una inspiraci\u00f3n para convertir en posible lo imposible.&nbsp;<\/p>\n\n\n\n<p>Mar\u00eda Jim\u00e9nez &lt;<a href=\"mailto:esmariajimenez@gmail.com\">esmariajimenez@gmail.com<\/a>&gt;&nbsp;<\/p>\n","protected":false},"excerpt":{"rendered":"<p>El famoso conferencista se present\u00f3 en RD de la mano de Lucy Doughty Con una gran acogida y auditorios repletos, el reconocido conferencista internacional y autor de varios best sellers, Mario Alonso Puig, culmin\u00f3 con \u00e9xito su serie de conferencias en Rep\u00fablica Dominicana, donde comparti\u00f3 sus conocimientos sobre liderazgo, transformaci\u00f3n personal y superaci\u00f3n de lo [&hellip;]<\/p>\n","protected":false},"author":7,"featured_media":602313,"comment_status":"closed","ping_status":"closed","sticky":false,"template":"","format":"standard","meta":{"footnotes":""},"categories":[36],"tags":[1474,303,1105],"class_list":["post-602295","post","type-post","status-publish","format-standard","has-post-thumbnail","hentry","category-hombresmujeresycosas","tag-mario-alonso-puig","tag-punta-cana","tag-santo-domingo"],"_links":{"self":[{"href":"https:\/\/diariodominicano.com\/index.php?rest_route=\/wp\/v2\/posts\/602295","targetHints":{"allow":["GET"]}}],"collection":[{"href":"https:\/\/diariodominicano.com\/index.php?rest_route=\/wp\/v2\/posts"}],"about":[{"href":"https:\/\/diariodominicano.com\/index.php?rest_route=\/wp\/v2\/types\/post"}],"author":[{"embeddable":true,"href":"https:\/\/diariodominicano.com\/index.php?rest_route=\/wp\/v2\/users\/7"}],"replies":[{"embeddable":true,"href":"https:\/\/diariodominicano.com\/index.php?rest_route=%2Fwp%2Fv2%2Fcomments&post=602295"}],"version-history":[{"count":1,"href":"https:\/\/diariodominicano.com\/index.php?rest_route=\/wp\/v2\/posts\/602295\/revisions"}],"predecessor-version":[{"id":602323,"href":"https:\/\/diariodominicano.com\/index.php?rest_route=\/wp\/v2\/posts\/602295\/revisions\/602323"}],"wp:featuredmedia":[{"embeddable":true,"href":"https:\/\/diariodominicano.com\/index.php?rest_route=\/wp\/v2\/media\/602313"}],"wp:attachment":[{"href":"https:\/\/diariodominicano.com\/index.php?rest_route=%2Fwp%2Fv2%2Fmedia&parent=602295"}],"wp:term":[{"taxonomy":"category","embeddable":true,"href":"https:\/\/diariodominicano.com\/index.php?rest_route=%2Fwp%2Fv2%2Fcategories&post=602295"},{"taxonomy":"post_tag","embeddable":true,"href":"https:\/\/diariodominicano.com\/index.php?rest_route=%2Fwp%2Fv2%2Ftags&post=602295"}],"curies":[{"name":"wp","href":"https:\/\/api.w.org\/{rel}","templated":true}]}}