{"id":602269,"date":"2025-03-10T14:30:33","date_gmt":"2025-03-10T18:30:33","guid":{"rendered":"https:\/\/diariodominicano.com\/?p=602269"},"modified":"2025-03-10T15:00:59","modified_gmt":"2025-03-10T19:00:59","slug":"alberto-rodriguez-dice-que-inefi-con-el-barrio-llego-para-quedarse","status":"publish","type":"post","link":"https:\/\/diariodominicano.com\/?p=602269","title":{"rendered":"Alberto Rodr\u00edguez dice que INEFI con el Barrio lleg\u00f3 para quedarse"},"content":{"rendered":"\n<p><strong><em><u>El barrio 27 de Febrero se disfrut\u00f3 INEFI con el Barrio con una jornada que incluy\u00f3 actividades deportivas e iniciativas en favor de la comunidad.<\/u><\/em><\/strong><\/p>\n\n\n\n<p>Desde la fumigaci\u00f3n de la comunidad hasta los operativos odontol\u00f3gicos y los eventos deportivos con juegos de baloncesto, vitilla y voleibol se vivieron en la populosa barriada del 27 de Febrero como parte de la jornada que llev\u00f3 a ese sector el Instituto Nacional de Educaci\u00f3n F\u00edsica (INEFI), con el programa \u201cINEFI con el Barrio\u201d.<\/p>\n\n\n\n<p>Alberto Rodr\u00edguez, director del INEFI, expres\u00f3 que es necesario que este tipo de proyectos se mantengan en favor de los barrios m\u00e1s necesitados.<\/p>\n\n\n\n<figure class=\"wp-block-image size-large\"><img loading=\"lazy\" decoding=\"async\" width=\"1024\" height=\"683\" src=\"https:\/\/diariodominicano.com\/wp-content\/uploads\/2025\/03\/Alberto-Rodriguez-comparten-con-comunitarios-del-sector-27-de-Febrero-donde-se-celebro-este-domingo-una-jornada-de-INEFI-con-el-Barrio-1024x683.jpg\" alt=\"\" class=\"wp-image-602283\" srcset=\"https:\/\/diariodominicano.com\/wp-content\/uploads\/2025\/03\/Alberto-Rodriguez-comparten-con-comunitarios-del-sector-27-de-Febrero-donde-se-celebro-este-domingo-una-jornada-de-INEFI-con-el-Barrio-1024x683.jpg 1024w, https:\/\/diariodominicano.com\/wp-content\/uploads\/2025\/03\/Alberto-Rodriguez-comparten-con-comunitarios-del-sector-27-de-Febrero-donde-se-celebro-este-domingo-una-jornada-de-INEFI-con-el-Barrio-300x200.jpg 300w, https:\/\/diariodominicano.com\/wp-content\/uploads\/2025\/03\/Alberto-Rodriguez-comparten-con-comunitarios-del-sector-27-de-Febrero-donde-se-celebro-este-domingo-una-jornada-de-INEFI-con-el-Barrio-768x512.jpg 768w, https:\/\/diariodominicano.com\/wp-content\/uploads\/2025\/03\/Alberto-Rodriguez-comparten-con-comunitarios-del-sector-27-de-Febrero-donde-se-celebro-este-domingo-una-jornada-de-INEFI-con-el-Barrio-1536x1024.jpg 1536w, https:\/\/diariodominicano.com\/wp-content\/uploads\/2025\/03\/Alberto-Rodriguez-comparten-con-comunitarios-del-sector-27-de-Febrero-donde-se-celebro-este-domingo-una-jornada-de-INEFI-con-el-Barrio-2048x1366.jpg 2048w, https:\/\/diariodominicano.com\/wp-content\/uploads\/2025\/03\/Alberto-Rodriguez-comparten-con-comunitarios-del-sector-27-de-Febrero-donde-se-celebro-este-domingo-una-jornada-de-INEFI-con-el-Barrio-816x544.jpg 816w\" sizes=\"auto, (max-width: 1024px) 100vw, 1024px\" \/><\/figure>\n\n\n\n<p>&nbsp;\u201cSigo creyendo que tenemos que estar cerca de las comunidades populares del pa\u00eds\u201d, dijo Rodr\u00edguez<\/p>\n\n\n\n<p>El director de la entidad que rige la educaci\u00f3n f\u00edsica y el deporte escolar manifest\u00f3 en la calle del club \u201cLos Cinco M\u00e1rtires\u201d que la herramienta principal para prevenir la delincuencia es el deporte.<\/p>\n\n\n\n<p>\u201cHay que crear espacios para los j\u00f3venes. No podemos esperar una campa\u00f1a para venir a los barrios. Ellos nos necesitan\u201d, dijo Rodr\u00edguez, creador del proyecto INEFI con el Barrio.<\/p>\n\n\n\n<p>En el medio del acto, Rodr\u00edguez hizo una pregunta a los ni\u00f1os que se dieron cita en el evento sobre qu\u00e9 acontecimiento se celebra el 9 de marzo, al contestar un ni\u00f1o que el nacimiento del pr\u00f3cer Francisco del Rosario S\u00e1nchez, este recibi\u00f3 un bal\u00f3n de premio.<\/p>\n\n\n\n<p>El equipo del Instituto Nacional de Educaci\u00f3n F\u00edsica (INEFI) planea organizar a finales de este mes una nueva jornada de \u201cINEFI con el Barrio\u201d en la comunidad de Los Alcarrizos.<\/p>\n\n\n\n<p><strong>PRENSA INEFI<\/strong>\u00a0&lt;prensainefi@gmail.com> <\/p>\n","protected":false},"excerpt":{"rendered":"<p>El barrio 27 de Febrero se disfrut\u00f3 INEFI con el Barrio con una jornada que incluy\u00f3 actividades deportivas e iniciativas en favor de la comunidad. Desde la fumigaci\u00f3n de la comunidad hasta los operativos odontol\u00f3gicos y los eventos deportivos con juegos de baloncesto, vitilla y voleibol se vivieron en la populosa barriada del 27 de [&hellip;]<\/p>\n","protected":false},"author":7,"featured_media":602284,"comment_status":"closed","ping_status":"closed","sticky":false,"template":"","format":"standard","meta":{"footnotes":""},"categories":[17],"tags":[491],"class_list":["post-602269","post","type-post","status-publish","format-standard","has-post-thumbnail","hentry","category-deportes","tag-inefi"],"_links":{"self":[{"href":"https:\/\/diariodominicano.com\/index.php?rest_route=\/wp\/v2\/posts\/602269","targetHints":{"allow":["GET"]}}],"collection":[{"href":"https:\/\/diariodominicano.com\/index.php?rest_route=\/wp\/v2\/posts"}],"about":[{"href":"https:\/\/diariodominicano.com\/index.php?rest_route=\/wp\/v2\/types\/post"}],"author":[{"embeddable":true,"href":"https:\/\/diariodominicano.com\/index.php?rest_route=\/wp\/v2\/users\/7"}],"replies":[{"embeddable":true,"href":"https:\/\/diariodominicano.com\/index.php?rest_route=%2Fwp%2Fv2%2Fcomments&post=602269"}],"version-history":[{"count":3,"href":"https:\/\/diariodominicano.com\/index.php?rest_route=\/wp\/v2\/posts\/602269\/revisions"}],"predecessor-version":[{"id":602288,"href":"https:\/\/diariodominicano.com\/index.php?rest_route=\/wp\/v2\/posts\/602269\/revisions\/602288"}],"wp:featuredmedia":[{"embeddable":true,"href":"https:\/\/diariodominicano.com\/index.php?rest_route=\/wp\/v2\/media\/602284"}],"wp:attachment":[{"href":"https:\/\/diariodominicano.com\/index.php?rest_route=%2Fwp%2Fv2%2Fmedia&parent=602269"}],"wp:term":[{"taxonomy":"category","embeddable":true,"href":"https:\/\/diariodominicano.com\/index.php?rest_route=%2Fwp%2Fv2%2Fcategories&post=602269"},{"taxonomy":"post_tag","embeddable":true,"href":"https:\/\/diariodominicano.com\/index.php?rest_route=%2Fwp%2Fv2%2Ftags&post=602269"}],"curies":[{"name":"wp","href":"https:\/\/api.w.org\/{rel}","templated":true}]}}