{"id":601418,"date":"2025-03-07T10:29:48","date_gmt":"2025-03-07T14:29:48","guid":{"rendered":"https:\/\/diariodominicano.com\/?p=601418"},"modified":"2025-03-07T10:30:26","modified_gmt":"2025-03-07T14:30:26","slug":"mujer-japonesa-de-108-anos-reconocida-como-la-barbera-mas-anciana-del-mundo","status":"publish","type":"post","link":"https:\/\/diariodominicano.com\/?p=601418","title":{"rendered":"Mujer japonesa de 108 a\u00f1os, reconocida como la barbera m\u00e1s anciana del mundo"},"content":{"rendered":"\n<p>Shitsui Hakoishi, de 108 a\u00f1os, posa con el certificado de Guinness World Records que la reconoce como la barbera m\u00e1s anciana del mundo, en su barber\u00eda de Nakagawa, en la prefectura de Tochigi, en el este de Jap\u00f3n, el mi\u00e9rcoles 5 de marzo de 2025. AP<\/p>\n\n\n\n<p>marzo 06, 2025<\/p>\n\n\n\n<ul class=\"wp-block-list\">\n<li><a href=\"https:\/\/www.vozdeamerica.com\/author\/associated-press\/v_kyr\">Associated Press<\/a><\/li>\n<\/ul>\n\n\n\n<ul class=\"wp-block-list\">\n<li><a href=\"https:\/\/facebook.com\/sharer.php?u=https%3a%2f%2fwww.vozdeamerica.com%2fa%2fmujer-japonesa-108-anios-barbera-mas-anciana-mundo%2f8001244.html\" target=\"_blank\" rel=\"noreferrer noopener\"><\/a><\/li>\n\n\n\n<li><a href=\"https:\/\/twitter.com\/share?url=https%3a%2f%2fwww.vozdeamerica.com%2fa%2fmujer-japonesa-108-anios-barbera-mas-anciana-mundo%2f8001244.html&amp;text=Mujer+japonesa+de+108+a%c3%b1os%2c+reconocida+como+la+barbera+m%c3%a1s+anciana+del+mundo\" target=\"_blank\" rel=\"noreferrer noopener\"><\/a><\/li>\n\n\n\n<li><\/li>\n\n\n\n<li><a href=\"mailto:?body=https%3a%2f%2fwww.vozdeamerica.com%2fa%2fmujer-japonesa-108-anios-barbera-mas-anciana-mundo%2f8001244.html&amp;subject=Mujer%20japonesa%20de%20108%20a%C3%B1os,%20reconocida%20como%20la%20barbera%20m%C3%A1s%20anciana%20del%20mundo\"><\/a><\/li>\n<\/ul>\n\n\n\n<p><a href=\"https:\/\/www.vozdeamerica.com\/a\/mujer-japonesa-108-anios-barbera-mas-anciana-mundo\/8001244.html#comments\">&nbsp;Vea comentarios<\/a><\/p>\n\n\n\n<p>Shitsui Hakoishi recibi\u00f3 un certificado por ser la barbera m\u00e1s anciana del mundo con 108 a\u00f1os. Naci\u00f3 el 10 de noviembre de 1916 en una familia de agricultores en Nakagawa, Hakoishi.<\/p>\n\n\n\n<p>TOKIO \u2014&nbsp;<\/p>\n\n\n\n<p>Ella es la barbera m\u00e1s anciana del mundo: tiene 108 a\u00f1os, pero la delgada mujer japonesa de cabello blanco no planea retirarse pronto.<\/p>\n\n\n\n<p>Shitsui Hakoishi dice que el reconocimiento formal, otorgado esta semana por Guinness World Records, le trajo mucha alegr\u00eda, adem\u00e1s de la satisfacci\u00f3n de sus clientes, claro.<\/p>\n\n\n\n<p>La mujer recibi\u00f3 el mi\u00e9rcoles un certificado oficial de la franquicia internacional. Guinness World Records tiene una categor\u00eda separada para barberos masculinos, pero el hombre que fue certificado a los 107 a\u00f1os en 2018, el estadounidense Anthony Mancinelli, falleci\u00f3 en el \u00ednterin, dejando a Hakoishi como la \u00fanica poseedora del r\u00e9cord.<\/p>\n\n\n\n<p><a href=\"https:\/\/www.vozdeamerica.com\/a\/discapacidad-carolina-gutierrez-la-colombiana-que-aprendio-a-dar-abrazos-de-jirafa-\/7690860.html\"><\/a><\/p>\n\n\n\n<p><a href=\"https:\/\/www.vozdeamerica.com\/a\/discapacidad-carolina-gutierrez-la-colombiana-que-aprendio-a-dar-abrazos-de-jirafa-\/7690860.html\">Tambi\u00e9n lea<\/a><\/p>\n\n\n\n<h4 class=\"wp-block-heading\"><a href=\"https:\/\/www.vozdeamerica.com\/a\/discapacidad-carolina-gutierrez-la-colombiana-que-aprendio-a-dar-abrazos-de-jirafa-\/7690860.html\">Carolina Guti\u00e9rrez, la colombiana que aprendi\u00f3 a dar \u00ababrazos de jirafa\u00bb<\/a><\/h4>\n\n\n\n<p>Su carrera ha abarcado nueve d\u00e9cadas y dice que se lo debe todo a sus clientes.<\/p>\n\n\n\n<p>\u201cSolo he podido llegar hasta aqu\u00ed gracias a mis clientes\u201d, dijo Hakoishi en una conferencia de prensa televisada el mi\u00e9rcoles desde un gimnasio de Nakagawa, su ciudad natal, en la prefectura de Tochigi, al noreste de Tokio. \u201cEstoy abrumada y llena de alegr\u00eda\u201d.<\/p>\n\n\n\n<p>Nacida el 10 de noviembre de 1916 en una familia de agricultores en Nakagawa, Hakoishi decidi\u00f3 convertirse en barbera a los 14 a\u00f1os y se mud\u00f3 a Tokio, donde perfeccion\u00f3 su oficio primero como aprendiz.<\/p>\n\n\n\n<p>Obtuvo su licencia de barbera a los 20 a\u00f1os y abri\u00f3 un sal\u00f3n junto a su esposo. Tuvieron dos hijos antes de que \u00e9l pereciera en la guerra entre Jap\u00f3n y China, que estall\u00f3 en 1937.<\/p>\n\n\n\n<p>Hakoishi perdi\u00f3 su sal\u00f3n en el mort\u00edfero bombardeo de Estados Unidos sobre Tokio el 10 de marzo de 1945. Antes de eso, ella y sus hijos fueron evacuados a otro lugar, en la prefectura de Tochigi, seg\u00fan el sitio web de Guinness.<\/p>\n\n\n\n<p>Pasaron ocho a\u00f1os m\u00e1s antes de abrir un sal\u00f3n nuevamente, llam\u00e1ndolo Rihatsu Hakoishi, en su ciudad natal de Nakagawa. La palabra&nbsp;<em>rihatsu&nbsp;<\/em>significa barbero en japon\u00e9s.<\/p>\n\n\n\n<p>Hakoishi afirma que no est\u00e1 lista para guardar sus tijeras.<\/p>\n\n\n\n<p>\u201cEste a\u00f1o cumplo 109, as\u00ed que seguir\u00e9 trabajando hasta llegar a los 110\u2033, dijo, mostrando una confiada sonrisa.<\/p>\n","protected":false},"excerpt":{"rendered":"<p>Shitsui Hakoishi, de 108 a\u00f1os, posa con el certificado de Guinness World Records que la reconoce como la barbera m\u00e1s anciana del mundo, en su barber\u00eda de Nakagawa, en la prefectura de Tochigi, en el este de Jap\u00f3n, el mi\u00e9rcoles 5 de marzo de 2025. AP marzo 06, 2025 &nbsp;Vea comentarios Shitsui Hakoishi recibi\u00f3 un [&hellip;]<\/p>\n","protected":false},"author":2,"featured_media":601419,"comment_status":"closed","ping_status":"closed","sticky":false,"template":"","format":"standard","meta":{"footnotes":""},"categories":[36,26,23,27],"tags":[],"class_list":["post-601418","post","type-post","status-publish","format-standard","has-post-thumbnail","hentry","category-hombresmujeresycosas","category-efemerides","category-internacional","category-portada"],"_links":{"self":[{"href":"https:\/\/diariodominicano.com\/index.php?rest_route=\/wp\/v2\/posts\/601418","targetHints":{"allow":["GET"]}}],"collection":[{"href":"https:\/\/diariodominicano.com\/index.php?rest_route=\/wp\/v2\/posts"}],"about":[{"href":"https:\/\/diariodominicano.com\/index.php?rest_route=\/wp\/v2\/types\/post"}],"author":[{"embeddable":true,"href":"https:\/\/diariodominicano.com\/index.php?rest_route=\/wp\/v2\/users\/2"}],"replies":[{"embeddable":true,"href":"https:\/\/diariodominicano.com\/index.php?rest_route=%2Fwp%2Fv2%2Fcomments&post=601418"}],"version-history":[{"count":2,"href":"https:\/\/diariodominicano.com\/index.php?rest_route=\/wp\/v2\/posts\/601418\/revisions"}],"predecessor-version":[{"id":601421,"href":"https:\/\/diariodominicano.com\/index.php?rest_route=\/wp\/v2\/posts\/601418\/revisions\/601421"}],"wp:featuredmedia":[{"embeddable":true,"href":"https:\/\/diariodominicano.com\/index.php?rest_route=\/wp\/v2\/media\/601419"}],"wp:attachment":[{"href":"https:\/\/diariodominicano.com\/index.php?rest_route=%2Fwp%2Fv2%2Fmedia&parent=601418"}],"wp:term":[{"taxonomy":"category","embeddable":true,"href":"https:\/\/diariodominicano.com\/index.php?rest_route=%2Fwp%2Fv2%2Fcategories&post=601418"},{"taxonomy":"post_tag","embeddable":true,"href":"https:\/\/diariodominicano.com\/index.php?rest_route=%2Fwp%2Fv2%2Ftags&post=601418"}],"curies":[{"name":"wp","href":"https:\/\/api.w.org\/{rel}","templated":true}]}}