{"id":601135,"date":"2025-03-06T03:05:28","date_gmt":"2025-03-06T07:05:28","guid":{"rendered":"https:\/\/diariodominicano.com\/?p=601135"},"modified":"2025-03-06T03:05:34","modified_gmt":"2025-03-06T07:05:34","slug":"lamenta-presidente-de-cuba-deceso-del-artista-edesio-alejandro","status":"publish","type":"post","link":"https:\/\/diariodominicano.com\/?p=601135","title":{"rendered":"Lamenta presidente de Cuba deceso del artista Edesio Alejandro"},"content":{"rendered":"\n<p>La Habana, 5 mar (Prensa Latina) El presidente Miguel D\u00edaz-Canel lament\u00f3 el fallecimiento hoy del int\u00e9rprete, compositor, arreglista y productor musical Edesio Alejandro y expres\u00f3 en la red social X sus condolencias a familiares y amigo del artista cubano.<\/p>\n\n\n\n<ul class=\"wp-block-list\">\n<li><a href=\"https:\/\/www.prensa-latina.cu\/2025\/03\/05\/\"><time>marzo 5, 2025 | 18:23<\/time><\/a><\/li>\n<\/ul>\n\n\n\n<ul class=\"wp-block-list\">\n<li><a href=\"https:\/\/www.prensa-latina.cu\/2025\/03\/05\/lamenta-presidente-de-cuba-deceso-del-artista-edesio-alejandro\/#\"><\/a><\/li>\n\n\n\n<li><a href=\"https:\/\/www.prensa-latina.cu\/2025\/03\/05\/lamenta-presidente-de-cuba-deceso-del-artista-edesio-alejandro\/#\"><\/a><\/li>\n\n\n\n<li><a href=\"https:\/\/www.prensa-latina.cu\/2025\/03\/05\/lamenta-presidente-de-cuba-deceso-del-artista-edesio-alejandro\/#\"><\/a><\/li>\n\n\n\n<li><a href=\"https:\/\/www.prensa-latina.cu\/2025\/03\/05\/lamenta-presidente-de-cuba-deceso-del-artista-edesio-alejandro\/#\"><\/a><\/li>\n<\/ul>\n\n\n\n<p>Con la muerte de Edesio Alejandro, pionero de la fusi\u00f3n, la m\u00fasica cubana pierde a un creador muy original, cuyas obras ya inmortalizaron su nombre en el teatro, el cine, la radio, la televisi\u00f3n y la memoria afectiva del pueblo de Cuba , escribi\u00f3 el mandatario en esa plataforma.<\/p>\n\n\n\n<p>Antes el ministro de Cultura, Alpidio Alonso, public\u00f3 tambi\u00e9n en X el sentir de la comunidad de artistas y pueblo de Cuba por el lamentable suceso.<\/p>\n\n\n\n<p>Hoy recibimos otra dolorosa noticia: falleci\u00f3 en Espa\u00f1a el destacado m\u00fasico cubano Edesio Alejandro.<\/p>\n\n\n\n<p>Sentimos mucho su p\u00e9rdida, muy querido por nuestro pueblo y especialmente admirado entre los m\u00e1s j\u00f3venes del gremio, a quienes siempre apoy\u00f3. Su obra perdurar\u00e1, expres\u00f3 Alonso.<\/p>\n\n\n\n<p>El reconocido m\u00fasico, fallecido en Madrid, ten\u00eda 66 a\u00f1os de edad y fue v\u00edctima de un c\u00e1ncer de pr\u00f3stata y durante los \u00faltimos meses estuvo bajo tratamiento m\u00e9dico.<\/p>\n\n\n\n<p>En el cine lo recordamos en filmes como Kleines Tropicana (1997), Madagascar (1994) y Clandestinos (1987), estos dos \u00faltimos de Fernando P\u00e9rez.<\/p>\n\n\n\n<p>Nominado al Grammy Latino en 2010 por 100 sones cubanos, una producci\u00f3n que un a\u00f1o despu\u00e9s tuvo otra al Grammy.<\/p>\n\n\n\n<p>Se trata de una colecci\u00f3n discogr\u00e1fica que incluye cinco CDs los cuales le tomaron tres a\u00f1os de trabajo y reflejan el inter\u00e9s de Edesio Alejandro por g\u00e9neros diversos de la m\u00fasica cubana, como demostr\u00f3 con la rumba.<\/p>\n\n\n\n<p>arc\/lld<\/p>\n\n\n\n<ul class=\"wp-block-list\">\n<li>#<a href=\"https:\/\/www.prensa-latina.cu\/etiqueta\/cuba\/\">cuba<\/a>\u00a0#<a href=\"https:\/\/www.prensa-latina.cu\/etiqueta\/deceso\/\">deceso<\/a>\u00a0#<a href=\"https:\/\/www.prensa-latina.cu\/etiqueta\/edesioalejandro\/\">edesioalejandro<\/a>\u00a0#<a href=\"https:\/\/www.prensa-latina.cu\/etiqueta\/presidente\/\">presidente<\/a><\/li>\n<\/ul>\n","protected":false},"excerpt":{"rendered":"<p>La Habana, 5 mar (Prensa Latina) El presidente Miguel D\u00edaz-Canel lament\u00f3 el fallecimiento hoy del int\u00e9rprete, compositor, arreglista y productor musical Edesio Alejandro y expres\u00f3 en la red social X sus condolencias a familiares y amigo del artista cubano. Con la muerte de Edesio Alejandro, pionero de la fusi\u00f3n, la m\u00fasica cubana pierde a un [&hellip;]<\/p>\n","protected":false},"author":2,"featured_media":601136,"comment_status":"closed","ping_status":"closed","sticky":false,"template":"","format":"standard","meta":{"footnotes":""},"categories":[21,26,23],"tags":[],"class_list":["post-601135","post","type-post","status-publish","format-standard","has-post-thumbnail","hentry","category-cultura","category-efemerides","category-internacional"],"_links":{"self":[{"href":"https:\/\/diariodominicano.com\/index.php?rest_route=\/wp\/v2\/posts\/601135","targetHints":{"allow":["GET"]}}],"collection":[{"href":"https:\/\/diariodominicano.com\/index.php?rest_route=\/wp\/v2\/posts"}],"about":[{"href":"https:\/\/diariodominicano.com\/index.php?rest_route=\/wp\/v2\/types\/post"}],"author":[{"embeddable":true,"href":"https:\/\/diariodominicano.com\/index.php?rest_route=\/wp\/v2\/users\/2"}],"replies":[{"embeddable":true,"href":"https:\/\/diariodominicano.com\/index.php?rest_route=%2Fwp%2Fv2%2Fcomments&post=601135"}],"version-history":[{"count":1,"href":"https:\/\/diariodominicano.com\/index.php?rest_route=\/wp\/v2\/posts\/601135\/revisions"}],"predecessor-version":[{"id":601137,"href":"https:\/\/diariodominicano.com\/index.php?rest_route=\/wp\/v2\/posts\/601135\/revisions\/601137"}],"wp:featuredmedia":[{"embeddable":true,"href":"https:\/\/diariodominicano.com\/index.php?rest_route=\/wp\/v2\/media\/601136"}],"wp:attachment":[{"href":"https:\/\/diariodominicano.com\/index.php?rest_route=%2Fwp%2Fv2%2Fmedia&parent=601135"}],"wp:term":[{"taxonomy":"category","embeddable":true,"href":"https:\/\/diariodominicano.com\/index.php?rest_route=%2Fwp%2Fv2%2Fcategories&post=601135"},{"taxonomy":"post_tag","embeddable":true,"href":"https:\/\/diariodominicano.com\/index.php?rest_route=%2Fwp%2Fv2%2Ftags&post=601135"}],"curies":[{"name":"wp","href":"https:\/\/api.w.org\/{rel}","templated":true}]}}