{"id":601126,"date":"2025-03-06T02:57:28","date_gmt":"2025-03-06T06:57:28","guid":{"rendered":"https:\/\/diariodominicano.com\/?p=601126"},"modified":"2025-03-06T02:57:35","modified_gmt":"2025-03-06T06:57:35","slug":"chavez-no-murio-se-hizo-inmortal-e-indestructible-afirmo-maduro-fotos","status":"publish","type":"post","link":"https:\/\/diariodominicano.com\/?p=601126","title":{"rendered":"Ch\u00e1vez no muri\u00f3, se hizo inmortal e indestructible, afirm\u00f3 Maduro (+Fotos)"},"content":{"rendered":"\n<p>Caracas, 5 mar (Prensa Latina) El presiente Nicol\u00e1s Maduro afirm\u00f3 hoy que el comandante Hugo Ch\u00e1vez (1954-2013) no muri\u00f3, sino que se hizo inmortal e indestructible al multiplicarse en millones de mujeres, hombres y ni\u00f1os de toda Venezuela.<\/p>\n\n\n\n<ul class=\"wp-block-list\">\n<li><a href=\"https:\/\/www.prensa-latina.cu\/2025\/03\/05\/\"><time>marzo 5, 2025 | 18:34<\/time><\/a><\/li>\n<\/ul>\n\n\n\n<ul class=\"wp-block-list\">\n<li><a href=\"https:\/\/www.prensa-latina.cu\/2025\/03\/05\/chavez-no-murio-se-hizo-inmortal-e-indestructible-afirmo-maduro\/#\"><\/a><\/li>\n\n\n\n<li><a href=\"https:\/\/www.prensa-latina.cu\/2025\/03\/05\/chavez-no-murio-se-hizo-inmortal-e-indestructible-afirmo-maduro\/#\"><\/a><\/li>\n\n\n\n<li><a href=\"https:\/\/www.prensa-latina.cu\/2025\/03\/05\/chavez-no-murio-se-hizo-inmortal-e-indestructible-afirmo-maduro\/#\"><\/a><\/li>\n\n\n\n<li><a href=\"https:\/\/www.prensa-latina.cu\/2025\/03\/05\/chavez-no-murio-se-hizo-inmortal-e-indestructible-afirmo-maduro\/#\"><\/a><\/li>\n<\/ul>\n\n\n\n<p>Al intervenir en una Asamblea de Comuneros del Poder Popular, desde la Comuna El Panal, en el 23 de Enero, Caracas, el mandatario record\u00f3 que hace 12 a\u00f1os le toc\u00f3 cumplir la \u201cmisi\u00f3n m\u00e1s dolorosa\u201d que recuerde o haya cumplido en su vida.<\/p>\n\n\n\n<p>Rememor\u00f3 que entonces el camino se ve\u00eda lleno de dolor e incertidumbre, pero Ch\u00e1vez siempre le dijo que \u201cante cualquier circunstancia confiar\u00e1 en el pueblo\u201d.<\/p>\n\n\n\n<p>Maduro apunt\u00f3 que hace 12 a\u00f1os le toc\u00f3 dar la noticia m\u00e1s desgarradora en 200 a\u00f1os, despu\u00e9s de la p\u00e9rdida de Sim\u00f3n Bol\u00edvar, y hoy a la misma hora \u201ctengo que decir que \u201cCh\u00e1vez est\u00e1 vivo, la Revoluci\u00f3n est\u00e1 viva, se hizo pueblo, inmortal e indestructible\u201d.<\/p>\n\n\n\n<figure class=\"wp-block-image\"><img decoding=\"async\" src=\"https:\/\/www.prensa-latina.cu\/wp-content\/uploads\/2025\/03\/Movilizacion1.jpg\" alt=\"\" class=\"wp-image-1530795\"\/><\/figure>\n\n\n\n<p>\u201cCh\u00e1vez no muri\u00f3, se multiplic\u00f3 en millones de hombres, mujeres, y ni\u00f1os\u201d, subray\u00f3, y destac\u00f3 que se hizo gigante en el siglo XXI al trascender nuestra Am\u00e9rica, el Caribe y el mundo, donde los pueblos de \u00c1frica, Asia, Estados Unidos y los sinceros de Europa lo recuerdan.<\/p>\n\n\n\n<p>Asegur\u00f3 que \u201cno solo es una consigna, un canto, una poes\u00eda, es la verdad\u201d, y evoc\u00f3 que cuando el l\u00edder bolivariano falleci\u00f3 la oligarqu\u00eda dijo \u201cnadie se lo va a devolver\u201d.<\/p>\n\n\n\n<p>Pero dijimos \u201cCh\u00e1vez soy yo, eres t\u00fa, somos todos, es un pueblo y 12 a\u00f1os despu\u00e9s este pueblo est\u00e1 de pie, victorioso y sigue avanzando en la Revoluci\u00f3n Socialista del siglo XXI de Am\u00e9rica Latina y el Caribe\u201d, afirm\u00f3.<\/p>\n\n\n\n<figure class=\"wp-block-image\"><img decoding=\"async\" src=\"https:\/\/www.prensa-latina.cu\/wp-content\/uploads\/2025\/03\/Maduro1.jpg\" alt=\"\" class=\"wp-image-1530793\"\/><\/figure>\n\n\n\n<p>El que tenga o\u00eddos que \u201coiga el clamor de un pueblo vivo y victorioso, el que tenga ojos, que vea bien la fuerza inmortal del esp\u00edritu de Hugo Ch\u00e1vez convertido en pueblo todos los d\u00edas, empoderado y movilizado\u201d, expres\u00f3.<\/p>\n\n\n\n<p>Maduro manifest\u00f3 que cada vez que un ni\u00f1o o un joven llegan a una escuela o liceo a recibir educaci\u00f3n p\u00fablica gratuita y de calidad est\u00e1 Ch\u00e1vez vivo \u201cporque \u00e9l trajo la educaci\u00f3n p\u00fablica al pueblo\u201d.<\/p>\n\n\n\n<p>Cada vez que un vecino se levanta a participar y descubrir las bondades de la democracia nueva, verdadera y participativa \u201call\u00ed en esa democracia naciente que hoy florece y fortalece, en la construcci\u00f3n de ese Estado moderno y Comunal, est\u00e1 y estar\u00e1 Ch\u00e1vez vivo por a\u00f1o y d\u00e9cadas\u201d, reafirm\u00f3.<\/p>\n\n\n\n<p>El dignatario se\u00f1al\u00f3 que el llamado aqu\u00ed Comandante Supremo fue el gran resucitador de El Libertador Sim\u00f3n Bol\u00edvar, lo cual no es poca cosa porque no cay\u00f3 en el olvido como ocurri\u00f3 con otros h\u00e9roes de la patria.<\/p>\n\n\n\n<figure class=\"wp-block-image\"><img decoding=\"async\" src=\"https:\/\/www.prensa-latina.cu\/wp-content\/uploads\/2025\/03\/Maduro.jpg\" alt=\"\" class=\"wp-image-1530792\"\/><\/figure>\n\n\n\n<p>Hay que sentirse complacido y satisfecho que 12 a\u00f1os despu\u00e9s Ch\u00e1vez est\u00e1 m\u00e1s vivo que nunca en el pensamiento, en la acci\u00f3n de millones de hombres y mujeres en Venezuela y m\u00e1s all\u00e1 de nuestras fronteras, recalc\u00f3.<\/p>\n\n\n\n<p>Asimismo felicit\u00f3 a la juventud venezolana que este mi\u00e9rcoles \u201cse lanz\u00f3 a las calles en una movilizaci\u00f3n hermosa\u201d para rendir homenaje al l\u00edder revolucionario en el Cuartel de la Monta\u00f1a, donde reposan sus restos.<\/p>\n\n\n\n<p>arc\/jcd<\/p>\n\n\n\n<ul class=\"wp-block-list\">\n<li>#<a href=\"https:\/\/www.prensa-latina.cu\/etiqueta\/revolucion-socialista\/\">revoluci\u00f3n socialista<\/a>\u00a0#<a href=\"https:\/\/www.prensa-latina.cu\/etiqueta\/venezuela\/\">Venezuela<\/a><\/li>\n<\/ul>\n\n\n\n<p>MINUTO A MINUTO<\/p>\n\n\n\n<ul class=\"wp-block-list\">\n<li>01:53<\/li>\n<\/ul>\n\n\n\n<p><a href=\"https:\/\/www.prensa-latina.cu\/2025\/03\/06\/australia-prepara-refugios-por-cercania-de-ciclon-tropical\/\">Australia prepara refugios por cercan\u00eda de cicl\u00f3n tropical<\/a><\/p>\n\n\n\n<ul class=\"wp-block-list\">\n<li>01:52<\/li>\n<\/ul>\n\n\n\n<p><a href=\"https:\/\/www.prensa-latina.cu\/2025\/03\/06\/critican-amenaza-israeli-de-reiniciar-la-agresion-contra-gaza\/\">Critican amenaza israel\u00ed de reiniciar la agresi\u00f3n contra Gaza<\/a><\/p>\n\n\n\n<ul class=\"wp-block-list\">\n<li>01:50<\/li>\n<\/ul>\n\n\n\n<p><a href=\"https:\/\/www.prensa-latina.cu\/2025\/03\/06\/miles-de-griegos-protestan-por-mortal-accidente-de-tren\/\">Miles de griegos protestan por mortal accidente de tren<\/a><\/p>\n\n\n\n<ul class=\"wp-block-list\">\n<li>01:40<\/li>\n<\/ul>\n\n\n\n<p><a href=\"https:\/\/www.prensa-latina.cu\/2025\/03\/06\/presidente-frances-impone-al-mundo-conceptos-falsos-considera-rusia\/\">Presidente franc\u00e9s impone al mundo conceptos falsos, considera Rusia<\/a><\/p>\n\n\n\n<ul class=\"wp-block-list\">\n<li>01:39<\/li>\n<\/ul>\n\n\n\n<p><a href=\"https:\/\/www.prensa-latina.cu\/2025\/03\/06\/agencias-de-onu-alertan-sobre-crisis-en-gaza-tras-prohibicion-israeli\/\">Agencias de ONU alertan sobre crisis en Gaza tras prohibici\u00f3n israel\u00ed<\/a><\/p>\n\n\n\n<ul class=\"wp-block-list\">\n<li>01:39<\/li>\n<\/ul>\n\n\n\n<p><a href=\"https:\/\/www.prensa-latina.cu\/2025\/03\/06\/palestina-denuncio-consecuencias-de-agresion-israeli-sobre-ambiente\/\">Palestina denunci\u00f3 consecuencias de agresi\u00f3n israel\u00ed sobre ambiente<\/a><\/p>\n\n\n\n<p>relacionadas<\/p>\n\n\n\n<figure class=\"wp-block-image\"><img decoding=\"async\" src=\"https:\/\/www.prensa-latina.cu\/wp-content\/uploads\/2025\/03\/Hugo-Chavez-1.jpg\" alt=\"venezuela-agradece-a-bolivia-por-honrar-memoria-de-hugo-chavez\" class=\"wp-image-1530857\"\/><\/figure>\n\n\n\n<h4 class=\"wp-block-heading\"><a href=\"https:\/\/www.prensa-latina.cu\/2025\/03\/05\/venezuela-agradece-a-bolivia-por-honrar-memoria-de-hugo-chavez\/\">Venezuela agradece a Bolivia por honrar memoria de Hugo Ch\u00e1vez<\/a><\/h4>\n\n\n\n<ul class=\"wp-block-list\">\n<li>marzo 5, 2025<\/li>\n\n\n\n<li>21:35<\/li>\n<\/ul>\n\n\n\n<figure class=\"wp-block-image\"><img decoding=\"async\" src=\"https:\/\/www.prensa-latina.cu\/wp-content\/uploads\/2025\/03\/Maduro1-1-1.jpg\" alt=\"eeuu-se-dejo-llevar-por-extrema-derecha-venezolana-afirma-maduro\" class=\"wp-image-1530830\"\/><\/figure>\n\n\n\n<h4 class=\"wp-block-heading\"><a href=\"https:\/\/www.prensa-latina.cu\/2025\/03\/05\/eeuu-se-dejo-llevar-por-extrema-derecha-venezolana-afirma-maduro\/\">EEUU se dej\u00f3 llevar por extrema derecha venezolana, afirma Maduro (+Foto)<\/a><\/h4>\n\n\n\n<ul class=\"wp-block-list\">\n<li>marzo 5, 2025<\/li>\n\n\n\n<li>20:14<\/li>\n<\/ul>\n\n\n\n<figure class=\"wp-block-image\"><img decoding=\"async\" src=\"https:\/\/www.prensa-latina.cu\/wp-content\/uploads\/2025\/03\/ALBA-TCP-1-1-1.jpg\" alt=\"\" class=\"wp-image-1530820\"\/><\/figure>\n\n\n\n<h4 class=\"wp-block-heading\"><a href=\"https:\/\/www.prensa-latina.cu\/2025\/03\/05\/alba-tcp-se-solidariza-con-pueblo-y-gobierno-de-mexico\/\">ALBA-TCP se solidariza con pueblo y Gobierno de M\u00e9xico<\/a><\/h4>\n\n\n\n<ul class=\"wp-block-list\">\n<li>marzo 5, 2025<\/li>\n\n\n\n<li>19:18<\/li>\n<\/ul>\n\n\n\n<figure class=\"wp-block-image\"><img decoding=\"async\" src=\"https:\/\/www.prensa-latina.cu\/wp-content\/uploads\/2024\/10\/CHAVEZ-FIDEL-CONVENIO-1.jpg\" alt=\"\" class=\"wp-image-1318120\"\/><\/figure>\n\n\n\n<h4 class=\"wp-block-heading\"><a href=\"https:\/\/www.prensa-latina.cu\/2025\/03\/05\/destacan-alianza-entre-lideres-historicos-de-cuba-y-venezuela\/\">Destacan alianza entre l\u00edderes hist\u00f3ricos de Cuba y Venezuela<\/a><\/h4>\n\n\n\n<ul class=\"wp-block-list\">\n<li>marzo 5, 2025<\/li>\n\n\n\n<li>17:26<\/li>\n<\/ul>\n\n\n\n<p>Agencias de noticias y medios digitales<\/p>\n\n\n\n<p><a href=\"https:\/\/www.correo.ca\/\"><\/a><\/p>\n","protected":false},"excerpt":{"rendered":"<p>Caracas, 5 mar (Prensa Latina) El presiente Nicol\u00e1s Maduro afirm\u00f3 hoy que el comandante Hugo Ch\u00e1vez (1954-2013) no muri\u00f3, sino que se hizo inmortal e indestructible al multiplicarse en millones de mujeres, hombres y ni\u00f1os de toda Venezuela. Al intervenir en una Asamblea de Comuneros del Poder Popular, desde la Comuna El Panal, en el [&hellip;]<\/p>\n","protected":false},"author":2,"featured_media":601127,"comment_status":"closed","ping_status":"closed","sticky":false,"template":"","format":"standard","meta":{"footnotes":""},"categories":[26,23,22],"tags":[],"class_list":["post-601126","post","type-post","status-publish","format-standard","has-post-thumbnail","hentry","category-efemerides","category-internacional","category-politica"],"_links":{"self":[{"href":"https:\/\/diariodominicano.com\/index.php?rest_route=\/wp\/v2\/posts\/601126","targetHints":{"allow":["GET"]}}],"collection":[{"href":"https:\/\/diariodominicano.com\/index.php?rest_route=\/wp\/v2\/posts"}],"about":[{"href":"https:\/\/diariodominicano.com\/index.php?rest_route=\/wp\/v2\/types\/post"}],"author":[{"embeddable":true,"href":"https:\/\/diariodominicano.com\/index.php?rest_route=\/wp\/v2\/users\/2"}],"replies":[{"embeddable":true,"href":"https:\/\/diariodominicano.com\/index.php?rest_route=%2Fwp%2Fv2%2Fcomments&post=601126"}],"version-history":[{"count":1,"href":"https:\/\/diariodominicano.com\/index.php?rest_route=\/wp\/v2\/posts\/601126\/revisions"}],"predecessor-version":[{"id":601128,"href":"https:\/\/diariodominicano.com\/index.php?rest_route=\/wp\/v2\/posts\/601126\/revisions\/601128"}],"wp:featuredmedia":[{"embeddable":true,"href":"https:\/\/diariodominicano.com\/index.php?rest_route=\/wp\/v2\/media\/601127"}],"wp:attachment":[{"href":"https:\/\/diariodominicano.com\/index.php?rest_route=%2Fwp%2Fv2%2Fmedia&parent=601126"}],"wp:term":[{"taxonomy":"category","embeddable":true,"href":"https:\/\/diariodominicano.com\/index.php?rest_route=%2Fwp%2Fv2%2Fcategories&post=601126"},{"taxonomy":"post_tag","embeddable":true,"href":"https:\/\/diariodominicano.com\/index.php?rest_route=%2Fwp%2Fv2%2Ftags&post=601126"}],"curies":[{"name":"wp","href":"https:\/\/api.w.org\/{rel}","templated":true}]}}