{"id":601004,"date":"2025-03-05T21:53:12","date_gmt":"2025-03-06T01:53:12","guid":{"rendered":"https:\/\/diariodominicano.com\/?p=601004"},"modified":"2025-03-05T21:53:38","modified_gmt":"2025-03-06T01:53:38","slug":"cnss-recibe-certificacion-al-nivel-de-excelencia-sello-caf-300","status":"publish","type":"post","link":"https:\/\/diariodominicano.com\/?p=601004","title":{"rendered":"CNSS recibe Certificaci\u00f3n al Nivel de Excelencia: Sello CAF +300"},"content":{"rendered":"\n<p><em>La Certificaci\u00f3n al Nivel de Excelencia: Sello CAF + 300 busca reconocer a las instituciones p\u00fablicas que evidencian logros significativos en la gesti\u00f3n organizacional, el liderazgo, las estrategias y los recursos humanos.<\/em><\/p>\n\n\n\n<p>Santo Domingo, RD. \u2013 El Ministerio de Administraci\u00f3n P\u00fablica (MAP), otorg\u00f3 la Certificaci\u00f3n al Nivel de Excelencia: Sello CAF +300 al Consejo Nacional de Seguridad Social (CNSS), por su compromiso con la mejora continua de sus procesos y la excelencia institucional, conforme al Modelo de Excelencia Marco Com\u00fan de Evaluaci\u00f3n (CAF).<\/p>\n\n\n\n<p>El reconocimiento avala la gesti\u00f3n eficaz y transparente del CNSS, tras agotar un proceso de autoevaluaci\u00f3n (autodiagn\u00f3stico, puntuaci\u00f3n, recolecci\u00f3n de evidencias y plan de mejora), logrando obtener m\u00e1s de los trescientos (300) puntos requeridos.<\/p>\n\n\n\n<p>El ministro de Administraci\u00f3n P\u00fablica, Sigmund Freund felicit\u00f3 al CNSS por someterse a una evaluaci\u00f3n de la calidad, en un proceso que involucra la m\u00e1xima autoridad y a todo su equipo, a la vez que resalt\u00f3 el valor del compromiso para el fortalecimiento y mejora institucional por medio del modelo de excelencia.<\/p>\n\n\n\n<p>\u201cUstedes trabajan en un sector muy importante de la sociedad y someterse a esta evaluaci\u00f3n evidencia una visi\u00f3n clara y precisa de la cabeza, lo que les convierte en una organizaci\u00f3n que marca la diferencia y transmite confianza al ciudadano\u201d, dijo Freund.<\/p>\n\n\n\n<p>Recomend\u00f3 al CNSS que mantenga los niveles de excelencia logrado para la provisi\u00f3n de servicios de calidad y de atenci\u00f3n directa de los ciudadanos, aline\u00e1ndose as\u00ed con la visi\u00f3n clara que existe desde el Gobierno dominicano.<\/p>\n\n\n\n<p>El gerente general del CNSS, Edward Guzm\u00e1n agradeci\u00f3 al MAP por liderar esa iniciativa que fortalece a las instituciones y eleva los est\u00e1ndares de calidad en el servicio de la ciudadan\u00eda.<\/p>\n\n\n\n<p>Asimismo, reconoci\u00f3 el trabajo realizado por cada uno de los colaboradores de la entidad rectora del Sistema Dominicano de Seguridad Social, cuya dedicaci\u00f3n y compromiso han sido fundamentales para alcanzar ese logro.<\/p>\n\n\n\n<p>\u201cEsto reafirma que nosotros tenemos que seguir trabajando y esforzarnos no solo para lograr un paso, sino que la meta es la evoluci\u00f3n constante para que el logro alcanzado siga ejecut\u00e1ndose y sigamos entregando un servicio de calidad a todos los afiliados al Sistema y a todos los ciudadanos que necesitan transparencia y una atenci\u00f3n de calidad porque son la raz\u00f3n de ser de cada uno de nosotros\u201d, dijo Guzm\u00e1n.<\/p>\n\n\n\n<p><strong>Validez del sello<\/strong><\/p>\n\n\n\n<p>El Sello CAF + 300 tiene una vigencia de dos a\u00f1os, periodo en el cual el CNSS deber\u00e1 reafirmar su compromiso con la excelencia en la gesti\u00f3n p\u00fablica. Durante este tiempo, la instituci\u00f3n seguir\u00e1 avanzando en la aplicaci\u00f3n del Modelo CAF y explorando nuevas estrategias para optimizar sus servicios.<\/p>\n\n\n\n<p>El acto, celebrado en la sede del Consejo Nacional de Seguridad Social cont\u00f3 adem\u00e1s con la presencia de la viceministra de Evaluaci\u00f3n de Desempe\u00f1o Institucional del MAP, Hadeline Matos y la directora de Reconocimiento a la Excelencia, Leslie De Le\u00f3n y por el equipo evaluador, \u00c1ngel S\u00e1nchez y Fanny Matos.<\/p>\n\n\n\n<p>Por el CNSS estuvieron presentes los directores y los focales miembros del Comit\u00e9 de Calidad institucional.<\/p>\n\n\n\n<p><strong>\u00bfQu\u00e9 es la Certificaci\u00f3n al Nivel de Excelencia: Sello CAF + 300?<\/strong><\/p>\n\n\n\n<p>Esta certificaci\u00f3n es un proceso que reconoce la gesti\u00f3n de las organizaciones, utilizando la evaluaci\u00f3n con el&nbsp;Modelo de Excelencia Marco Com\u00fan de Evaluaci\u00f3n (CAF)&nbsp;como base, y que es expedida por el Ministerio de Administraci\u00f3n P\u00fablica en su rol de rector de la evaluaci\u00f3n del desempe\u00f1o institucional, a trav\u00e9s de la verificaci\u00f3n de una serie de requisitos.<\/p>\n\n\n\n<p>Ser\u00e1 entregada a aquellos \u00f3rganos y entes de la administraci\u00f3n p\u00fablica dominicana, que puedan evidenciar que han implementado el modelo CAF de una manera eficaz, y que utilizando el sistema de puntuaci\u00f3n afinado obtenga una puntuaci\u00f3n mayor a 300 puntos.<\/p>\n\n\n\n<p><strong>Dominga Ramirez Garcia<\/strong>\u00a0&lt;doragaplc@hotmail.com> <\/p>\n","protected":false},"excerpt":{"rendered":"<p>La Certificaci\u00f3n al Nivel de Excelencia: Sello CAF + 300 busca reconocer a las instituciones p\u00fablicas que evidencian logros significativos en la gesti\u00f3n organizacional, el liderazgo, las estrategias y los recursos humanos. Santo Domingo, RD. \u2013 El Ministerio de Administraci\u00f3n P\u00fablica (MAP), otorg\u00f3 la Certificaci\u00f3n al Nivel de Excelencia: Sello CAF +300 al Consejo Nacional [&hellip;]<\/p>\n","protected":false},"author":7,"featured_media":601011,"comment_status":"closed","ping_status":"closed","sticky":false,"template":"","format":"standard","meta":{"footnotes":""},"categories":[36],"tags":[474,1574],"class_list":["post-601004","post","type-post","status-publish","format-standard","has-post-thumbnail","hentry","category-hombresmujeresycosas","tag-caf","tag-cnss"],"_links":{"self":[{"href":"https:\/\/diariodominicano.com\/index.php?rest_route=\/wp\/v2\/posts\/601004","targetHints":{"allow":["GET"]}}],"collection":[{"href":"https:\/\/diariodominicano.com\/index.php?rest_route=\/wp\/v2\/posts"}],"about":[{"href":"https:\/\/diariodominicano.com\/index.php?rest_route=\/wp\/v2\/types\/post"}],"author":[{"embeddable":true,"href":"https:\/\/diariodominicano.com\/index.php?rest_route=\/wp\/v2\/users\/7"}],"replies":[{"embeddable":true,"href":"https:\/\/diariodominicano.com\/index.php?rest_route=%2Fwp%2Fv2%2Fcomments&post=601004"}],"version-history":[{"count":2,"href":"https:\/\/diariodominicano.com\/index.php?rest_route=\/wp\/v2\/posts\/601004\/revisions"}],"predecessor-version":[{"id":601014,"href":"https:\/\/diariodominicano.com\/index.php?rest_route=\/wp\/v2\/posts\/601004\/revisions\/601014"}],"wp:featuredmedia":[{"embeddable":true,"href":"https:\/\/diariodominicano.com\/index.php?rest_route=\/wp\/v2\/media\/601011"}],"wp:attachment":[{"href":"https:\/\/diariodominicano.com\/index.php?rest_route=%2Fwp%2Fv2%2Fmedia&parent=601004"}],"wp:term":[{"taxonomy":"category","embeddable":true,"href":"https:\/\/diariodominicano.com\/index.php?rest_route=%2Fwp%2Fv2%2Fcategories&post=601004"},{"taxonomy":"post_tag","embeddable":true,"href":"https:\/\/diariodominicano.com\/index.php?rest_route=%2Fwp%2Fv2%2Ftags&post=601004"}],"curies":[{"name":"wp","href":"https:\/\/api.w.org\/{rel}","templated":true}]}}