{"id":600951,"date":"2025-03-05T15:17:21","date_gmt":"2025-03-05T19:17:21","guid":{"rendered":"https:\/\/diariodominicano.com\/?p=600951"},"modified":"2025-03-06T01:11:17","modified_gmt":"2025-03-06T05:11:17","slug":"salvar-a-la-ninez-de-hoy","status":"publish","type":"post","link":"https:\/\/diariodominicano.com\/?p=600951","title":{"rendered":"Salvar a la ni\u00f1ez de hoy"},"content":{"rendered":"\n<p>Por: Ram\u00f3n Antonio Veras <\/p>\n\n\n\n<p>1.- El conjunto de personas que habitan en el territorio nacional dominicano est\u00e1 compuesto por ni\u00f1as, ni\u00f1os, adolescentes, j\u00f3venes y adultos.<\/p>\n\n\n\n<p>2.- De la citada poblaci\u00f3n, los j\u00f3venes y los que han alcanzado su mayor grado de crecimiento, los ya maduros, est\u00e1n formados en uno u otro sentido, con conocimientos s\u00f3lidos sobre las cosas por su preparaci\u00f3n o el tiempo vivido.<\/p>\n\n\n\n<p>3.- En el medio social dominicano solo queda la ni\u00f1ez por configurar su pensamiento e instruirla correctamente para la vida en sociedad.<\/p>\n\n\n\n<p>4.- Partiendo de que la ni\u00f1ez es el material humano a ser \u00fatil a nuestro pa\u00eds y a la especie humana en general, hacia ella procede dirigir todos los buenos deseos y esfuerzos.<\/p>\n\n\n\n<p>5.- Adoctrinar a nuestros ni\u00f1os y ni\u00f1as para que en el futuro sean mujeres y hombres de bien es llevar a su cerebro ideas humanistas y conceptos sobre c\u00f3mo comportarse para ser socialmente valiosos.<\/p>\n\n\n\n<p>6.- La labor de correcta educaci\u00f3n general en nuestra ni\u00f1ez hay que iniciarla ya, en lo inmediato, sin p\u00e9rdida de tiempo.<\/p>\n\n\n\n<p>7.- En raz\u00f3n de que la sociedad dominicana est\u00e1 agrietada en lo \u00e9tico y moral, hay que contrarrestar los vicios sociales actuales con una ense\u00f1anza en valores y principios extra\u00eddos del diario vivir con decencia.<\/p>\n\n\n\n<p>8.- Como profunda es la degradaci\u00f3n en la cual nos estamos moviendo dominicanas y dominicanos, de gran dimensi\u00f3n procede sea la tarea de educar en los marcos del actual descalabro moral.<\/p>\n\n\n\n<p>9.- Hay que proporcionar a la ni\u00f1ez dominicana claro conocimiento de la honestidad, el honor, la lealtad, la honradez y la verdad; el querer a los dem\u00e1s, la solidaridad, el desprecio al odio, la mentira y todas las taras sociales.<\/p>\n\n\n\n<p>10.- En la mente todav\u00eda limpia de nuestros muchachitos y muchachitas hay que sembrar lo que eleva al ser humano, el trabajo con sentido social para disfrutar en com\u00fan lo que en conjunto se produce.<\/p>\n\n\n\n<p>11.- Ganando terreno, a marcha forzada, a toda prisa, r\u00e1pidamente, como un rayo, los educadores con vocaci\u00f3n para bien formar mun\u00edcipes de calidad deben tomar la iniciativa para m\u00e1s temprano que tarde contar con nuestros futuros adultos educados para ser servibles y socialmente convenientes.<\/p>\n\n\n\n<p>12.- Debemos confiar en que se lograr\u00e1 salvar a la ni\u00f1ez de ahora para dejarle a la posteridad un ser humano de muchos quilates, de m\u00e9ritos, loable y relevante por su contribuci\u00f3n al bienestar comunitario.<\/p>\n\n\n\n<p>13.- Lo que nos queda como colectivo humano civilizado es confiar en la ni\u00f1ez, dejando a espaldas, atr\u00e1s, todas esas cosas feas que solo sirven para que se nos caiga la cara de verg\u00fcenza.<\/p>\n\n\n\n<p>14.- La ocasi\u00f3n no es para estar elucubrando; el tiempo pasado ya pas\u00f3 y lo que manda el momento es superar, dejar atr\u00e1s las manchas que han acompa\u00f1ado a las generaciones anteriores que se han dejado influenciar por vicios propios de sistemas sociales en decadencia condenados por la historia.<\/p>\n\n\n\n<p>15.- Por muy dif\u00edcil que se presente la situaci\u00f3n material y espiritual de nuestro pueblo, vamos a salir adelante confiando en las fuerzas motrices que anuncian un exitoso futuro, teniendo como garant\u00eda a la ni\u00f1ez de hoy rescatada.<\/p>\n\n\n\n<p>16.- No nos enga\u00f1emos; no nos dejemos meter gato por liebre, nada de marranearnos, ni caer de tontos. Salvar a la ni\u00f1ez de hoy educ\u00e1ndola como es debido. No hay de otra.<\/p>\n\n\n\n<p>Santiago de los Caballeros,<br>5 de marzo de 2025.<\/p>\n","protected":false},"excerpt":{"rendered":"<p>Por: Ram\u00f3n Antonio Veras 1.- El conjunto de personas que habitan en el territorio nacional dominicano est\u00e1 compuesto por ni\u00f1as, ni\u00f1os, adolescentes, j\u00f3venes y adultos. 2.- De la citada poblaci\u00f3n, los j\u00f3venes y los que han alcanzado su mayor grado de crecimiento, los ya maduros, est\u00e1n formados en uno u otro sentido, con conocimientos s\u00f3lidos [&hellip;]<\/p>\n","protected":false},"author":7,"featured_media":404710,"comment_status":"closed","ping_status":"closed","sticky":true,"template":"","format":"standard","meta":{"footnotes":""},"categories":[19,16],"tags":[426],"class_list":["post-600951","post","type-post","status-publish","format-standard","has-post-thumbnail","hentry","category-mi-voz","category-opiniones","tag-ramon-antonio-veras"],"_links":{"self":[{"href":"https:\/\/diariodominicano.com\/index.php?rest_route=\/wp\/v2\/posts\/600951","targetHints":{"allow":["GET"]}}],"collection":[{"href":"https:\/\/diariodominicano.com\/index.php?rest_route=\/wp\/v2\/posts"}],"about":[{"href":"https:\/\/diariodominicano.com\/index.php?rest_route=\/wp\/v2\/types\/post"}],"author":[{"embeddable":true,"href":"https:\/\/diariodominicano.com\/index.php?rest_route=\/wp\/v2\/users\/7"}],"replies":[{"embeddable":true,"href":"https:\/\/diariodominicano.com\/index.php?rest_route=%2Fwp%2Fv2%2Fcomments&post=600951"}],"version-history":[{"count":1,"href":"https:\/\/diariodominicano.com\/index.php?rest_route=\/wp\/v2\/posts\/600951\/revisions"}],"predecessor-version":[{"id":600985,"href":"https:\/\/diariodominicano.com\/index.php?rest_route=\/wp\/v2\/posts\/600951\/revisions\/600985"}],"wp:featuredmedia":[{"embeddable":true,"href":"https:\/\/diariodominicano.com\/index.php?rest_route=\/wp\/v2\/media\/404710"}],"wp:attachment":[{"href":"https:\/\/diariodominicano.com\/index.php?rest_route=%2Fwp%2Fv2%2Fmedia&parent=600951"}],"wp:term":[{"taxonomy":"category","embeddable":true,"href":"https:\/\/diariodominicano.com\/index.php?rest_route=%2Fwp%2Fv2%2Fcategories&post=600951"},{"taxonomy":"post_tag","embeddable":true,"href":"https:\/\/diariodominicano.com\/index.php?rest_route=%2Fwp%2Fv2%2Ftags&post=600951"}],"curies":[{"name":"wp","href":"https:\/\/api.w.org\/{rel}","templated":true}]}}