{"id":600948,"date":"2025-03-05T14:55:48","date_gmt":"2025-03-05T18:55:48","guid":{"rendered":"https:\/\/diariodominicano.com\/?p=600948"},"modified":"2025-03-05T14:56:05","modified_gmt":"2025-03-05T18:56:05","slug":"superintendencia-de-seguros-y-contrataciones-publicas-acuerdan-fortalecer-supervision-fiscalizacion-y-transparencia","status":"publish","type":"post","link":"https:\/\/diariodominicano.com\/?p=600948","title":{"rendered":"Superintendencia de Seguros y Contrataciones P\u00fablicas acuerdan fortalecer supervisi\u00f3n, fiscalizaci\u00f3n y transparencia"},"content":{"rendered":"\n<p>El compromiso contempla mejoras conjuntas en la implementaci\u00f3n de herramientas tecnol\u00f3gicas, intercambio de informaci\u00f3n, capacitaci\u00f3n, rendici\u00f3n de cuentas y comunicaci\u00f3n directa con los ciudadanos.<\/p>\n\n\n\n<p>Santo Domingo &#8211; La Superintendencia de Seguros (SIS) y la Direcci\u00f3n General de Contrataciones P\u00fablicas (DGCP) suscribieron un acuerdo de colaboraci\u00f3n interinstitucional, con el prop\u00f3sito de fortalecer los procesos de supervisi\u00f3n, fiscalizaci\u00f3n y transparencia en la contrataci\u00f3n de seguros y fianzas.<\/p>\n\n\n\n<figure class=\"wp-block-image size-large\"><img loading=\"lazy\" decoding=\"async\" width=\"1024\" height=\"731\" src=\"https:\/\/diariodominicano.com\/wp-content\/uploads\/2025\/03\/Superintendencia-de-Seguros-y-Contrataciones-Publicas-acuerdan-fortalecer-supervision-1024x731.jpg\" alt=\"\" class=\"wp-image-600968\" srcset=\"https:\/\/diariodominicano.com\/wp-content\/uploads\/2025\/03\/Superintendencia-de-Seguros-y-Contrataciones-Publicas-acuerdan-fortalecer-supervision-1024x731.jpg 1024w, https:\/\/diariodominicano.com\/wp-content\/uploads\/2025\/03\/Superintendencia-de-Seguros-y-Contrataciones-Publicas-acuerdan-fortalecer-supervision-300x214.jpg 300w, https:\/\/diariodominicano.com\/wp-content\/uploads\/2025\/03\/Superintendencia-de-Seguros-y-Contrataciones-Publicas-acuerdan-fortalecer-supervision-768x549.jpg 768w, https:\/\/diariodominicano.com\/wp-content\/uploads\/2025\/03\/Superintendencia-de-Seguros-y-Contrataciones-Publicas-acuerdan-fortalecer-supervision-1536x1097.jpg 1536w, https:\/\/diariodominicano.com\/wp-content\/uploads\/2025\/03\/Superintendencia-de-Seguros-y-Contrataciones-Publicas-acuerdan-fortalecer-supervision-2048x1463.jpg 2048w, https:\/\/diariodominicano.com\/wp-content\/uploads\/2025\/03\/Superintendencia-de-Seguros-y-Contrataciones-Publicas-acuerdan-fortalecer-supervision-816x583.jpg 816w\" sizes=\"auto, (max-width: 1024px) 100vw, 1024px\" \/><\/figure>\n\n\n\n<p>Dicho convenio, firmado por el superintendente de Seguros, Julio C\u00e9sar Valent\u00edn Jimini\u00e1n, y el director general de Contrataciones P\u00fablicas, Carlos Pimentel, incluye la implementaci\u00f3n de mecanismos conjuntos para mejorar la rendici\u00f3n de cuentas, fomentar la estabilidad financiera y promover el cumplimiento normativo en las operaciones del sector asegurador vinculadas a compras y contrataciones p\u00fablicas.<\/p>\n\n\n\n<p>Ambos funcionarios destacaron la importancia de que dicho acuerdo est\u00e9 acompa\u00f1ado de la firma de una circular conjunta, que permitir\u00e1 orientar y dar seguimiento a aspectos fundamentales de las garant\u00edas en el Sistema Nacional de Compras y Contrataciones P\u00fablicas.<\/p>\n\n\n\n<p>\u201cLa mejor forma de proclamar la transparencia es a trav\u00e9s de la acci\u00f3n. La transparencia, m\u00e1s que un valor y una pr\u00e1ctica de la democracia, debe ser un acto permanente ciudadano y un acto permanente del Estado para maximizar el bienestar colectivo\u201d, resalt\u00f3 Julio C\u00e9sar Valent\u00edn.<\/p>\n\n\n\n<p>Por su parte, Carlos Pimentel asegur\u00f3 que la firma de este acuerdo \u201ces un paso trascendental para el sistema de contrataciones, en la b\u00fasqueda de mayores niveles de transparencia y legalidad\u201d.<\/p>\n\n\n\n<p>Destac\u00f3 la importancia del componente de coordinaci\u00f3n e intercambio de informaci\u00f3n entre ambas entidades, asegurando que estas acciones concretas reducir\u00e1n riesgos de manera significativa, fortalecer\u00e1n la debida diligencia, y brindar\u00e1n legitimidad y confianza en los procesos de contrataciones.<\/p>\n\n\n\n<p>Acciones conjuntas para fortalecer derechos de los ciudadanos<\/p>\n\n\n\n<p>Seg\u00fan expresa el pre\u00e1mbulo del acuerdo, este convenio responde a la necesidad de fortalecer la capacidad de fiscalizaci\u00f3n y la protecci\u00f3n de los derechos de los ciudadanos, tomando en cuenta la creciente complejidad del sector y la necesidad de asegurar un mayor control y eficiencia en los procesos conjuntos.<\/p>\n\n\n\n<p>Para ello, contempla como asignaciones compartidas el intercambio de informaci\u00f3n de forma segura, transparente y en tiempo real; la implementaci\u00f3n de herramientas tecnol\u00f3gicas integradas, que garanticen uniformidad en los procedimientos y promuevan una fiscalizaci\u00f3n m\u00e1s eficiente; as\u00ed como el desarrollo de programas conjuntos de capacitaci\u00f3n para fortalecer las competencias t\u00e9cnicas de sus equipos en diferentes \u00e1reas.<\/p>\n\n\n\n<p>De igual forma, se\u00f1ala el compromiso entre ambas instituciones que se busca promover la transparencia y rendici\u00f3n de cuentas a trav\u00e9s de la elaboraci\u00f3n de reportes peri\u00f3dicos, publicaci\u00f3n de estad\u00edsticas, y mecanismos de comunicaci\u00f3n directa con los ciudadanos.<\/p>\n\n\n\n<p>Con este nuevo acuerdo, la SIS y la DGCP reconocen el papel fundamental del sector de seguros y fianzas en la econom\u00eda nacional, as\u00ed como la importancia de brindar la confianza y el respaldo necesarios en la prevenci\u00f3n de irregularidades para garantizar la estabilidad financiera.<\/p>\n\n\n\n<p>Adem\u00e1s de las m\u00e1ximas autoridades de ambas instituciones, el acto de la firma cont\u00f3 con la participaci\u00f3n del intendente de la Superintendencia de Seguros, Francisco Campos \u00c1lvarez, y directores vinculados al \u00e1rea; as\u00ed como los funcionarios de la DGCP: Mercedes Eusebio, directora de Pol\u00edticas, Normas y Procedimientos; Luisa Lantigua, encargada de Normas y Procedimientos; Rosanny Santos, oficial de Cumplimiento, y Mabel Infante, coordinadora del Despacho.<\/p>\n\n\n\n<p>Jennifer Germosen R.<\/p>\n\n\n\n<p>Enc. De Relaciones P\u00fablicas<\/p>\n\n\n\n<p>Jennifer Germosen Rosario <a href=\"mailto:jgermosen@superseguros.gob.do\">jgermosen@superseguros.gob.do<\/a><\/p>\n","protected":false},"excerpt":{"rendered":"<p>El compromiso contempla mejoras conjuntas en la implementaci\u00f3n de herramientas tecnol\u00f3gicas, intercambio de informaci\u00f3n, capacitaci\u00f3n, rendici\u00f3n de cuentas y comunicaci\u00f3n directa con los ciudadanos. Santo Domingo &#8211; La Superintendencia de Seguros (SIS) y la Direcci\u00f3n General de Contrataciones P\u00fablicas (DGCP) suscribieron un acuerdo de colaboraci\u00f3n interinstitucional, con el prop\u00f3sito de fortalecer los procesos de supervisi\u00f3n, [&hellip;]<\/p>\n","protected":false},"author":7,"featured_media":600969,"comment_status":"closed","ping_status":"closed","sticky":false,"template":"","format":"standard","meta":{"footnotes":""},"categories":[36],"tags":[1897,1413],"class_list":["post-600948","post","type-post","status-publish","format-standard","has-post-thumbnail","hentry","category-hombresmujeresycosas","tag-contrataciones-publicas","tag-superintendencia-de-seguros"],"_links":{"self":[{"href":"https:\/\/diariodominicano.com\/index.php?rest_route=\/wp\/v2\/posts\/600948","targetHints":{"allow":["GET"]}}],"collection":[{"href":"https:\/\/diariodominicano.com\/index.php?rest_route=\/wp\/v2\/posts"}],"about":[{"href":"https:\/\/diariodominicano.com\/index.php?rest_route=\/wp\/v2\/types\/post"}],"author":[{"embeddable":true,"href":"https:\/\/diariodominicano.com\/index.php?rest_route=\/wp\/v2\/users\/7"}],"replies":[{"embeddable":true,"href":"https:\/\/diariodominicano.com\/index.php?rest_route=%2Fwp%2Fv2%2Fcomments&post=600948"}],"version-history":[{"count":1,"href":"https:\/\/diariodominicano.com\/index.php?rest_route=\/wp\/v2\/posts\/600948\/revisions"}],"predecessor-version":[{"id":600970,"href":"https:\/\/diariodominicano.com\/index.php?rest_route=\/wp\/v2\/posts\/600948\/revisions\/600970"}],"wp:featuredmedia":[{"embeddable":true,"href":"https:\/\/diariodominicano.com\/index.php?rest_route=\/wp\/v2\/media\/600969"}],"wp:attachment":[{"href":"https:\/\/diariodominicano.com\/index.php?rest_route=%2Fwp%2Fv2%2Fmedia&parent=600948"}],"wp:term":[{"taxonomy":"category","embeddable":true,"href":"https:\/\/diariodominicano.com\/index.php?rest_route=%2Fwp%2Fv2%2Fcategories&post=600948"},{"taxonomy":"post_tag","embeddable":true,"href":"https:\/\/diariodominicano.com\/index.php?rest_route=%2Fwp%2Fv2%2Ftags&post=600948"}],"curies":[{"name":"wp","href":"https:\/\/api.w.org\/{rel}","templated":true}]}}