{"id":600482,"date":"2025-03-03T21:57:41","date_gmt":"2025-03-04T01:57:41","guid":{"rendered":"https:\/\/diariodominicano.com\/?p=600482"},"modified":"2025-03-04T02:02:20","modified_gmt":"2025-03-04T06:02:20","slug":"director-iad-escucha-inquietudes-de-productores-agricolas-de-montecristi-en-procura-de-soluciones-a-problemas-2","status":"publish","type":"post","link":"https:\/\/diariodominicano.com\/?p=600482","title":{"rendered":"INEFI impacta la educaci\u00f3n f\u00edsica en Cotu\u00ed con remozamiento de canchas, entrega de utiler\u00eda y formaci\u00f3n deportiva"},"content":{"rendered":"\n<p><strong>Cotu\u00ed, RD. \u2013<\/strong>&nbsp;El Instituto Nacional de Educaci\u00f3n F\u00edsica (INEFI) llev\u00f3 una jornada de soluciones y actividades deportivas a distintas escuelas de Cotu\u00ed, provincia S\u00e1nchez Ram\u00edrez, beneficiando a cientos de estudiantes con espacios renovados, entrega de utiler\u00eda y formaci\u00f3n en diversas disciplinas.<\/p>\n\n\n\n<p>Como parte de su compromiso con el desarrollo del deporte escolar, el INEFI remoz\u00f3 las canchas y \u00e1reas deportivas de ocho centros educativos en la regi\u00f3n. Adem\u00e1s, cada instituci\u00f3n recibi\u00f3 utiler\u00eda deportiva para fortalecer la pr\u00e1ctica de m\u00faltiples disciplinas y mejorar la calidad de las clases de educaci\u00f3n f\u00edsica.<\/p>\n\n\n\n<p>La jornada incluy\u00f3 una serie de charlas motivacionales impartidas por atletas de alto rendimiento, inspirando a los estudiantes con sus historias de esfuerzo y superaci\u00f3n. Entre ellos, la medallista panamericana en tenis de mesa, Eva Brito, y el medallista ol\u00edmpico en taekwondo, Luisito Pie, compartieron sus experiencias y consejos con los j\u00f3venes.<\/p>\n\n\n\n<p>Adem\u00e1s, se realizaron cl\u00ednicas deportivas en distintas disciplinas, dirigidas por destacados deportistas nacionales:<\/p>\n\n\n\n<ul class=\"wp-block-list\">\n<li>Karate: Ana Villanueva, leyenda del karate dominicano.<\/li>\n\n\n\n<li>B\u00e1dminton: Bryan Castro.<\/li>\n\n\n\n<li>Balonmano: Cari Luz Dom\u00ednguez.<\/li>\n<\/ul>\n\n\n\n<p>El director ejecutivo del INEFI, Alberto Rodr\u00edguez, resalt\u00f3 la importancia de estas acciones para la formaci\u00f3n integral de los estudiantes: \u00abNo solo estamos mejorando infraestructuras, sino que tambi\u00e9n estamos brindando herramientas para el desarrollo f\u00edsico y mental de nuestros j\u00f3venes. Queremos que cada estudiante tenga la oportunidad de practicar deporte en condiciones \u00f3ptimas y se inspire en los grandes atletas de nuestro pa\u00eds\u201d.<\/p>\n\n\n\n<p>Las actividades del d\u00eda fueron realizadas en la Escuela Domingo Antonio Fabi\u00e1n, de Pueblo Nuevo, Cotu\u00ed, y contaron con la presencia de importantes autoridades locales, entre ellas la gobernadora de la provincia S\u00e1nchez Ram\u00edrez, Cristiana Rodr\u00edguez de Alba; el alcalde de Cotu\u00ed, Jos\u00e9 Eugenio Montilla; y la directora regional 16 de Educaci\u00f3n, Virginia Suriel S\u00e1nchez.<\/p>\n\n\n\n<p>Con estas iniciativas, el INEFI reafirma su compromiso con la promoci\u00f3n del deporte escolar y la creaci\u00f3n de oportunidades para el talento joven de la Rep\u00fablica Dominicana.<\/p>\n\n\n\n<figure class=\"wp-block-image\"><img decoding=\"async\" src=\"blob:https:\/\/diariodominicano.com\/6348b1fb-af7c-4a79-bf93-37722768a09e\" alt=\"\"\/><\/figure>\n","protected":false},"excerpt":{"rendered":"<p>Cotu\u00ed, RD. \u2013&nbsp;El Instituto Nacional de Educaci\u00f3n F\u00edsica (INEFI) llev\u00f3 una jornada de soluciones y actividades deportivas a distintas escuelas de Cotu\u00ed, provincia S\u00e1nchez Ram\u00edrez, beneficiando a cientos de estudiantes con espacios renovados, entrega de utiler\u00eda y formaci\u00f3n en diversas disciplinas. Como parte de su compromiso con el desarrollo del deporte escolar, el INEFI remoz\u00f3 [&hellip;]<\/p>\n","protected":false},"author":7,"featured_media":600580,"comment_status":"closed","ping_status":"closed","sticky":false,"template":"","format":"standard","meta":{"footnotes":""},"categories":[17],"tags":[491],"class_list":["post-600482","post","type-post","status-publish","format-standard","has-post-thumbnail","hentry","category-deportes","tag-inefi"],"_links":{"self":[{"href":"https:\/\/diariodominicano.com\/index.php?rest_route=\/wp\/v2\/posts\/600482","targetHints":{"allow":["GET"]}}],"collection":[{"href":"https:\/\/diariodominicano.com\/index.php?rest_route=\/wp\/v2\/posts"}],"about":[{"href":"https:\/\/diariodominicano.com\/index.php?rest_route=\/wp\/v2\/types\/post"}],"author":[{"embeddable":true,"href":"https:\/\/diariodominicano.com\/index.php?rest_route=\/wp\/v2\/users\/7"}],"replies":[{"embeddable":true,"href":"https:\/\/diariodominicano.com\/index.php?rest_route=%2Fwp%2Fv2%2Fcomments&post=600482"}],"version-history":[{"count":3,"href":"https:\/\/diariodominicano.com\/index.php?rest_route=\/wp\/v2\/posts\/600482\/revisions"}],"predecessor-version":[{"id":600587,"href":"https:\/\/diariodominicano.com\/index.php?rest_route=\/wp\/v2\/posts\/600482\/revisions\/600587"}],"wp:featuredmedia":[{"embeddable":true,"href":"https:\/\/diariodominicano.com\/index.php?rest_route=\/wp\/v2\/media\/600580"}],"wp:attachment":[{"href":"https:\/\/diariodominicano.com\/index.php?rest_route=%2Fwp%2Fv2%2Fmedia&parent=600482"}],"wp:term":[{"taxonomy":"category","embeddable":true,"href":"https:\/\/diariodominicano.com\/index.php?rest_route=%2Fwp%2Fv2%2Fcategories&post=600482"},{"taxonomy":"post_tag","embeddable":true,"href":"https:\/\/diariodominicano.com\/index.php?rest_route=%2Fwp%2Fv2%2Ftags&post=600482"}],"curies":[{"name":"wp","href":"https:\/\/api.w.org\/{rel}","templated":true}]}}