{"id":600360,"date":"2025-03-03T02:50:55","date_gmt":"2025-03-03T06:50:55","guid":{"rendered":"https:\/\/diariodominicano.com\/?p=600360"},"modified":"2025-03-03T02:55:31","modified_gmt":"2025-03-03T06:55:31","slug":"soto-jimenez-ningun-gran-proyecto-nacional-se-ha-podido-realizar-simplemente-con-un-sector","status":"publish","type":"post","link":"https:\/\/diariodominicano.com\/?p=600360","title":{"rendered":"Soto Jim\u00e9nez: \u201cNing\u00fan gran proyecto nacional se ha podido realizar simplemente con un sector\u201d"},"content":{"rendered":"\n<p>General Jos\u00e9 Miguel Soto Jim\u00e9nez<\/p>\n\n\n\n<p><em>Explica que la Independencia fue posible gracias a la uni\u00f3n de liberales y conservadores, as\u00ed como a la estrategia de los l\u00edderes independentistas para consolidar el Estado<\/em><\/p>\n\n\n\n<figure class=\"wp-block-image size-large\"><img loading=\"lazy\" decoding=\"async\" width=\"1024\" height=\"683\" src=\"https:\/\/diariodominicano.com\/wp-content\/uploads\/2025\/03\/3.-De-izq-a-derecha-Adelaida-Martinez-Gral.-Jose-Miguel-Soto-Jimenez-Yarit-Ortiz-y-Rafael-Nunez-1024x683.jpg\" alt=\"\" class=\"wp-image-600364\" srcset=\"https:\/\/diariodominicano.com\/wp-content\/uploads\/2025\/03\/3.-De-izq-a-derecha-Adelaida-Martinez-Gral.-Jose-Miguel-Soto-Jimenez-Yarit-Ortiz-y-Rafael-Nunez-1024x683.jpg 1024w, https:\/\/diariodominicano.com\/wp-content\/uploads\/2025\/03\/3.-De-izq-a-derecha-Adelaida-Martinez-Gral.-Jose-Miguel-Soto-Jimenez-Yarit-Ortiz-y-Rafael-Nunez-300x200.jpg 300w, https:\/\/diariodominicano.com\/wp-content\/uploads\/2025\/03\/3.-De-izq-a-derecha-Adelaida-Martinez-Gral.-Jose-Miguel-Soto-Jimenez-Yarit-Ortiz-y-Rafael-Nunez-768x512.jpg 768w, https:\/\/diariodominicano.com\/wp-content\/uploads\/2025\/03\/3.-De-izq-a-derecha-Adelaida-Martinez-Gral.-Jose-Miguel-Soto-Jimenez-Yarit-Ortiz-y-Rafael-Nunez-1536x1024.jpg 1536w, https:\/\/diariodominicano.com\/wp-content\/uploads\/2025\/03\/3.-De-izq-a-derecha-Adelaida-Martinez-Gral.-Jose-Miguel-Soto-Jimenez-Yarit-Ortiz-y-Rafael-Nunez-2048x1366.jpg 2048w, https:\/\/diariodominicano.com\/wp-content\/uploads\/2025\/03\/3.-De-izq-a-derecha-Adelaida-Martinez-Gral.-Jose-Miguel-Soto-Jimenez-Yarit-Ortiz-y-Rafael-Nunez-816x544.jpg 816w\" sizes=\"auto, (max-width: 1024px) 100vw, 1024px\" \/><\/figure>\n\n\n\n<p>SANTO DOMINGO, RD. \u2013 El general Jos\u00e9 Miguel Soto Jim\u00e9nez afirm\u00f3 que la Independencia dominicana no fue solo obra de Juan Pablo Duarte y los trinitarios, sino el resultado de una alianza entre sectores liberales y conservadores.\u00a0<\/p>\n\n\n\n<p><\/p>\n\n\n\n<p>Explic\u00f3 que, aunque Duarte lider\u00f3 el movimiento separatista, la participaci\u00f3n de figuras como Tom\u00e1s Bobadilla fue determinante para consolidar el nuevo Estado. Bobadilla, quien hab\u00eda ocupado cargos en el gobierno haitiano, termin\u00f3 redactando el manifiesto del 16 de enero de 1844, documento clave en la proclamaci\u00f3n de la independencia.&nbsp;<\/p>\n\n\n\n<figure class=\"wp-block-image size-large\"><img loading=\"lazy\" decoding=\"async\" width=\"1024\" height=\"683\" src=\"https:\/\/diariodominicano.com\/wp-content\/uploads\/2025\/03\/1.-Staff-de-Resenas-junto-al-entrevistado-el-general-Jose-Miguel-Soto-Jimenez-1024x683.jpg\" alt=\"\" class=\"wp-image-600367\" srcset=\"https:\/\/diariodominicano.com\/wp-content\/uploads\/2025\/03\/1.-Staff-de-Resenas-junto-al-entrevistado-el-general-Jose-Miguel-Soto-Jimenez-1024x683.jpg 1024w, https:\/\/diariodominicano.com\/wp-content\/uploads\/2025\/03\/1.-Staff-de-Resenas-junto-al-entrevistado-el-general-Jose-Miguel-Soto-Jimenez-300x200.jpg 300w, https:\/\/diariodominicano.com\/wp-content\/uploads\/2025\/03\/1.-Staff-de-Resenas-junto-al-entrevistado-el-general-Jose-Miguel-Soto-Jimenez-768x512.jpg 768w, https:\/\/diariodominicano.com\/wp-content\/uploads\/2025\/03\/1.-Staff-de-Resenas-junto-al-entrevistado-el-general-Jose-Miguel-Soto-Jimenez-1536x1024.jpg 1536w, https:\/\/diariodominicano.com\/wp-content\/uploads\/2025\/03\/1.-Staff-de-Resenas-junto-al-entrevistado-el-general-Jose-Miguel-Soto-Jimenez-2048x1366.jpg 2048w, https:\/\/diariodominicano.com\/wp-content\/uploads\/2025\/03\/1.-Staff-de-Resenas-junto-al-entrevistado-el-general-Jose-Miguel-Soto-Jimenez-816x544.jpg 816w\" sizes=\"auto, (max-width: 1024px) 100vw, 1024px\" \/><\/figure>\n\n\n\n<p>Durante la entrevista realizada en \u00abRese\u00f1as, el Podcast\u00bb, de la plataforma El Nuevo Diario, conducido por los periodistas Rafael N\u00fa\u00f1ez, Adelaida Mart\u00ednez y Yarit Ortiz, Soto Jim\u00e9nez detall\u00f3 que la proclamaci\u00f3n independentista comenz\u00f3 en la Puerta de la Misericordia, donde Ram\u00f3n Mat\u00edas Mella dispar\u00f3 el primer trabucazo.&nbsp;<\/p>\n\n\n\n<p>Se\u00f1al\u00f3 que el plan original era reunir a los patriotas a las 10:00 de la noche, pero la tardanza de algunos convocados puso en riesgo la acci\u00f3n.&nbsp;<\/p>\n\n\n\n<p>\u201cDe ah\u00ed es que pasa el famoso trabucazo, para hacer lo que hizo Hern\u00e1n Cort\u00e9s, para quemar las naves, o sea, para que no se me vayan m\u00e1s\u201d, sostuvo el general, explicando que este disparo sirvi\u00f3 como se\u00f1al para movilizar a los patriotas y asegurar el inicio de la insurrecci\u00f3n.&nbsp;<\/p>\n\n\n\n<p>Soto Jim\u00e9nez tambi\u00e9n abord\u00f3 la independencia ef\u00edmera de 1821, encabezada por Jos\u00e9 N\u00fa\u00f1ez de C\u00e1ceres. Explic\u00f3 que este movimiento no solo buscaba la soberan\u00eda del pa\u00eds, sino tambi\u00e9n su anexi\u00f3n a la Gran Colombia.&nbsp;<\/p>\n\n\n\n<p>\u201cEl prop\u00f3sito de ellos no pod\u00eda ser el que nosotros aspiramos porque ellos lo que quer\u00edan, como criollos, mejores condiciones en todos los sentidos por los espa\u00f1oles, por la metr\u00f3poli\u201d, explic\u00f3.&nbsp;<\/p>\n\n\n\n<p>Asimismo, resalt\u00f3 el papel de Mar\u00eda Trinidad S\u00e1nchez en la conspiraci\u00f3n independentista, destacando que su compromiso con la causa la llev\u00f3 a ser fusilada un a\u00f1o despu\u00e9s de la proclamaci\u00f3n.&nbsp;<\/p>\n\n\n\n<p>\u201cMar\u00eda Trinidad S\u00e1nchez no era simplemente la t\u00eda de Francisco del Rosario S\u00e1nchez. Era una mujer militante, comprometida pol\u00edticamente\u201d, enfatiz\u00f3.&nbsp;<\/p>\n\n\n\n<p>El general explic\u00f3 que Duarte no dej\u00f3 nada al azar y viaj\u00f3 al Cibao para garantizar el respaldo de Pedro Santana y su familia, quienes ten\u00edan poder militar y econ\u00f3mico en la regi\u00f3n.&nbsp;<\/p>\n\n\n\n<p>A\u00f1adi\u00f3 que la independencia no se logr\u00f3 \u00fanicamente por el esfuerzo de un grupo, sino que fue necesaria la uni\u00f3n de diversos sectores con intereses distintos para alcanzar un objetivo com\u00fan.&nbsp;<\/p>\n\n\n\n<p>\u201cNing\u00fan gran proyecto nacional, se ha podido realizar simplemente con un sector, tiene que ser la uni\u00f3n de todos los sectores\u201d, puntualiz\u00f3.&nbsp;<\/p>\n\n\n\n<figure class=\"wp-block-image size-large\"><img loading=\"lazy\" decoding=\"async\" width=\"1024\" height=\"832\" src=\"https:\/\/diariodominicano.com\/wp-content\/uploads\/2025\/03\/4.-Gral.-JOse-Miguel-Soto-Jimenez-1024x832.jpg\" alt=\"\" class=\"wp-image-600368\" srcset=\"https:\/\/diariodominicano.com\/wp-content\/uploads\/2025\/03\/4.-Gral.-JOse-Miguel-Soto-Jimenez-1024x832.jpg 1024w, https:\/\/diariodominicano.com\/wp-content\/uploads\/2025\/03\/4.-Gral.-JOse-Miguel-Soto-Jimenez-300x244.jpg 300w, https:\/\/diariodominicano.com\/wp-content\/uploads\/2025\/03\/4.-Gral.-JOse-Miguel-Soto-Jimenez-768x624.jpg 768w, https:\/\/diariodominicano.com\/wp-content\/uploads\/2025\/03\/4.-Gral.-JOse-Miguel-Soto-Jimenez-1536x1248.jpg 1536w, https:\/\/diariodominicano.com\/wp-content\/uploads\/2025\/03\/4.-Gral.-JOse-Miguel-Soto-Jimenez-2048x1664.jpg 2048w, https:\/\/diariodominicano.com\/wp-content\/uploads\/2025\/03\/4.-Gral.-JOse-Miguel-Soto-Jimenez-816x663.jpg 816w\" sizes=\"auto, (max-width: 1024px) 100vw, 1024px\" \/><\/figure>\n\n\n\n<p>Soto Jim\u00e9nez asegur\u00f3 que estos hechos permiten comprender con mayor profundidad la independencia dominicana y el proceso que llev\u00f3 a la formaci\u00f3n del Estado.<\/p>\n\n\n\n<p>Adelaida Martinez R.<\/p>\n\n\n\n<p>Adelaida Martinez R. (De tus contactos de Google)<\/p>\n\n\n\n<p><a target=\"_blank\" href=\"mailto:adelaida302007@gmail.com\" rel=\"noreferrer noopener\">adelaida302007@gmail.com<\/a><\/p>\n","protected":false},"excerpt":{"rendered":"<p>General Jos\u00e9 Miguel Soto Jim\u00e9nez Explica que la Independencia fue posible gracias a la uni\u00f3n de liberales y conservadores, as\u00ed como a la estrategia de los l\u00edderes independentistas para consolidar el Estado SANTO DOMINGO, RD. \u2013 El general Jos\u00e9 Miguel Soto Jim\u00e9nez afirm\u00f3 que la Independencia dominicana no fue solo obra de Juan Pablo Duarte [&hellip;]<\/p>\n","protected":false},"author":2,"featured_media":600362,"comment_status":"closed","ping_status":"closed","sticky":false,"template":"","format":"standard","meta":{"footnotes":""},"categories":[36,26,22],"tags":[],"class_list":["post-600360","post","type-post","status-publish","format-standard","has-post-thumbnail","hentry","category-hombresmujeresycosas","category-efemerides","category-politica"],"_links":{"self":[{"href":"https:\/\/diariodominicano.com\/index.php?rest_route=\/wp\/v2\/posts\/600360","targetHints":{"allow":["GET"]}}],"collection":[{"href":"https:\/\/diariodominicano.com\/index.php?rest_route=\/wp\/v2\/posts"}],"about":[{"href":"https:\/\/diariodominicano.com\/index.php?rest_route=\/wp\/v2\/types\/post"}],"author":[{"embeddable":true,"href":"https:\/\/diariodominicano.com\/index.php?rest_route=\/wp\/v2\/users\/2"}],"replies":[{"embeddable":true,"href":"https:\/\/diariodominicano.com\/index.php?rest_route=%2Fwp%2Fv2%2Fcomments&post=600360"}],"version-history":[{"count":3,"href":"https:\/\/diariodominicano.com\/index.php?rest_route=\/wp\/v2\/posts\/600360\/revisions"}],"predecessor-version":[{"id":600370,"href":"https:\/\/diariodominicano.com\/index.php?rest_route=\/wp\/v2\/posts\/600360\/revisions\/600370"}],"wp:featuredmedia":[{"embeddable":true,"href":"https:\/\/diariodominicano.com\/index.php?rest_route=\/wp\/v2\/media\/600362"}],"wp:attachment":[{"href":"https:\/\/diariodominicano.com\/index.php?rest_route=%2Fwp%2Fv2%2Fmedia&parent=600360"}],"wp:term":[{"taxonomy":"category","embeddable":true,"href":"https:\/\/diariodominicano.com\/index.php?rest_route=%2Fwp%2Fv2%2Fcategories&post=600360"},{"taxonomy":"post_tag","embeddable":true,"href":"https:\/\/diariodominicano.com\/index.php?rest_route=%2Fwp%2Fv2%2Ftags&post=600360"}],"curies":[{"name":"wp","href":"https:\/\/api.w.org\/{rel}","templated":true}]}}