{"id":600181,"date":"2025-03-02T02:11:32","date_gmt":"2025-03-02T06:11:32","guid":{"rendered":"https:\/\/diariodominicano.com\/?p=600181"},"modified":"2025-03-02T02:11:37","modified_gmt":"2025-03-02T06:11:37","slug":"victoria-de-adwa-simbolo-de-la-resistencia-de-africa","status":"publish","type":"post","link":"https:\/\/diariodominicano.com\/?p=600181","title":{"rendered":"Victoria de Adwa, s\u00edmbolo de la resistencia de \u00c1frica"},"content":{"rendered":"\n<p>Addis Abeba, 2 mar (Prensa Latina) El legado de la victoria de Adwa, conmemorado hoy en Etiop\u00eda con motivo de su aniversario 129, sigue siendo poderoso porque simboliza la resistencia y el triunfo africanos, afirm\u00f3 el profesor Hakim Adi, experto en historia de \u00c1frica.<\/p>\n\n\n\n<ul class=\"wp-block-list\">\n<li><a href=\"https:\/\/www.prensa-latina.cu\/2025\/03\/02\/\"><time>marzo 2, 2025 | 00:16<\/time><\/a><\/li>\n<\/ul>\n\n\n\n<ul class=\"wp-block-list\">\n<li><a href=\"https:\/\/www.prensa-latina.cu\/2025\/03\/02\/victoria-de-adwa-simbolo-de-la-resistencia-de-africa\/#\"><\/a><\/li>\n\n\n\n<li><a href=\"https:\/\/www.prensa-latina.cu\/2025\/03\/02\/victoria-de-adwa-simbolo-de-la-resistencia-de-africa\/#\"><\/a><\/li>\n\n\n\n<li><a href=\"https:\/\/www.prensa-latina.cu\/2025\/03\/02\/victoria-de-adwa-simbolo-de-la-resistencia-de-africa\/#\"><\/a><\/li>\n\n\n\n<li><a href=\"https:\/\/www.prensa-latina.cu\/2025\/03\/02\/victoria-de-adwa-simbolo-de-la-resistencia-de-africa\/#\"><\/a><\/li>\n<\/ul>\n\n\n\n<p>En declaraciones a la Ethiopia News Agency, Adi, radicado en Reino Unido, calific\u00f3 de momento significativo en la historia del continente esa contienda de 1896. Etiop\u00eda triunf\u00f3 sobre Italia, lo que represent\u00f3 la primera derrota sustancial de una potencia europea a manos de tropas africanas durante el per\u00edodo colonial.<\/p>\n\n\n\n<p>Record\u00f3 que ocurri\u00f3 durante un per\u00edodo en el que las potencias imperiales europeas compet\u00edan agresivamente por el control del continente africano. Su legado, agreg\u00f3, contin\u00faa inspirando movimientos globales por la soberan\u00eda y la independencia.<\/p>\n\n\n\n<p>\u201cLa batalla de Adwa sigue siendo poderosa porque representa la victoria africana. Demuestra que los africanos pueden defender su soberan\u00eda, su independencia, que, si luchamos, entonces nuestros enemigos pueden ser derrotados\u201d, subray\u00f3. Precis\u00f3 que no es casualidad que Etiop\u00eda se convirtiera en la naci\u00f3n anfitriona de la Organizaci\u00f3n de la Unidad Africana (OUA) en 1963 y siga siendo hoy la sede de la Uni\u00f3n Africana (UA).<\/p>\n\n\n\n<p>\u201cLo que lo hizo especialmente significativo fue que una Etiop\u00eda unida pudo derrotar militarmente al ej\u00e9rcito de Italia. Como resultado, Italia se vio obligada a reconocer la soberan\u00eda de Etiop\u00eda\u201d, se\u00f1al\u00f3.<\/p>\n\n\n\n<p>Esta victoria, asever\u00f3 el experto, fue una incre\u00edble fuente de inspiraci\u00f3n para otros africanos que resistieron el dominio colonial, as\u00ed como para los pueblos de ascendencia africana en todo el mundo, incluidos Am\u00e9rica del Sur y el Caribe.<\/p>\n\n\n\n<p>Adem\u00e1s, explic\u00f3 que la batalla de Adwa hizo a\u00f1icos el mito de la supremac\u00eda blanca o europea. Demostr\u00f3 que una fuerza africana unida y organizada podr\u00eda vencer al poder imperialista, un mensaje que contin\u00faa resonando entre los africanos y los afrodescendientes en todo el mundo, afirm\u00f3.<\/p>\n\n\n\n<p>Consider\u00f3 que, incluso hoy, \u00c1frica sigue siendo un continente objetivo de las potencias mundiales, pero esa contienda es un recordatorio de que sus habitantes, cuando est\u00e1n unidos, pueden resistir el control externo y asegurar sus intereses.<\/p>\n\n\n\n<p>\u201cLa victoria en Adwa demostr\u00f3 muchas cosas. No fue s\u00f3lo un triunfo militar; Tambi\u00e9n fue una victoria pol\u00edtica y diplom\u00e1tica. Esto demuestra la importancia de modernizar un pa\u00eds y asegurar que su econom\u00eda estuviera lo m\u00e1s desarrollada posible para ese momento\u201d, a\u00f1adi\u00f3.<\/p>\n\n\n\n<p>Antes de concluir, enfatiz\u00f3 que las naciones africanas deben ser fuertes, unidas y econ\u00f3micamente desarrolladas para proteger su independencia y soberan\u00eda.<\/p>\n\n\n\n<p>mem\/nmr<\/p>\n\n\n\n<ul class=\"wp-block-list\">\n<li>#<a href=\"https:\/\/www.prensa-latina.cu\/etiqueta\/soberania-africa\/\">soberan\u00eda \u00c1frica<\/a>\u00a0#<a href=\"https:\/\/www.prensa-latina.cu\/etiqueta\/triunfo-colonialismo\/\">triunfo colonialismo<\/a><\/li>\n<\/ul>\n","protected":false},"excerpt":{"rendered":"<p>Addis Abeba, 2 mar (Prensa Latina) El legado de la victoria de Adwa, conmemorado hoy en Etiop\u00eda con motivo de su aniversario 129, sigue siendo poderoso porque simboliza la resistencia y el triunfo africanos, afirm\u00f3 el profesor Hakim Adi, experto en historia de \u00c1frica. En declaraciones a la Ethiopia News Agency, Adi, radicado en Reino [&hellip;]<\/p>\n","protected":false},"author":2,"featured_media":600182,"comment_status":"closed","ping_status":"closed","sticky":false,"template":"","format":"standard","meta":{"footnotes":""},"categories":[26,23],"tags":[],"class_list":["post-600181","post","type-post","status-publish","format-standard","has-post-thumbnail","hentry","category-efemerides","category-internacional"],"_links":{"self":[{"href":"https:\/\/diariodominicano.com\/index.php?rest_route=\/wp\/v2\/posts\/600181","targetHints":{"allow":["GET"]}}],"collection":[{"href":"https:\/\/diariodominicano.com\/index.php?rest_route=\/wp\/v2\/posts"}],"about":[{"href":"https:\/\/diariodominicano.com\/index.php?rest_route=\/wp\/v2\/types\/post"}],"author":[{"embeddable":true,"href":"https:\/\/diariodominicano.com\/index.php?rest_route=\/wp\/v2\/users\/2"}],"replies":[{"embeddable":true,"href":"https:\/\/diariodominicano.com\/index.php?rest_route=%2Fwp%2Fv2%2Fcomments&post=600181"}],"version-history":[{"count":1,"href":"https:\/\/diariodominicano.com\/index.php?rest_route=\/wp\/v2\/posts\/600181\/revisions"}],"predecessor-version":[{"id":600183,"href":"https:\/\/diariodominicano.com\/index.php?rest_route=\/wp\/v2\/posts\/600181\/revisions\/600183"}],"wp:featuredmedia":[{"embeddable":true,"href":"https:\/\/diariodominicano.com\/index.php?rest_route=\/wp\/v2\/media\/600182"}],"wp:attachment":[{"href":"https:\/\/diariodominicano.com\/index.php?rest_route=%2Fwp%2Fv2%2Fmedia&parent=600181"}],"wp:term":[{"taxonomy":"category","embeddable":true,"href":"https:\/\/diariodominicano.com\/index.php?rest_route=%2Fwp%2Fv2%2Fcategories&post=600181"},{"taxonomy":"post_tag","embeddable":true,"href":"https:\/\/diariodominicano.com\/index.php?rest_route=%2Fwp%2Fv2%2Ftags&post=600181"}],"curies":[{"name":"wp","href":"https:\/\/api.w.org\/{rel}","templated":true}]}}