{"id":599989,"date":"2025-03-01T10:23:18","date_gmt":"2025-03-01T14:23:18","guid":{"rendered":"https:\/\/diariodominicano.com\/?p=599989"},"modified":"2025-03-01T10:29:09","modified_gmt":"2025-03-01T14:29:09","slug":"181-anos-de-la-independencia-dominicana","status":"publish","type":"post","link":"https:\/\/diariodominicano.com\/?p=599989","title":{"rendered":"181 A\u00f1os De La Independencia Dominicana"},"content":{"rendered":"\n<p>Por Te\u00f3filo Lappot Robles <\/p>\n\n\n\n<p>M\u00e1s all\u00e1 de disquisiciones sobre si llamarle separaci\u00f3n o independencia, la verdad monda y lironda fue que en la noche del 27 de febrero de 1844, luego del hist\u00f3rico trabucazo del patriota Mella en la Puerta de la Misericordia y los inmediatos hechos sucedidos en la Puerta del Conde&nbsp; (antes llamada tambi\u00e9n Puerta Grande y luego Basti\u00f3n Mella) comenz\u00f3 a concretizarse un proceso de alcance nacional que desde ese instante oficializ\u00f3 la nacionalidad dominicana ante la faz de la tierra.<\/p>\n\n\n\n<figure class=\"wp-block-image size-large\"><img loading=\"lazy\" decoding=\"async\" width=\"1024\" height=\"526\" src=\"https:\/\/diariodominicano.com\/wp-content\/uploads\/2021\/02\/Independencia-Dominicana-21-1024x526.jpg\" alt=\"\" class=\"wp-image-265505\" srcset=\"https:\/\/diariodominicano.com\/wp-content\/uploads\/2021\/02\/Independencia-Dominicana-21-1024x526.jpg 1024w, https:\/\/diariodominicano.com\/wp-content\/uploads\/2021\/02\/Independencia-Dominicana-21-300x154.jpg 300w, https:\/\/diariodominicano.com\/wp-content\/uploads\/2021\/02\/Independencia-Dominicana-21-768x395.jpg 768w, https:\/\/diariodominicano.com\/wp-content\/uploads\/2021\/02\/Independencia-Dominicana-21-1536x789.jpg 1536w, https:\/\/diariodominicano.com\/wp-content\/uploads\/2021\/02\/Independencia-Dominicana-21-2048x1052.jpg 2048w, https:\/\/diariodominicano.com\/wp-content\/uploads\/2021\/02\/Independencia-Dominicana-21-816x419.jpg 816w\" sizes=\"auto, (max-width: 1024px) 100vw, 1024px\" \/><\/figure>\n\n\n\n<p>Eran momentos en que el pueblo dominicano estaba viviendo una suerte de \u201cesp\u00edritu de la \u00e9poca\u201d y que mentes pensantes de entonces bascularon para darle forma a ese particular estado emocional colectivo encaminado a lograr su libertad. Tal vez ya se conoc\u00edan en el pa\u00eds los an\u00e1lisis que en el 1769 hab\u00eda hecho el fil\u00f3sofo Herder sobre el \u201cZeitgeist\u201d de los alemanes.&nbsp;<\/p>\n\n\n\n<p>Al cumplirse 181 a\u00f1os de la Independencia Nacional es m\u00e1s que oportuno recordar reflexiones y acciones de Juan Pablo Duarte, el dominicano que venci\u00f3 obst\u00e1culos y no se detuvo ante sacrificios personales y familiares para lograr la libertad que desde hac\u00eda d\u00e9cadas estaba latente en el pueblo.&nbsp;<\/p>\n\n\n\n<p>Juan Pablo Duarte, despu\u00e9s de cinco a\u00f1os de una intensa labor de reclutamiento de j\u00f3venes deseosos de tener una patria libre, convoc\u00f3 en una primera fase a 8 de ellos para que fueran parte de la historia, inst\u00e1ndolos a firmar el juramento sobre el cual transit\u00f3 el proyecto de liberaci\u00f3n nacional, a trav\u00e9s de la Sociedad La Trinitaria.<\/p>\n\n\n\n<p>Cada trinitario asumi\u00f3 la obligaci\u00f3n de cooperar con su persona, vida y bienes para \u201cimplantar una Rep\u00fablica libre e independiente de toda dominaci\u00f3n extranjera que se denominar\u00e1 Rep\u00fablica Dominicana\u2026\u201d<\/p>\n\n\n\n<p>La historia documental y oral ha recogido que ese compromiso era tan completo en sus proyecciones que llev\u00f3 a su propio ide\u00f3logo a decirles a sus compa\u00f1eros de lucha: \u201cno es prudente escribir plan, por ahora basta el Juramento\u201d.&nbsp;<\/p>\n\n\n\n<p>Esa entidad patri\u00f3tica se fund\u00f3 el 16 de julio de 1838, frente a la peque\u00f1a y vetusta iglesia Nuestra Se\u00f1ora del Carmen, que ese d\u00eda hab\u00eda incrementado el peregrinaje por figurar en el santoral cat\u00f3lico dedicado a esa santa. Fue en la casa de do\u00f1a Chepita P\u00e9rez, madre del joven Juan Isidro P\u00e9rez, el fiel duartiano conocido en las p\u00e1ginas de nuestra historia como \u201cel loco ilustre\u201d.<\/p>\n\n\n\n<p>All\u00ed los j\u00f3venes trinitarios juraron ofrendar sus vidas, si fuera necesario, en aras de la libertad del pueblo dominicano.&nbsp; Ha habido controversias a trav\u00e9s del tiempo, pero tal y como se\u00f1al\u00f3 oportunamente el historiador Emiliano Tejera Penson: \u201c\u2026respira decisi\u00f3n y profundo amor c\u00edvico el juramento de los trinitarios, ideado por Duarte y firmado con sangre\u2026todos firmaron con su sangre el juramento de morir o hacer libre la tierra de sus antepasados.\u201d (Monumento a Duarte. Primera publicaci\u00f3n 1894. ETP).<\/p>\n\n\n\n<p>El proyecto redentor de Duarte y sus seguidores germin\u00f3 en la poblaci\u00f3n. Un fecundo historiador lo escribi\u00f3 as\u00ed: \u201cLos trinitarios\u2026emprenden sin tardanza sus patri\u00f3ticas faenas. Sus adeptos van aumentando d\u00eda por d\u00eda, y el anhelo de libertad, simiente regada por todo el pa\u00eds, es como un vasto y silencioso incendio que inflama el coraz\u00f3n de los dominicanos y que los prepara a la heroica jornada\u201d. (La Trinitaria. Apuntes y documentos para su estudio. Cl\u00edo No.86. Enero 1950.P6. Emilio Rodr\u00edguez Demorizi).<\/p>\n\n\n\n<p>Nueve fueron los trinitarios fundadores, quienes representaban en ese momento hist\u00f3rico la dignidad del pueblo dominicano: Juan Pablo Duarte, Juan Isidro P\u00e9rez, Juan Nepomuceno Ravelo, F\u00e9lix Ruiz, Benito Gonz\u00e1lez, Jacinto de la Concha, Pedro Pina, Felipe Alfau y Jos\u00e9 Mar\u00eda Serra.<\/p>\n\n\n\n<p>El discernimiento de esos nueve dominicanos, al emprender tan colosal labor, estaba abonado por sus vivencias cotidianas en medio de un pueblo que desde hac\u00eda mucho tiempo ya ten\u00eda conciencia de los atributos de su propia idiosincrasia y cuyo culmen no pod\u00eda ser otro que obtener su libertad. Esa motivaci\u00f3n central fue lo que los impuls\u00f3 para obligarse frente al destino de La Trinitaria a \u201creconstruirla, mientras exista uno, hasta cumplir el voto que hacemos de redimir la Patria del poder de los haitianos\u201d.<\/p>\n\n\n\n<p>Ten\u00edan de frente a la infernal maquinaria militar de los ocupantes, pero tambi\u00e9n a pocos pero poderosos dominicanos: \u201c\u2026que pertenec\u00edan al elemento conservador, quienes no teniendo fe en los futuros destinos del pa\u00eds, miraron como una locura el proyecto de Duarte y se negaron a prestarle ayuda.\u201d (Jos\u00e9 Gabriel Garc\u00eda. Obras completas.Vol.4P.317.Impresora Amigo del Hogar, 2016).&nbsp;<\/p>\n\n\n\n<p>Cada uno de los trinitarios fundadores (como forma de protecci\u00f3n ante los que se opon\u00edan a sus nobles prop\u00f3sitos, y que pronto desataron una feroz persecuci\u00f3n en su contra) se asign\u00f3 un nombre en clave. En nuestro recuento hist\u00f3rico s\u00f3lo se conocen los de cuatro de ellos: Duarte era Ar\u00edstides, como el gran estadista ateniense, llamado el Justo, protagonista de la batalla de Marat\u00f3n, que en la primera guerra m\u00e9dica fren\u00f3 la invasi\u00f3n del rey persa Dar\u00edo I a Grecia.&nbsp;<\/p>\n\n\n\n<p>Ravelo era conocido como Tem\u00edstocles, recordando al h\u00e1bil pol\u00edtico y general ateniense, h\u00e9roe de la hist\u00f3rica batalla de Salamina, calificado como un genio de la estrategia naval. Salv\u00f3 a su pueblo ordenando construir doscientas embarcaciones (llamadas trirreme) para combatir los constantes asedios de sus enemigos.<\/p>\n\n\n\n<p>As\u00ed tambi\u00e9n ha trascendido a las brumas del tiempo que Benito Gonz\u00e1lez qued\u00f3 identificado como Leonidas, probablemente en honra al rey de Esparta que cay\u00f3 defendiendo las Term\u00f3pilas, en la embestida del ej\u00e9rcito persa, en la segunda guerra m\u00e9dica. Alfau era de cara al p\u00fablico Sim\u00f3n, tal vez por el famoso cananeo que fue obispo de Jerusal\u00e9n y cuyo destino final ha sido narrado de manera diferente en cada leyenda tejida en torno a \u00e9l.<\/p>\n\n\n\n<p>El firme compromiso de Duarte en defensa de la libertad del pueblo dominicano se resume en esta frase suya: \u201cNuestra Patria ha de ser libre e independiente de toda potencia extranjera o se hunde la isla\u201d.<\/p>\n","protected":false},"excerpt":{"rendered":"<p>Por Te\u00f3filo Lappot Robles M\u00e1s all\u00e1 de disquisiciones sobre si llamarle separaci\u00f3n o independencia, la verdad monda y lironda fue que en la noche del 27 de febrero de 1844, luego del hist\u00f3rico trabucazo del patriota Mella en la Puerta de la Misericordia y los inmediatos hechos sucedidos en la Puerta del Conde&nbsp; (antes llamada [&hellip;]<\/p>\n","protected":false},"author":7,"featured_media":525185,"comment_status":"closed","ping_status":"closed","sticky":true,"template":"","format":"standard","meta":{"footnotes":""},"categories":[21,27],"tags":[177],"class_list":["post-599989","post","type-post","status-publish","format-standard","has-post-thumbnail","hentry","category-cultura","category-portada","tag-teofilo-lappot-robles"],"_links":{"self":[{"href":"https:\/\/diariodominicano.com\/index.php?rest_route=\/wp\/v2\/posts\/599989","targetHints":{"allow":["GET"]}}],"collection":[{"href":"https:\/\/diariodominicano.com\/index.php?rest_route=\/wp\/v2\/posts"}],"about":[{"href":"https:\/\/diariodominicano.com\/index.php?rest_route=\/wp\/v2\/types\/post"}],"author":[{"embeddable":true,"href":"https:\/\/diariodominicano.com\/index.php?rest_route=\/wp\/v2\/users\/7"}],"replies":[{"embeddable":true,"href":"https:\/\/diariodominicano.com\/index.php?rest_route=%2Fwp%2Fv2%2Fcomments&post=599989"}],"version-history":[{"count":3,"href":"https:\/\/diariodominicano.com\/index.php?rest_route=\/wp\/v2\/posts\/599989\/revisions"}],"predecessor-version":[{"id":600002,"href":"https:\/\/diariodominicano.com\/index.php?rest_route=\/wp\/v2\/posts\/599989\/revisions\/600002"}],"wp:featuredmedia":[{"embeddable":true,"href":"https:\/\/diariodominicano.com\/index.php?rest_route=\/wp\/v2\/media\/525185"}],"wp:attachment":[{"href":"https:\/\/diariodominicano.com\/index.php?rest_route=%2Fwp%2Fv2%2Fmedia&parent=599989"}],"wp:term":[{"taxonomy":"category","embeddable":true,"href":"https:\/\/diariodominicano.com\/index.php?rest_route=%2Fwp%2Fv2%2Fcategories&post=599989"},{"taxonomy":"post_tag","embeddable":true,"href":"https:\/\/diariodominicano.com\/index.php?rest_route=%2Fwp%2Fv2%2Ftags&post=599989"}],"curies":[{"name":"wp","href":"https:\/\/api.w.org\/{rel}","templated":true}]}}