{"id":599836,"date":"2025-02-28T16:24:52","date_gmt":"2025-02-28T20:24:52","guid":{"rendered":"https:\/\/diariodominicano.com\/?p=599836"},"modified":"2025-02-28T16:25:03","modified_gmt":"2025-02-28T20:25:03","slug":"en-quinta-rendicion-de-cuentas-abinader-destaca-logros-de-superate","status":"publish","type":"post","link":"https:\/\/diariodominicano.com\/?p=599836","title":{"rendered":"En quinta rendici\u00f3n de cuentas, Abinader destaca logros de Sup\u00e9rate"},"content":{"rendered":"\n<p><em>Entre los logros de la instituci\u00f3n cit\u00f3 el \u201cFondo Discapacidad\u201d, un apoyo econ\u00f3mico para hogares con uno o m\u00e1s miembros con discapacidad severa.<\/em><\/p>\n\n\n\n<p><strong>Santo Domingo, 27 de febrero, 2025.-<\/strong>&nbsp;El presidente Luis Abinader destac\u00f3, durante su quinta rendici\u00f3n de cuentas, los logros de Sup\u00e9rate, a trav\u00e9s de los programas sociales que ejecuta para la protecci\u00f3n y apoyo a la poblaci\u00f3n m\u00e1s vulnerable de Rep\u00fablica Dominicana.<\/p>\n\n\n\n<figure class=\"wp-block-image\"><img decoding=\"async\" src=\"https:\/\/diariodominicano.com\/wp-content\/uploads\/2025\/02\/Presidente-Luis-Abinader-en-quinta-rendicion-de-cuentas-ante-la-Asamblea-Nacional-1024x683.jpeg\" alt=\"\"\/><\/figure>\n\n\n\n<p>En la Asamblea Nacional, ante invitados nacionales e internacionales, el presidente Abinader afirm\u00f3 que durante el a\u00f1o 2024 el programa Sup\u00e9rate consolid\u00f3 su impacto a trav\u00e9s de la implementaci\u00f3n de acciones claves orientadas a reducir la pobreza y promover la inclusi\u00f3n social en la Rep\u00fablica Dominicana.<\/p>\n\n\n\n<p>\u201cCon una inversi\u00f3n de RD$29,679 millones de pesos, Sup\u00e9rate entreg\u00f3 el bono Alim\u00e9ntate a m\u00e1s de un &nbsp;mill\u00f3n y medio de familias a nivel nacional, asegurando su acceso a alimentos de la canasta b\u00e1sica\u201d, resalt\u00f3.<\/p>\n\n\n\n<p>Asimismo, el presidente Abinader hizo \u00e9nfasis en que durante el a\u00f1o 2024, la instituci\u00f3n que es el principal brazo social del gobierno, brind\u00f3 soporte econ\u00f3mico a m\u00e1s de 6,800 familias, con miembros entre 0 y 17 a\u00f1os en situaci\u00f3n de discapacidad severa.<\/p>\n\n\n\n<p>\u201cEstos hogares recibieron apoyo econ\u00f3mico de 6,000 pesos, a trav\u00e9s del \u201cFondo Discapacidad\u201d que arranc\u00f3 en 2024 con una inversi\u00f3n total de RD$369 millones de pesos. Este es un hito en el reconocimiento de una poblaci\u00f3n tradicionalmente olvidada\u201d, indic\u00f3.<\/p>\n\n\n\n<p>Otros logros de Sup\u00e9rate citados por el primer mandatario son la distribuci\u00f3n de RD$7,500 millones de pesos, a m\u00e1s de un mill\u00f3n 300 mil familias a trav\u00e9s del Bonog\u00e1s Hogar en todo el territorio nacional. As\u00ed como el Bono Luz, que fue entregada a m\u00e1s de 500 mil familias en todo el territorio nacional.<\/p>\n\n\n\n<p>Este 27 de febrero, cuando la Rep\u00fablica Dominicana celebra el 181 aniversario de su Independencia, el presidente Luis Abinader apunt\u00f3 que la protecci\u00f3n social junto a otros factores \u201cnos permite seguir avanzando con paso firme en uno de los objetivos irrenunciables de este gobierno: reducir la pobreza general a los niveles m\u00e1s bajos de la regi\u00f3n y erradicar la pobreza extrema\u201d.<\/p>\n\n\n\n<p>En ese sentido, la directora general de Sup\u00e9rate, Gloria Reyes, reiter\u00f3 que Sup\u00e9rate es una estrategia integral que busca apoyar en materia econ\u00f3mica a trav\u00e9s de subsidios para que la gente aprenda a salir de la pobreza.<\/p>\n\n\n\n<p>\u201cLo que busca el gobierno de Luis Abinader, y nosotros como principal brazo social gubernamental, es no solamente dar el pescado a las personas, sino tambi\u00e9n darles las herramientas para que aprendan a pescar y para que aprendan a comercializar ese pescado. Trabajamos para que sea un c\u00edrculo completo de acompa\u00f1amiento.<\/p>\n\n\n\n<p>&#8212;<strong>Prensa Sup\u00e9rate<\/strong><\/p>\n","protected":false},"excerpt":{"rendered":"<p>Entre los logros de la instituci\u00f3n cit\u00f3 el \u201cFondo Discapacidad\u201d, un apoyo econ\u00f3mico para hogares con uno o m\u00e1s miembros con discapacidad severa. Santo Domingo, 27 de febrero, 2025.-&nbsp;El presidente Luis Abinader destac\u00f3, durante su quinta rendici\u00f3n de cuentas, los logros de Sup\u00e9rate, a trav\u00e9s de los programas sociales que ejecuta para la protecci\u00f3n y [&hellip;]<\/p>\n","protected":false},"author":7,"featured_media":599850,"comment_status":"closed","ping_status":"closed","sticky":false,"template":"","format":"standard","meta":{"footnotes":""},"categories":[36],"tags":[388],"class_list":["post-599836","post","type-post","status-publish","format-standard","has-post-thumbnail","hentry","category-hombresmujeresycosas","tag-superate"],"_links":{"self":[{"href":"https:\/\/diariodominicano.com\/index.php?rest_route=\/wp\/v2\/posts\/599836","targetHints":{"allow":["GET"]}}],"collection":[{"href":"https:\/\/diariodominicano.com\/index.php?rest_route=\/wp\/v2\/posts"}],"about":[{"href":"https:\/\/diariodominicano.com\/index.php?rest_route=\/wp\/v2\/types\/post"}],"author":[{"embeddable":true,"href":"https:\/\/diariodominicano.com\/index.php?rest_route=\/wp\/v2\/users\/7"}],"replies":[{"embeddable":true,"href":"https:\/\/diariodominicano.com\/index.php?rest_route=%2Fwp%2Fv2%2Fcomments&post=599836"}],"version-history":[{"count":1,"href":"https:\/\/diariodominicano.com\/index.php?rest_route=\/wp\/v2\/posts\/599836\/revisions"}],"predecessor-version":[{"id":599853,"href":"https:\/\/diariodominicano.com\/index.php?rest_route=\/wp\/v2\/posts\/599836\/revisions\/599853"}],"wp:featuredmedia":[{"embeddable":true,"href":"https:\/\/diariodominicano.com\/index.php?rest_route=\/wp\/v2\/media\/599850"}],"wp:attachment":[{"href":"https:\/\/diariodominicano.com\/index.php?rest_route=%2Fwp%2Fv2%2Fmedia&parent=599836"}],"wp:term":[{"taxonomy":"category","embeddable":true,"href":"https:\/\/diariodominicano.com\/index.php?rest_route=%2Fwp%2Fv2%2Fcategories&post=599836"},{"taxonomy":"post_tag","embeddable":true,"href":"https:\/\/diariodominicano.com\/index.php?rest_route=%2Fwp%2Fv2%2Ftags&post=599836"}],"curies":[{"name":"wp","href":"https:\/\/api.w.org\/{rel}","templated":true}]}}