{"id":599713,"date":"2025-02-28T03:23:15","date_gmt":"2025-02-28T07:23:15","guid":{"rendered":"https:\/\/diariodominicano.com\/?p=599713"},"modified":"2025-02-28T03:23:17","modified_gmt":"2025-02-28T07:23:17","slug":"ramfis-dominguez-trujillo-cuestiona-el-discurso-de-abinader-que-dice-el-pueblo-que-sufre","status":"publish","type":"post","link":"https:\/\/diariodominicano.com\/?p=599713","title":{"rendered":"\u00abRamfis Dom\u00ednguez Trujillo cuestiona el discurso de Abinader: \u2018\u00bfQu\u00e9 dice el pueblo que sufre?\u2019\u00bb"},"content":{"rendered":"\n<p>El presidente del&nbsp;<strong>Partido Esperanza Democr\u00e1tica (PED), Ramfis Dom\u00ednguez Trujillo<\/strong>, reaccion\u00f3 de manera inusual al discurso de rendici\u00f3n de cuentas del presidente&nbsp;<strong>Luis Abinader<\/strong>. En lugar de realizar un an\u00e1lisis tradicional, el l\u00edder pol\u00edtico prefiri\u00f3 formular una pregunta clave:&nbsp;<strong>\u00ab\u00bfQu\u00e9 opinan los dominicanos que sufren las consecuencias directas de este gobierno?\u00bb<\/strong><\/p>\n\n\n\n<p>Dom\u00ednguez Trujillo enfatiz\u00f3 que el discurso presidencial es una construcci\u00f3n pol\u00edtica, pero que la verdadera rendici\u00f3n de cuentas se refleja en la vida cotidiana de la gente. A continuaci\u00f3n, sus palabras:<\/p>\n\n\n\n<blockquote class=\"wp-block-quote is-layout-flow wp-block-quote-is-layout-flow\">\n<p><strong>\u00abViendo la rendici\u00f3n de cuentas del presidente Abinader, no pude evitar pensar en el gran esfuerzo creativo que debe haber requerido un discurso con tanta imaginaci\u00f3n. Pero m\u00e1s que dar mi opini\u00f3n, me interesa saber qu\u00e9 piensan aquellos que enfrentan la dura realidad d\u00eda a d\u00eda.\u00bb<\/strong><\/p>\n<\/blockquote>\n\n\n\n<blockquote class=\"wp-block-quote is-layout-flow wp-block-quote-is-layout-flow\">\n<p><strong>\u00ab\u00bfQu\u00e9 opinan las familias que ven encarecerse la canasta b\u00e1sica, con el arroz escaso y a precios alarmantes?\u00bb<\/strong><\/p>\n<\/blockquote>\n\n\n\n<blockquote class=\"wp-block-quote is-layout-flow wp-block-quote-is-layout-flow\">\n<p><strong>\u00ab\u00bfQu\u00e9 sienten las madres dominicanas que no pueden acceder a un hospital para dar a luz porque est\u00e1n colapsados por haitianas que vienen \u00fanicamente a parir?\u00bb<\/strong><\/p>\n<\/blockquote>\n\n\n\n<blockquote class=\"wp-block-quote is-layout-flow wp-block-quote-is-layout-flow\">\n<p><strong>\u00ab\u00bfQu\u00e9 dir\u00e1n los miles de estudiantes dominicanos que quedaron fuera de las aulas porque sus butacas est\u00e1n ocupadas por alumnos haitianos?\u00bb<\/strong><\/p>\n<\/blockquote>\n\n\n\n<blockquote class=\"wp-block-quote is-layout-flow wp-block-quote-is-layout-flow\">\n<p><strong>\u00ab\u00bfQu\u00e9 piensan las familias que han perdido a sus seres queridos a manos de la delincuencia, mientras la inseguridad se apodera del pa\u00eds?\u00bb<\/strong><\/p>\n<\/blockquote>\n\n\n\n<blockquote class=\"wp-block-quote is-layout-flow wp-block-quote-is-layout-flow\">\n<p><strong>\u00ab\u00bfQu\u00e9 opinan los dominicanos que pagan el doble por la electricidad y a\u00fan viven entre apagones?\u00bb<\/strong><\/p>\n<\/blockquote>\n\n\n\n<blockquote class=\"wp-block-quote is-layout-flow wp-block-quote-is-layout-flow\">\n<p><strong>\u00ab\u00bfQu\u00e9 dir\u00e1n los ciudadanos de la frontera, quienes conviven a diario con una migraci\u00f3n descontrolada que les arrebata su tranquilidad?\u00bb<\/strong><\/p>\n<\/blockquote>\n\n\n\n<p>Finalmente, Ramfis Dom\u00ednguez Trujillo concluy\u00f3 con un mensaje directo:<\/p>\n\n\n\n<blockquote class=\"wp-block-quote is-layout-flow wp-block-quote-is-layout-flow\">\n<p><strong>\u00abEl discurso del presidente me importa muy poco. Es solo un ejercicio medi\u00e1tico para quienes a\u00fan le creen. A m\u00ed me preocupa lo que dice el pueblo, que es el verdadero afectado por este desgobierno. Pero claro, eso el presidente no lo menciona&#8230;\u00bb<\/strong><\/p>\n<\/blockquote>\n\n\n\n<p>Con estas declaraciones, el l\u00edder del&nbsp;<strong>Partido Esperanza Democr\u00e1tica<\/strong>&nbsp;dej\u00f3 claro su escepticismo frente al balance presentado por el gobierno y puso en el centro del debate la voz de los dominicanos que viven la realidad del pa\u00eds en carne propia.<\/p>\n","protected":false},"excerpt":{"rendered":"<p>El presidente del&nbsp;Partido Esperanza Democr\u00e1tica (PED), Ramfis Dom\u00ednguez Trujillo, reaccion\u00f3 de manera inusual al discurso de rendici\u00f3n de cuentas del presidente&nbsp;Luis Abinader. En lugar de realizar un an\u00e1lisis tradicional, el l\u00edder pol\u00edtico prefiri\u00f3 formular una pregunta clave:&nbsp;\u00ab\u00bfQu\u00e9 opinan los dominicanos que sufren las consecuencias directas de este gobierno?\u00bb Dom\u00ednguez Trujillo enfatiz\u00f3 que el discurso presidencial [&hellip;]<\/p>\n","protected":false},"author":7,"featured_media":471109,"comment_status":"closed","ping_status":"closed","sticky":false,"template":"","format":"standard","meta":{"footnotes":""},"categories":[36],"tags":[1853],"class_list":["post-599713","post","type-post","status-publish","format-standard","has-post-thumbnail","hentry","category-hombresmujeresycosas","tag-ramfis-dominguez-trujillo"],"_links":{"self":[{"href":"https:\/\/diariodominicano.com\/index.php?rest_route=\/wp\/v2\/posts\/599713","targetHints":{"allow":["GET"]}}],"collection":[{"href":"https:\/\/diariodominicano.com\/index.php?rest_route=\/wp\/v2\/posts"}],"about":[{"href":"https:\/\/diariodominicano.com\/index.php?rest_route=\/wp\/v2\/types\/post"}],"author":[{"embeddable":true,"href":"https:\/\/diariodominicano.com\/index.php?rest_route=\/wp\/v2\/users\/7"}],"replies":[{"embeddable":true,"href":"https:\/\/diariodominicano.com\/index.php?rest_route=%2Fwp%2Fv2%2Fcomments&post=599713"}],"version-history":[{"count":1,"href":"https:\/\/diariodominicano.com\/index.php?rest_route=\/wp\/v2\/posts\/599713\/revisions"}],"predecessor-version":[{"id":599759,"href":"https:\/\/diariodominicano.com\/index.php?rest_route=\/wp\/v2\/posts\/599713\/revisions\/599759"}],"wp:featuredmedia":[{"embeddable":true,"href":"https:\/\/diariodominicano.com\/index.php?rest_route=\/wp\/v2\/media\/471109"}],"wp:attachment":[{"href":"https:\/\/diariodominicano.com\/index.php?rest_route=%2Fwp%2Fv2%2Fmedia&parent=599713"}],"wp:term":[{"taxonomy":"category","embeddable":true,"href":"https:\/\/diariodominicano.com\/index.php?rest_route=%2Fwp%2Fv2%2Fcategories&post=599713"},{"taxonomy":"post_tag","embeddable":true,"href":"https:\/\/diariodominicano.com\/index.php?rest_route=%2Fwp%2Fv2%2Ftags&post=599713"}],"curies":[{"name":"wp","href":"https:\/\/api.w.org\/{rel}","templated":true}]}}