{"id":599570,"date":"2025-02-27T20:39:16","date_gmt":"2025-02-28T00:39:16","guid":{"rendered":"https:\/\/diariodominicano.com\/?p=599570"},"modified":"2025-02-27T23:49:08","modified_gmt":"2025-02-28T03:49:08","slug":"constitucion-regimen-economico-y-pueblo","status":"publish","type":"post","link":"https:\/\/diariodominicano.com\/?p=599570","title":{"rendered":"Constituci\u00f3n, r\u00e9gimen econ\u00f3mico y pueblo"},"content":{"rendered":"\n<p>Por: Ram\u00f3n Antonio Veras <\/p>\n\n\n\n<p>1.- Todo pa\u00eds civilizado est\u00e1 organizado bajo una Carta Magna, la ley fundamental del Estado, que determina su r\u00e9gimen social y estatal, sistema electoral, los principios de organizaci\u00f3n y actividad de los diversos \u00f3rganos de poder, los derechos y obligaciones de los ciudadanos.<\/p>\n\n\n\n<p>2.- Lo que ense\u00f1a la vida pol\u00edtica de los pueblos es que la existencia de los derechos y las libertades no depende de que figuren claramente en la Constituci\u00f3n, sino de que formen parte del accionar de los ciudadanos.<\/p>\n\n\n\n<p>3.- Los derechos absolutos de las ciudadanas y los ciudadanos dominicanos est\u00e1n expuestos de manera n\u00edtida en la Constituci\u00f3n; solo falta su materializaci\u00f3n.<\/p>\n\n\n\n<p>4.- Una cosa es la vigencia de un derecho absoluto o no, en el instrumento constitucional, y otra, el dominio e influencia ejercido por el sistema social predominante.<\/p>\n\n\n\n<p>5.- Al pueblo dominicano llano, al de a pie, al que come a veces, hay que explicarle que sus derechos a vivir dignamente figuran en la Constituci\u00f3n dominicana, pero carecen de vigencia por la forma como est\u00e1 regida la sociedad.<\/p>\n\n\n\n<p>6.- Cada dominicano tiene derecho a los servicios de salud, pero esa facultad se convierte en letra muerta porque el sistema se traga la prerrogativa, y finalmente el titular queda desamparado, aunque la Constituci\u00f3n lo protege.<\/p>\n\n\n\n<p>7.- Lo que la realidad le dice a los pueblos es que no basta con que luchen por conquistar derechos, sino que extiendan su batallar a cambiar el r\u00e9gimen econ\u00f3mico, que es el que determina el funcionamiento bueno o malo de la sociedad.<\/p>\n\n\n\n<p>8.- Derecho a la salud, a una educaci\u00f3n de calidad, a una vivienda digna, al empleo, a la seguridad personal y de bienes; estos y otros derechos constitucionales son inherentes a cada ciudadano y ciudadana.<\/p>\n\n\n\n<p>9.- Pero todo queda en lo que contiene por escrito la Carta Magna, nada materializado en la persona f\u00edsica llamada a ser la beneficiada con la disposici\u00f3n constitucional.<\/p>\n\n\n\n<p>10.- La gente del pueblo merece conocer de la dicotom\u00eda que se produce en nuestro pa\u00eds entre la Constituci\u00f3n y la forma de organizaci\u00f3n social.<\/p>\n\n\n\n<p>11.- Por muy hermosa redacci\u00f3n que tenga la actual Constituci\u00f3n dominicana, ella no llena las leg\u00edtimas aspiraciones de la mayor\u00eda de la poblaci\u00f3n dominicana.<\/p>\n\n\n\n<p>12.- La Constituci\u00f3n dominicana hay que verla como una dualidad, lo que en ella se puede leer, pero no ejecutar.<\/p>\n\n\n\n<p>13.- Analizando de manera objetiva la Constituci\u00f3n que hoy nos rige y su contradicci\u00f3n con la vida material y espiritual del pueblo dominicano, lo que se impone es, en cualquier escenario, bregar por cambiar el r\u00e9gimen econ\u00f3mico presente para ponerlo acorde con las disposiciones constitucionales.<\/p>\n\n\n\n<p>14.- Para nuestro pueblo es un logro que la Constituci\u00f3n funcione acorde con los principios sobre los cuales descansa la organizaci\u00f3n social y econ\u00f3mica.<\/p>\n\n\n\n<p>15.- De cualquier forma que se lea la Constituci\u00f3n que impera aqu\u00ed, ella no deja ver \u201cla anatom\u00eda\u201d, el r\u00e9gimen econ\u00f3mico y social que le sirve de sustentaci\u00f3n, como tampoco el contenido con relaci\u00f3n a la igualdad de posibilidades, que nada tiene que ver con la igualdad ante la ley.<\/p>\n\n\n\n<p>16.- Las grandes mayor\u00edas nacionales deben poner en un primer plano luchar por un ambiente en el cual exista concordancia entre el r\u00e9gimen econ\u00f3mico y la Constituci\u00f3n pol\u00edtica, que uno y otra respondan de manera arm\u00f3nica al sentir popular.<\/p>\n\n\n\n<p>Santiago de los Caballeros,<br>27 de febrero de 2025.<\/p>\n","protected":false},"excerpt":{"rendered":"<p>Por: Ram\u00f3n Antonio Veras 1.- Todo pa\u00eds civilizado est\u00e1 organizado bajo una Carta Magna, la ley fundamental del Estado, que determina su r\u00e9gimen social y estatal, sistema electoral, los principios de organizaci\u00f3n y actividad de los diversos \u00f3rganos de poder, los derechos y obligaciones de los ciudadanos. 2.- Lo que ense\u00f1a la vida pol\u00edtica de [&hellip;]<\/p>\n","protected":false},"author":7,"featured_media":404710,"comment_status":"closed","ping_status":"closed","sticky":true,"template":"","format":"standard","meta":{"footnotes":""},"categories":[19,16],"tags":[426],"class_list":["post-599570","post","type-post","status-publish","format-standard","has-post-thumbnail","hentry","category-mi-voz","category-opiniones","tag-ramon-antonio-veras"],"_links":{"self":[{"href":"https:\/\/diariodominicano.com\/index.php?rest_route=\/wp\/v2\/posts\/599570","targetHints":{"allow":["GET"]}}],"collection":[{"href":"https:\/\/diariodominicano.com\/index.php?rest_route=\/wp\/v2\/posts"}],"about":[{"href":"https:\/\/diariodominicano.com\/index.php?rest_route=\/wp\/v2\/types\/post"}],"author":[{"embeddable":true,"href":"https:\/\/diariodominicano.com\/index.php?rest_route=\/wp\/v2\/users\/7"}],"replies":[{"embeddable":true,"href":"https:\/\/diariodominicano.com\/index.php?rest_route=%2Fwp%2Fv2%2Fcomments&post=599570"}],"version-history":[{"count":1,"href":"https:\/\/diariodominicano.com\/index.php?rest_route=\/wp\/v2\/posts\/599570\/revisions"}],"predecessor-version":[{"id":599618,"href":"https:\/\/diariodominicano.com\/index.php?rest_route=\/wp\/v2\/posts\/599570\/revisions\/599618"}],"wp:featuredmedia":[{"embeddable":true,"href":"https:\/\/diariodominicano.com\/index.php?rest_route=\/wp\/v2\/media\/404710"}],"wp:attachment":[{"href":"https:\/\/diariodominicano.com\/index.php?rest_route=%2Fwp%2Fv2%2Fmedia&parent=599570"}],"wp:term":[{"taxonomy":"category","embeddable":true,"href":"https:\/\/diariodominicano.com\/index.php?rest_route=%2Fwp%2Fv2%2Fcategories&post=599570"},{"taxonomy":"post_tag","embeddable":true,"href":"https:\/\/diariodominicano.com\/index.php?rest_route=%2Fwp%2Fv2%2Ftags&post=599570"}],"curies":[{"name":"wp","href":"https:\/\/api.w.org\/{rel}","templated":true}]}}