{"id":599566,"date":"2025-02-27T17:30:47","date_gmt":"2025-02-27T21:30:47","guid":{"rendered":"https:\/\/diariodominicano.com\/?p=599566"},"modified":"2025-02-27T19:04:43","modified_gmt":"2025-02-27T23:04:43","slug":"la-relatividad-de-la-propaganda-mediatica-como-instrumento-de-manipulacion-politica","status":"publish","type":"post","link":"https:\/\/diariodominicano.com\/?p=599566","title":{"rendered":"La relatividad de la propaganda medi\u00e1tica como instrumento de manipulaci\u00f3n pol\u00edtica"},"content":{"rendered":"\n<p>Por Juan Carlos Espinal. 2\/3.<\/p>\n\n\n\n<p>En los \u00faltimos a\u00f1os, ansiosos grupos econ\u00f3micos y pol\u00edticos financian campa\u00f1as mercadol\u00f3gicas qu\u00e9 desde los medios de comunicaci\u00f3n corporativos vienen impulsando agendas particulares en una guerra de encuestas que pretende mantener el cerco inform\u00e1tico contra la poblaci\u00f3n.<\/p>\n\n\n\n<p><\/p>\n\n\n\n<p>Holdings de empresas buscan instrumentalizar las narrativas informativas para expandir la desestabilizaci\u00f3n pol\u00edtica violentando las disposiciones emanadas por la Junta Central Electoral.<\/p>\n\n\n\n<p>La guerra de contra informaci\u00f3n que impulsa el Bipartidismo adquiere importancia porque Internet como herramienta de distribuci\u00f3n de contenidos imprime un sello de novedad.<\/p>\n\n\n\n<figure class=\"wp-block-image\"><img decoding=\"async\" src=\"https:\/\/diariodominicano.com\/wp-content\/uploads\/2025\/02\/La-relatividad-de-la-propaganda-mediatica-como-instrumento-de-manipulacion-politica-834x1024.jpeg\" alt=\"\"\/><\/figure>\n\n\n\n<p>Proscritos los derechos fundamentales en los partidos pol\u00edticos de la democracia representativa 1966-2024, la democracia directa se ha sustituido por el concepto abstracto de competencia de los dominios del algoritmo.<\/p>\n\n\n\n<p>En ese sentido, la estrategia de desinformaci\u00f3n masiva busca difuminar los conflictos internos desviando la atenci\u00f3n del fen\u00f3meno del ausentismo pol\u00edtico, la falta de garant\u00edas constitucionales en el objetivo de evadir el crecimiento exponencial de la insatisfacci\u00f3n ciudadana.<\/p>\n\n\n\n<p>Desde los grupos econ\u00f3micos en conflicto con la Constituci\u00f3n se pretende reconfigurar el concepto del Bipartidismo como arma de control social.<\/p>\n\n\n\n<p>La metodolog\u00eda seguida por estos grupos econ\u00f3micos y pol\u00edticos ha sido profundizar la estrategia de la desinformaci\u00f3n montando una guerra psicol\u00f3gica tratando de presentar todos los contenidos period\u00edsticos como irrefutables incorporando al ejercicio la manipulaci\u00f3n de la realidad social, pol\u00edtica y econ\u00f3mica.<\/p>\n\n\n\n<p>En los resultados de esas encuestas publicadas se exponen los mecanismos fraudulentos que est\u00e1n implicados en la desinformaci\u00f3n.<\/p>\n\n\n\n<p>Algunos de los empleados de esos grupos econ\u00f3micos fomentan la polarizaci\u00f3n ideol\u00f3gica a partir de respuestas preventivas de agencias espec\u00edficas que intentan contrarrestar a los desafectos.<\/p>\n\n\n\n<p>El uso intensivo de los algoritmos, la manipulaci\u00f3n de sitios web de usuarios con contenidos dise\u00f1ados por el subversor, la diseminaci\u00f3n masiva de noticias falsas y narrativas propagandisticas usando programas de ordenadores (bots) o equipos de redes sociales, manejados por dirigentes pol\u00edticos se desarrollan como usuarios (trols) generando un conjunto multiplicador de fuerza que no solo se consigue con la militancia org\u00e1nica.<\/p>\n\n\n\n<p>Este proceso de desinformaci\u00f3n se ha establecido como mecanismo de guerra inform\u00e1tica.<\/p>\n\n\n\n<p>En la actualidad, la inversi\u00f3n millonaria qu\u00e9 se realiza en la digitalizaci\u00f3n del padr\u00f3n electoral de los partidos pol\u00edticos de la democracia representativa 1966-2024 es un fen\u00f3meno inherente de la guerra pol\u00edtica que se presenta de una forma as\u00e9ptica, esterilizada, deshumanizada y cibern\u00e9tica.<\/p>\n\n\n\n<p>Tras el resultado final de las elecciones congresionales, municipales y presidenciales del a\u00f1o 2024, la divisi\u00f3n politica a lo interno de los partidos, la descomposicio\u0301n del sistema presidencialista y las amplias fisuras de segmentos de la sociedad plantearon la necesidad del inicio del proselitismo electoral como forma de resolucio\u0301n de conflictos sociales que persisten.<\/p>\n\n\n\n<p>Uno de los factores que posiblemente ma\u0301s hayan influido en la desilusi\u00f3n de los electores ha sido el mal uso propagandistico de las nuevas tecnologi\u0301as de la informacio\u0301n y la comunicacio\u0301n (TIC).<\/p>\n\n\n\n<p>Las redes sociales han hecho posible edificar bloques enteros de militantes de WhatsApp fanatizados que circulan las infinitas relaciones sociales poli\u0301ticas y econo\u0301micas que conforman un sistema de difusi\u00f3n de informaci\u00f3n en el que sus miembros son profunda y peligrosamente dependientes de la pos verdad.<\/p>\n\n\n\n<p>Sin embargo, el sistema de divulgaci\u00f3n es asime\u0301trico, puesto que en esa relacio\u0301n de interdependencia\u2026<\/p>\n","protected":false},"excerpt":{"rendered":"<p>Por Juan Carlos Espinal. 2\/3. En los \u00faltimos a\u00f1os, ansiosos grupos econ\u00f3micos y pol\u00edticos financian campa\u00f1as mercadol\u00f3gicas qu\u00e9 desde los medios de comunicaci\u00f3n corporativos vienen impulsando agendas particulares en una guerra de encuestas que pretende mantener el cerco inform\u00e1tico contra la poblaci\u00f3n. Holdings de empresas buscan instrumentalizar las narrativas informativas para expandir la desestabilizaci\u00f3n pol\u00edtica [&hellip;]<\/p>\n","protected":false},"author":7,"featured_media":521400,"comment_status":"closed","ping_status":"closed","sticky":true,"template":"","format":"standard","meta":{"footnotes":""},"categories":[19,16],"tags":[366],"class_list":["post-599566","post","type-post","status-publish","format-standard","has-post-thumbnail","hentry","category-mi-voz","category-opiniones","tag-juan-carlos-espinal"],"_links":{"self":[{"href":"https:\/\/diariodominicano.com\/index.php?rest_route=\/wp\/v2\/posts\/599566","targetHints":{"allow":["GET"]}}],"collection":[{"href":"https:\/\/diariodominicano.com\/index.php?rest_route=\/wp\/v2\/posts"}],"about":[{"href":"https:\/\/diariodominicano.com\/index.php?rest_route=\/wp\/v2\/types\/post"}],"author":[{"embeddable":true,"href":"https:\/\/diariodominicano.com\/index.php?rest_route=\/wp\/v2\/users\/7"}],"replies":[{"embeddable":true,"href":"https:\/\/diariodominicano.com\/index.php?rest_route=%2Fwp%2Fv2%2Fcomments&post=599566"}],"version-history":[{"count":3,"href":"https:\/\/diariodominicano.com\/index.php?rest_route=\/wp\/v2\/posts\/599566\/revisions"}],"predecessor-version":[{"id":599594,"href":"https:\/\/diariodominicano.com\/index.php?rest_route=\/wp\/v2\/posts\/599566\/revisions\/599594"}],"wp:featuredmedia":[{"embeddable":true,"href":"https:\/\/diariodominicano.com\/index.php?rest_route=\/wp\/v2\/media\/521400"}],"wp:attachment":[{"href":"https:\/\/diariodominicano.com\/index.php?rest_route=%2Fwp%2Fv2%2Fmedia&parent=599566"}],"wp:term":[{"taxonomy":"category","embeddable":true,"href":"https:\/\/diariodominicano.com\/index.php?rest_route=%2Fwp%2Fv2%2Fcategories&post=599566"},{"taxonomy":"post_tag","embeddable":true,"href":"https:\/\/diariodominicano.com\/index.php?rest_route=%2Fwp%2Fv2%2Ftags&post=599566"}],"curies":[{"name":"wp","href":"https:\/\/api.w.org\/{rel}","templated":true}]}}