{"id":599363,"date":"2025-02-26T22:31:56","date_gmt":"2025-02-27T02:31:56","guid":{"rendered":"https:\/\/diariodominicano.com\/?p=599363"},"modified":"2025-02-27T00:39:58","modified_gmt":"2025-02-27T04:39:58","slug":"jce-se-reune-con-organizaciones-politicas-para-tratar-sobre-la-regulacion-de-candidaturas-independientes","status":"publish","type":"post","link":"https:\/\/diariodominicano.com\/?p=599363","title":{"rendered":"Junta Central Electoral  se re\u00fane con organizaciones pol\u00edticas para tratar sobre la regulaci\u00f3n de candidaturas independientes"},"content":{"rendered":"\n<p>Tambi\u00e9n escucha posiciones de ciudadanos <\/p>\n\n\n\n<p>Santo Domingo, RD\u2013 La Junta Central Electoral (JCE), a trav\u00e9s de la comisi\u00f3n que coordina el presidente del \u00f3rgano electoral, Rom\u00e1n Andr\u00e9s J\u00e1quez Liranzo, sostuvo una reuni\u00f3n este mi\u00e9rcoles con los delegados de las organizaciones pol\u00edticas reconocidas ante la instituci\u00f3n para tratar temas referentes a la regulaci\u00f3n de las candidaturas independientes.<\/p>\n\n\n\n<p>Por la comisi\u00f3n designada por la JCE para elaborar un proyecto de ley para regular las candidaturas independientes, a partir de la sentencia del TC 0788\/24, participaron las miembros titulares Dolores Fern\u00e1ndez e Hirayda Fern\u00e1ndez Guzm\u00e1n; as\u00ed como Denny D\u00edaz Mord\u00e1n, consultor jur\u00eddico y secretario de la comisi\u00f3n; y los directores Mario N\u00fa\u00f1ez, de Elecciones; Ram\u00f3n Hilario Espi\u00f1eira, de Control Financiero de Partidos; y Johnny Rivera, de Inform\u00e1tica.<\/p>\n\n\n\n<p>En este encuentro se enfatiz\u00f3 la importancia de contar con un marco regulatorio claro que facilite el acceso a las candidaturas independientes.<\/p>\n\n\n\n<p>El presidente de la JCE y coordinador de la Comisi\u00f3n para elaborar un proyecto de ley que regule las candidaturas independientes, J\u00e1quez Liranzo, cerr\u00f3 el encuentro enfatizando que tras esta jornada se proceder\u00e1 a seguir con el cronograma de trabajo establecido.<\/p>\n\n\n\n<p>Despu\u00e9s de la reuni\u00f3n de trabajo, la comisi\u00f3n se dispondr\u00e1 al estudio de las opiniones que las organizaciones pol\u00edticas y los ciudadanos remitieron, para entonces enviar al Pleno la propuesta de anteproyecto de ley para regular las candidaturas independientes, a fin de su aprobaci\u00f3n definitiva antes de ser remitido al Congreso Nacional.<\/p>\n\n\n\n<p>Delegados de partidos que agotaron un turno<\/p>\n\n\n\n<p>Durante la reuni\u00f3n agotaron un turno los delegados del Partido Revolucionario Moderno (PRM), Fuerza del Pueblo (FP), Partido de la Liberaci\u00f3n Dominicana (PLD), Partido Revolucionario Dominicano (PRD), Partido Reformista Social Cristiano (PRSC), Partido Esperanza Democr\u00e1tica (PED), Partido de Unidad Nacional (PUN), Pa\u00eds Posible, Partido Revolucionario Social Dem\u00f3crata (PRSD), Opci\u00f3n Democr\u00e1tica (OD), Partido Humanista Dominicano (PHD), Primero la Gente (PPG), Partido Quisqueyano Dem\u00f3crata Cristiano (PQDC), Frente Amplio (FMAP), Partido Dem\u00f3crata Popular (PDP), Partido Uni\u00f3n Dem\u00f3crata Cristiano (PUDC), Partido Socialista Cristiano (PSC), Partido Verde Dominicano (PASOVE), Partido Dem\u00f3crata Institucional (PDI), Fuerza Nacional Progresista (FNP) y el Partido Camino Nuevo (PCN),<\/p>\n\n\n\n<p>Tambi\u00e9n agotaron un turno los ciudadanos que solicitaron ser parte de las discusiones y fueron invitados por la comisi\u00f3n, Miguel Valoy, Jos\u00e9 Antonio Cabral Salcedo y Yadira Marte.<\/p>\n\n\n\n<p>Direcci\u00f3n de Comunicaciones<\/p>\n\n\n\n<p><strong>Comunicaciones JCE<\/strong>\u00a0&lt;Comunicaciones@jce.do>\u2002<\/p>\n","protected":false},"excerpt":{"rendered":"<p>Tambi\u00e9n escucha posiciones de ciudadanos Santo Domingo, RD\u2013 La Junta Central Electoral (JCE), a trav\u00e9s de la comisi\u00f3n que coordina el presidente del \u00f3rgano electoral, Rom\u00e1n Andr\u00e9s J\u00e1quez Liranzo, sostuvo una reuni\u00f3n este mi\u00e9rcoles con los delegados de las organizaciones pol\u00edticas reconocidas ante la instituci\u00f3n para tratar temas referentes a la regulaci\u00f3n de las candidaturas [&hellip;]<\/p>\n","protected":false},"author":7,"featured_media":599387,"comment_status":"closed","ping_status":"closed","sticky":true,"template":"","format":"standard","meta":{"footnotes":""},"categories":[22,27],"tags":[522],"class_list":["post-599363","post","type-post","status-publish","format-standard","has-post-thumbnail","hentry","category-politica","category-portada","tag-jce"],"_links":{"self":[{"href":"https:\/\/diariodominicano.com\/index.php?rest_route=\/wp\/v2\/posts\/599363","targetHints":{"allow":["GET"]}}],"collection":[{"href":"https:\/\/diariodominicano.com\/index.php?rest_route=\/wp\/v2\/posts"}],"about":[{"href":"https:\/\/diariodominicano.com\/index.php?rest_route=\/wp\/v2\/types\/post"}],"author":[{"embeddable":true,"href":"https:\/\/diariodominicano.com\/index.php?rest_route=\/wp\/v2\/users\/7"}],"replies":[{"embeddable":true,"href":"https:\/\/diariodominicano.com\/index.php?rest_route=%2Fwp%2Fv2%2Fcomments&post=599363"}],"version-history":[{"count":4,"href":"https:\/\/diariodominicano.com\/index.php?rest_route=\/wp\/v2\/posts\/599363\/revisions"}],"predecessor-version":[{"id":599398,"href":"https:\/\/diariodominicano.com\/index.php?rest_route=\/wp\/v2\/posts\/599363\/revisions\/599398"}],"wp:featuredmedia":[{"embeddable":true,"href":"https:\/\/diariodominicano.com\/index.php?rest_route=\/wp\/v2\/media\/599387"}],"wp:attachment":[{"href":"https:\/\/diariodominicano.com\/index.php?rest_route=%2Fwp%2Fv2%2Fmedia&parent=599363"}],"wp:term":[{"taxonomy":"category","embeddable":true,"href":"https:\/\/diariodominicano.com\/index.php?rest_route=%2Fwp%2Fv2%2Fcategories&post=599363"},{"taxonomy":"post_tag","embeddable":true,"href":"https:\/\/diariodominicano.com\/index.php?rest_route=%2Fwp%2Fv2%2Ftags&post=599363"}],"curies":[{"name":"wp","href":"https:\/\/api.w.org\/{rel}","templated":true}]}}