{"id":598957,"date":"2025-02-25T03:06:38","date_gmt":"2025-02-25T07:06:38","guid":{"rendered":"https:\/\/diariodominicano.com\/?p=598957"},"modified":"2025-02-25T03:08:33","modified_gmt":"2025-02-25T07:08:33","slug":"el-consejo-nacional-de-la-magistratura-juramenta-a-yeni-berenice-reynoso-nueva-procuradora-general-de-la-republica-dominicana","status":"publish","type":"post","link":"https:\/\/diariodominicano.com\/?p=598957","title":{"rendered":"El Consejo Nacional de la Magistratura juramenta a Yeni Berenice Reynoso  nueva procuradora general de la Rep\u00fablica Dominicana"},"content":{"rendered":"\n<p>24 de Febrero 2025 | 16:49<\/p>\n\n\n\n<figure class=\"wp-block-image\"><img decoding=\"async\" src=\"https:\/\/platform-cdn.sharethis.com\/img\/facebook.svg\" alt=\"facebook sharing button\"\/><\/figure>\n\n\n\n<figure class=\"wp-block-image\"><img decoding=\"async\" src=\"https:\/\/platform-cdn.sharethis.com\/img\/twitter.svg\" alt=\"twitter sharing button\"\/><\/figure>\n\n\n\n<figure class=\"wp-block-image\"><img decoding=\"async\" src=\"https:\/\/platform-cdn.sharethis.com\/img\/sharethis.svg\" alt=\"sharethis sharing button\"\/><\/figure>\n\n\n\n<p>Santo Domingo. &#8211;<strong>El Consejo Nacional de la Magistratura<\/strong>&nbsp;(CNM) jurament\u00f3 este lunes a la&nbsp;<strong>magistrada Yeni Berenice Reynoso&nbsp;<\/strong>como la nueva&nbsp;<strong>procuradora general de la Rep\u00fablica,<\/strong>&nbsp;en el Sal\u00f3n de Embajadores del&nbsp;<strong>Palacio Nacional<\/strong>.&nbsp;<\/p>\n\n\n\n<p>Tras tomar el juramento por parte del&nbsp;<strong>presidente de la Rep\u00fablica, Luis Abinader<\/strong>, Yeni Berenice Reynoso, levant\u00f3 su mano derecha y se comprometi\u00f3 a&nbsp;<strong>cumplir con su vida honradamente<\/strong>&nbsp;las funciones que tiene como&nbsp;<strong>nueva procuradora.<\/strong><\/p>\n\n\n\n<p>Al finalizar el acto de juramentaci\u00f3n, la magistrada&nbsp;<strong>Nancy Salcedo<\/strong>&nbsp;anunci\u00f3 que en la quinta sesi\u00f3n ordinaria celebrada este lunes, el&nbsp;<strong>CNM<\/strong>&nbsp;escogi\u00f3 a los&nbsp;<strong>siete procuradores adjuntos&nbsp;<\/strong>propuestos por el presidente de la Rep\u00fablica, Luis Abinader.&nbsp;<\/p>\n\n\n\n<figure class=\"wp-block-image\"><img decoding=\"async\" src=\"https:\/\/presidencia.gob.do\/sites\/default\/files\/inline-images\/WhatsApp%20Image%202025-02-24%20at%204.29.53%20PM.jpeg\" alt=\"\"\/><\/figure>\n\n\n\n<p>La magistrada Salcedo hizo la aclaraci\u00f3n de que todos los propuestos por el presidente Abinader fueron&nbsp;<strong>aceptados por el CNM<\/strong>&nbsp;y que el abogado&nbsp;<strong>Felipe Herrera&nbsp;<\/strong>declin\u00f3 a la propuesta, y en su lugar, el mandatario propuso a la fiscal titular de la provincia de San Crist\u00f3bal,&nbsp;<strong>Fadulia Bethania Rosa Rubio<\/strong>.&nbsp;<\/p>\n\n\n\n<p>Los dem\u00e1s procuradores adjuntos son Fiordaliza Alduey Mercedes, Emilio Rodr\u00edguez Montilla, Isis de la Cruz Duarte, Mar\u00eda del Carmen de Le\u00f3n, Osvaldo Antonio Bonilla e Iv\u00e1n F\u00e9liz.<\/p>\n\n\n\n<p>Asimismo, la magistrada Salcedo se\u00f1al\u00f3 que los nuevos siete procuradores adjuntos&nbsp;<strong>ser\u00e1n juramentados<\/strong>&nbsp;el pr\u00f3ximo mi\u00e9rcoles&nbsp;<strong>26 de febrero,<\/strong>&nbsp;a las 10:00 de la ma\u00f1ana, en el Sal\u00f3n de Embajadores del Palacio Nacional.<\/p>\n\n\n\n<p>El CNM est\u00e1 compuesto por ocho miembros:\u00a0<strong>el presidente de la Rep\u00fablica, Luis Abinader<\/strong>, quien lo preside; el presidente de la Suprema Corte de Justicia,\u00a0<strong>Luis Henry Molina<\/strong>; el presidente del Tribunal Constitucional,\u00a0<strong>Napole\u00f3n Est\u00e9vez Lavandier<\/strong>; el presidente del Senado,\u00a0<strong>Ricardo de los Santos<\/strong>; el presidente de la C\u00e1mara de Diputados,\u00a0<strong>Alfredo Pacheco<\/strong>; el senador\u00a0<strong>Omar Fern\u00e1ndez<\/strong>; el diputado\u00a0<strong>Tob\u00edas Crespo,<\/strong>\u00a0y la jueza de la Suprema Corte de Justicia, magistrada\u00a0<strong>Nancy Salcedo Fern\u00e1ndez<\/strong>, quien funge como secretaria.<\/p>\n\n\n\n<p>#Geni Berenice Reynoso\u2003#Consejo Nacional de la Magistratura\u2003\u2003#Abinader <\/p>\n","protected":false},"excerpt":{"rendered":"<p>24 de Febrero 2025 | 16:49 Santo Domingo. &#8211;El Consejo Nacional de la Magistratura&nbsp;(CNM) jurament\u00f3 este lunes a la&nbsp;magistrada Yeni Berenice Reynoso&nbsp;como la nueva&nbsp;procuradora general de la Rep\u00fablica,&nbsp;en el Sal\u00f3n de Embajadores del&nbsp;Palacio Nacional.&nbsp; Tras tomar el juramento por parte del&nbsp;presidente de la Rep\u00fablica, Luis Abinader, Yeni Berenice Reynoso, levant\u00f3 su mano derecha y se [&hellip;]<\/p>\n","protected":false},"author":28,"featured_media":598958,"comment_status":"closed","ping_status":"closed","sticky":true,"template":"","format":"standard","meta":{"footnotes":""},"categories":[36,24,27],"tags":[],"class_list":["post-598957","post","type-post","status-publish","format-standard","has-post-thumbnail","hentry","category-hombresmujeresycosas","category-justicia-y-derecho","category-portada"],"_links":{"self":[{"href":"https:\/\/diariodominicano.com\/index.php?rest_route=\/wp\/v2\/posts\/598957","targetHints":{"allow":["GET"]}}],"collection":[{"href":"https:\/\/diariodominicano.com\/index.php?rest_route=\/wp\/v2\/posts"}],"about":[{"href":"https:\/\/diariodominicano.com\/index.php?rest_route=\/wp\/v2\/types\/post"}],"author":[{"embeddable":true,"href":"https:\/\/diariodominicano.com\/index.php?rest_route=\/wp\/v2\/users\/28"}],"replies":[{"embeddable":true,"href":"https:\/\/diariodominicano.com\/index.php?rest_route=%2Fwp%2Fv2%2Fcomments&post=598957"}],"version-history":[{"count":2,"href":"https:\/\/diariodominicano.com\/index.php?rest_route=\/wp\/v2\/posts\/598957\/revisions"}],"predecessor-version":[{"id":598961,"href":"https:\/\/diariodominicano.com\/index.php?rest_route=\/wp\/v2\/posts\/598957\/revisions\/598961"}],"wp:featuredmedia":[{"embeddable":true,"href":"https:\/\/diariodominicano.com\/index.php?rest_route=\/wp\/v2\/media\/598958"}],"wp:attachment":[{"href":"https:\/\/diariodominicano.com\/index.php?rest_route=%2Fwp%2Fv2%2Fmedia&parent=598957"}],"wp:term":[{"taxonomy":"category","embeddable":true,"href":"https:\/\/diariodominicano.com\/index.php?rest_route=%2Fwp%2Fv2%2Fcategories&post=598957"},{"taxonomy":"post_tag","embeddable":true,"href":"https:\/\/diariodominicano.com\/index.php?rest_route=%2Fwp%2Fv2%2Ftags&post=598957"}],"curies":[{"name":"wp","href":"https:\/\/api.w.org\/{rel}","templated":true}]}}