{"id":598825,"date":"2025-02-25T02:20:59","date_gmt":"2025-02-25T06:20:59","guid":{"rendered":"https:\/\/diariodominicano.com\/?p=598825"},"modified":"2025-02-25T02:21:02","modified_gmt":"2025-02-25T06:21:02","slug":"la-jce-y-el-centro-de-atencion-integral-para-la-discapacidad-coordinan-acuerdo-interinstitucional","status":"publish","type":"post","link":"https:\/\/diariodominicano.com\/?p=598825","title":{"rendered":"La JCE y el Centro de Atenci\u00f3n Integral para la Discapacidad coordinan acuerdo interinstitucional"},"content":{"rendered":"\n<p>Santo Domingo. \u2013 La miembro titular del Pleno de la Junta Central Electoral, Dolores Altagracia Fern\u00e1ndez S\u00e1nchez, se reuni\u00f3 con la directiva del Centro de Atenci\u00f3n Integral a la Discapacidad (CAIDRDO), con el fin de conocer en detalle los servicios que ofrece el centro y tratar temas relacionados con la colaboraci\u00f3n interinstitucional y el futuro acuerdo entre ambas entidades.<\/p>\n\n\n\n<figure class=\"wp-block-image\"><img decoding=\"async\" src=\"https:\/\/diariodominicano.com\/wp-content\/uploads\/2025\/02\/La-JCE-y-el-Centro-de-Atencion-Integral-la-Discapacidad-coordinan-acuerdo-interinstitucional-1024x683.jpeg\" alt=\"\"\/><\/figure>\n\n\n\n<p>En el encuentro se discutieron estrategias para mejorar el acceso a documentos de identidad de ni\u00f1os y ni\u00f1as con discapacidad y promover programas de inclusi\u00f3n y acompa\u00f1amiento a la empleoman\u00eda de la JCE que tengan hijos e hijas con discapacidad.<\/p>\n\n\n\n<p>Dentro de los convenios realizados se acord\u00f3 capacitar al personal de la JCE en temas de inclusi\u00f3n, as\u00ed como desarrollar un enlace directo para corroborar las informaciones proporcionadas por los padres y madres que acceden al CAID.<\/p>\n\n\n\n<p>Adem\u00e1s de la miembro titular Dolores Fern\u00e1ndez S\u00e1nchez, estuvieron presentes por parte de la JCE la subdirectora de la comisi\u00f3n de G\u00e9nero, Laura Hern\u00e1ndez; la secretaria ejecutiva de la mesa de inclusi\u00f3n Yolanda Ortiz; Indiana Garc\u00eda, encargada de Relaciones Laborales y Wendy Suazo, encargada de la Unidad de Registro de Nacimiento dentro de Plazo.<\/p>\n\n\n\n<figure class=\"wp-block-image\"><img decoding=\"async\" src=\"https:\/\/diariodominicano.com\/wp-content\/uploads\/2025\/02\/La-JCE-y-el-Centro-de-Atencion-Integral-para-la-Discapacidad-coordinan-acuerdo-interinstitucional-1024x683.jpeg\" alt=\"\"\/><\/figure>\n\n\n\n<p>Tambi\u00e9n participaron en esta reuni\u00f3n, por parte del CAID, la encargada Cooperaci\u00f3n Interinstitucional, Priscila Socorro; el encargado Departamento Tecnolog\u00eda, Radhy Diaz Pe\u00f1a; y el encargado Departamento Jur\u00eddico, Luis Daniel Sosa.<\/p>\n\n\n\n<p>Posterior a la reuni\u00f3n, la delegaci\u00f3n de la JCE realiz\u00f3 un recorrido por las instalaciones del CAID.<\/p>\n\n\n\n<p>Direcci\u00f3n de Comunicaciones<\/p>\n\n\n\n<p>Comunicaciones JCE <a href=\"mailto:Comunicaciones@jce.do\">Comunicaciones@jce.do<\/a><\/p>\n","protected":false},"excerpt":{"rendered":"<p>Santo Domingo. \u2013 La miembro titular del Pleno de la Junta Central Electoral, Dolores Altagracia Fern\u00e1ndez S\u00e1nchez, se reuni\u00f3 con la directiva del Centro de Atenci\u00f3n Integral a la Discapacidad (CAIDRDO), con el fin de conocer en detalle los servicios que ofrece el centro y tratar temas relacionados con la colaboraci\u00f3n interinstitucional y el futuro [&hellip;]<\/p>\n","protected":false},"author":7,"featured_media":598901,"comment_status":"closed","ping_status":"closed","sticky":false,"template":"","format":"standard","meta":{"footnotes":""},"categories":[20],"tags":[522],"class_list":["post-598825","post","type-post","status-publish","format-standard","has-post-thumbnail","hentry","category-dominicana-hoy","tag-jce"],"_links":{"self":[{"href":"https:\/\/diariodominicano.com\/index.php?rest_route=\/wp\/v2\/posts\/598825","targetHints":{"allow":["GET"]}}],"collection":[{"href":"https:\/\/diariodominicano.com\/index.php?rest_route=\/wp\/v2\/posts"}],"about":[{"href":"https:\/\/diariodominicano.com\/index.php?rest_route=\/wp\/v2\/types\/post"}],"author":[{"embeddable":true,"href":"https:\/\/diariodominicano.com\/index.php?rest_route=\/wp\/v2\/users\/7"}],"replies":[{"embeddable":true,"href":"https:\/\/diariodominicano.com\/index.php?rest_route=%2Fwp%2Fv2%2Fcomments&post=598825"}],"version-history":[{"count":2,"href":"https:\/\/diariodominicano.com\/index.php?rest_route=\/wp\/v2\/posts\/598825\/revisions"}],"predecessor-version":[{"id":598909,"href":"https:\/\/diariodominicano.com\/index.php?rest_route=\/wp\/v2\/posts\/598825\/revisions\/598909"}],"wp:featuredmedia":[{"embeddable":true,"href":"https:\/\/diariodominicano.com\/index.php?rest_route=\/wp\/v2\/media\/598901"}],"wp:attachment":[{"href":"https:\/\/diariodominicano.com\/index.php?rest_route=%2Fwp%2Fv2%2Fmedia&parent=598825"}],"wp:term":[{"taxonomy":"category","embeddable":true,"href":"https:\/\/diariodominicano.com\/index.php?rest_route=%2Fwp%2Fv2%2Fcategories&post=598825"},{"taxonomy":"post_tag","embeddable":true,"href":"https:\/\/diariodominicano.com\/index.php?rest_route=%2Fwp%2Fv2%2Ftags&post=598825"}],"curies":[{"name":"wp","href":"https:\/\/api.w.org\/{rel}","templated":true}]}}